{"id":143713,"date":"2025-11-08T02:07:26","date_gmt":"2025-11-08T02:07:26","guid":{"rendered":"https:\/\/www.europesays.com\/pt\/143713\/"},"modified":"2025-11-08T02:07:26","modified_gmt":"2025-11-08T02:07:26","slug":"ouvi-radios-do-mundo-todo-com-o-radio-garden-e-foi-isso-que-eu-achei","status":"publish","type":"post","link":"https:\/\/www.europesays.com\/pt\/143713\/","title":{"rendered":"Ouvi r\u00e1dios do mundo todo com o Radio Garden \u2014 e foi isso que eu achei"},"content":{"rendered":"\n<p class=\" content-text__container \" data-track-category=\"Link no Texto\" data-track-links=\"\"> Foi uma \u00f3tima experi\u00eancia, mas adianto que n\u00e3o \u00e9 para quem j\u00e1 tem algo em mente para escutar. Eu achei o Radio Garden uma experi\u00eancia muito interessante, mas j\u00e1 deixo um aviso: n\u00e3o recomendo acessar se voc\u00ea tiver algo importante para fazer. O mundo \u00e9 grande e \u00e9 f\u00e1cil se perder por horas explorando as esta\u00e7\u00f5es de r\u00e1dio espalhadas pelo globo. A plataforma n\u00e3o substitui os servi\u00e7os de streaming, j\u00e1 que n\u00e3o permite criar playlists, salvar m\u00fasicas ou ouvir faixas sob demanda. Em vez de usar algoritmos para recomendar conte\u00fados, ela prop\u00f5e algo diferente: convida o usu\u00e1rio a viajar pelo globo e sintonizar esta\u00e7\u00f5es locais, descobrindo m\u00fasicas fora da bolha dos pr\u00f3prios gostos. Isso tamb\u00e9m possibilita o contato com express\u00f5es e sotaques de outros idiomas. Al\u00e9m disso, para muitos, assim como para mim, o r\u00e1dio tem um valor afetivo ligado a lembran\u00e7as da inf\u00e2ncia. Segundo os dados do Inside Audio 2025, 54% dos ouvintes associam o r\u00e1dio \u00e0 emo\u00e7\u00e3o e 29% ao companheirismo. Por isso, foi reconfortante redescobrir esse h\u00e1bito de uma forma t\u00e3o moderna. <\/p>\n","protected":false},"excerpt":{"rendered":"Foi uma \u00f3tima experi\u00eancia, mas adianto que n\u00e3o \u00e9 para quem j\u00e1 tem algo em mente para escutar.&hellip;\n","protected":false},"author":2,"featured_media":143714,"comment_status":"","ping_status":"","sticky":false,"template":"","format":"standard","meta":{"footnotes":""},"categories":[141],"tags":[2851,31662,31664,31665,114,115,31667,31661,248,31663,31666,149,150,32,33,31660,548,940,3004],"class_list":{"0":"post-143713","1":"post","2":"type-post","3":"status-publish","4":"format-standard","5":"has-post-thumbnail","7":"category-musica","8":"tag-android","9":"tag-apple-store","10":"tag-do-google","11":"tag-e-sobre-aparelhos-como-samsung","12":"tag-entertainment","13":"tag-entretenimento","14":"tag-google-earth","15":"tag-google-play-store","16":"tag-ios","17":"tag-leia-as-ultimas-noticias-e-dicas-sobre-o-sistema-operacional-android","18":"tag-motorola-e-lg-que-utilizam-android","19":"tag-music","20":"tag-musica","21":"tag-portugal","22":"tag-pt","23":"tag-radio-garden","24":"tag-redes-sociais","25":"tag-streaming","26":"tag-youtube"},"share_on_mastodon":{"url":"https:\/\/pubeurope.com\/@pt\/115511639595553944","error":""},"_links":{"self":[{"href":"https:\/\/www.europesays.com\/pt\/wp-json\/wp\/v2\/posts\/143713","targetHints":{"allow":["GET"]}}],"collection":[{"href":"https:\/\/www.europesays.com\/pt\/wp-json\/wp\/v2\/posts"}],"about":[{"href":"https:\/\/www.europesays.com\/pt\/wp-json\/wp\/v2\/types\/post"}],"author":[{"embeddable":true,"href":"https:\/\/www.europesays.com\/pt\/wp-json\/wp\/v2\/users\/2"}],"replies":[{"embeddable":true,"href":"https:\/\/www.europesays.com\/pt\/wp-json\/wp\/v2\/comments?post=143713"}],"version-history":[{"count":0,"href":"https:\/\/www.europesays.com\/pt\/wp-json\/wp\/v2\/posts\/143713\/revisions"}],"wp:featuredmedia":[{"embeddable":true,"href":"https:\/\/www.europesays.com\/pt\/wp-json\/wp\/v2\/media\/143714"}],"wp:attachment":[{"href":"https:\/\/www.europesays.com\/pt\/wp-json\/wp\/v2\/media?parent=143713"}],"wp:term":[{"taxonomy":"category","embeddable":true,"href":"https:\/\/www.europesays.com\/pt\/wp-json\/wp\/v2\/categories?post=143713"},{"taxonomy":"post_tag","embeddable":true,"href":"https:\/\/www.europesays.com\/pt\/wp-json\/wp\/v2\/tags?post=143713"}],"curies":[{"name":"wp","href":"https:\/\/api.w.org\/{rel}","templated":true}]}}