{"id":143721,"date":"2025-11-08T02:15:08","date_gmt":"2025-11-08T02:15:08","guid":{"rendered":"https:\/\/www.europesays.com\/pt\/143721\/"},"modified":"2025-11-08T02:15:08","modified_gmt":"2025-11-08T02:15:08","slug":"ex-vereador-do-psd-na-camara-de-paredes-anuncia-candidatura-a-belem-como-grito-de-alerta-pela-regionalizacao","status":"publish","type":"post","link":"https:\/\/www.europesays.com\/pt\/143721\/","title":{"rendered":"Ex-vereador do PSD na C\u00e2mara de Paredes anuncia candidatura a Bel\u00e9m como grito de alerta pela regionaliza\u00e7\u00e3o"},"content":{"rendered":"<p>O ex-vereador do PSD na C\u00e2mara de Paredes Ricardo Sousa, de 52 anos, anunciou esta sexta-feira, 7 de novembro, a sua candidatura \u00e0 Presid\u00eancia da Rep\u00fablica como um \u201cgrito de alerta\u201d pela regionaliza\u00e7\u00e3o e para resolver os problemas estruturais que atingem os \u201cmais fr\u00e1geis\u201d.<\/p>\n<p><strong>\u201cIsto \u00e9 um grito de alerta, essencialmente isso, n\u00f3s temos no\u00e7\u00e3o da humildade da nossa candidatura, mas h\u00e1 problemas estruturais no pa\u00eds e principalmente nas zonas mais fr\u00e1geis que queremos alertar e ser uma voz de alerta dos mais fr\u00e1geis, dos que est\u00e3o mais em d\u00e9fice\u201d<\/strong>, afirmou o candidato, que entra na corrida a Bel\u00e9m  a pouco mais de um m\u00eas do fim do prazo para apresentar as necess\u00e1rias 7500 assinaturas.<\/p>\n<p>Habita\u00e7\u00e3o, sa\u00fade, educa\u00e7\u00e3o, imigra\u00e7\u00e3o regulada e a regionaliza\u00e7\u00e3o como linhas mestras do seu programa foram apontadas como as linhas mestras da candidatura de Ricardo Sousa ao ato eleitoral agendado para 18 de janeiro do pr\u00f3ximo ano.<\/p>\n<p>Citado pela Lusa, o candidato diz que a regionaliza\u00e7\u00e3o seria \u201cimportante para alavancar as regi\u00f5es em v\u00e1rios setores que neste momento n\u00e3o t\u00eam ferramentas\u201d, apontando como \u201cbons exemplos\u201d o que se passa nos arquip\u00e9lagos da Madeira dos A\u00e7ores, em que os setores da \u201csa\u00fade e da educa\u00e7\u00e3o est\u00e3o muito alavancados pelas solu\u00e7\u00f5es de proximidade\u201d.<\/p>\n<p>No que concerne \u00e0 habita\u00e7\u00e3o, mencionou os \u00faltimos censos para afirmar \u201chaver quase 800 mil casas devolutas que se podem recuperar\u201d, assinalando que \u201cos 2,5 mil milh\u00f5es de euros pedidos ao Banco Europeu de Investimento pelo Governo\u201d bastariam para \u201cfazer 200 mil casas\u201d, assim se alcan\u00e7ando o \u201cn\u00famero extraordin\u00e1rio de um milh\u00e3o de casas no pa\u00eds que, provavelmente resolveria o problema de habita\u00e7\u00e3o, regulando um mercado que est\u00e1 muito empolado no arrendamento e na aquisi\u00e7\u00e3o\u201d.<\/p>\n<p>Questionado sobre a posi\u00e7\u00e3o do seu partido em apoiar Lu\u00eds Marques Mendes na corrida a Bel\u00e9m, Ricardo Sousa chutou para canto, apresentando-se como &#8220;social-democrata&#8221; e &#8220;humanista, reformista, interclassista e cat\u00f3lico&#8221;.<\/p>\n<p>O ex-vereador da C\u00e2mara de Paredes critica a agenda pol\u00edtica\u201d dos \u00faltimos tempos, considerando que o pa\u00eds \u201ctem problemas mais importantes do que a imigra\u00e7\u00e3o\u201d, ainda que defenda a sua regula\u00e7\u00e3o. <strong>\u201c\u00c9 importante que se cuide de quem vem para c\u00e1 trabalhar, porque se n\u00f3s somos um pa\u00eds de emigrantes e temos muitos de nossos concidad\u00e3os a trabalhar no estrangeiro e queremos que eles sejam bem tratados e fossem sido bem recebidos, naturalmente, tamb\u00e9m o devemos querer para quem vem e respeita as formas de viver em Portugal\u201d<\/strong>, afirmou, saindo em defesa das m\u00e3es portuguesas trabalhadoras: <strong>\u201cSe n\u00e3o forem protegidas, se optarem por ter menos filhos, l\u00e1 \u00e0 frente n\u00e3o haver\u00e1 portugueses para defender o pa\u00eds\u201d.<\/strong><\/p>\n","protected":false},"excerpt":{"rendered":"O ex-vereador do PSD na C\u00e2mara de Paredes Ricardo Sousa, de 52 anos, anunciou esta sexta-feira, 7 de&hellip;\n","protected":false},"author":2,"featured_media":143722,"comment_status":"","ping_status":"","sticky":false,"template":"","format":"standard","meta":{"footnotes":""},"categories":[10],"tags":[27,28,15,16,14,25,26,21,22,12,13,19,20,32,1076,23,24,33,9891,17,18,29,30,31],"class_list":{"0":"post-143721","1":"post","2":"type-post","3":"status-publish","4":"format-standard","5":"has-post-thumbnail","7":"category-portugal","8":"tag-breaking-news","9":"tag-breakingnews","10":"tag-featured-news","11":"tag-featurednews","12":"tag-headlines","13":"tag-latest-news","14":"tag-latestnews","15":"tag-main-news","16":"tag-mainnews","17":"tag-news","18":"tag-noticias","19":"tag-noticias-principais","20":"tag-noticiasprincipais","21":"tag-portugal","22":"tag-presidenciais-2026","23":"tag-principais-noticias","24":"tag-principaisnoticias","25":"tag-pt","26":"tag-ricardo-sousa","27":"tag-top-stories","28":"tag-topstories","29":"tag-ultimas","30":"tag-ultimas-noticias","31":"tag-ultimasnoticias"},"share_on_mastodon":{"url":"https:\/\/pubeurope.com\/@pt\/115511671881395629","error":""},"_links":{"self":[{"href":"https:\/\/www.europesays.com\/pt\/wp-json\/wp\/v2\/posts\/143721","targetHints":{"allow":["GET"]}}],"collection":[{"href":"https:\/\/www.europesays.com\/pt\/wp-json\/wp\/v2\/posts"}],"about":[{"href":"https:\/\/www.europesays.com\/pt\/wp-json\/wp\/v2\/types\/post"}],"author":[{"embeddable":true,"href":"https:\/\/www.europesays.com\/pt\/wp-json\/wp\/v2\/users\/2"}],"replies":[{"embeddable":true,"href":"https:\/\/www.europesays.com\/pt\/wp-json\/wp\/v2\/comments?post=143721"}],"version-history":[{"count":0,"href":"https:\/\/www.europesays.com\/pt\/wp-json\/wp\/v2\/posts\/143721\/revisions"}],"wp:featuredmedia":[{"embeddable":true,"href":"https:\/\/www.europesays.com\/pt\/wp-json\/wp\/v2\/media\/143722"}],"wp:attachment":[{"href":"https:\/\/www.europesays.com\/pt\/wp-json\/wp\/v2\/media?parent=143721"}],"wp:term":[{"taxonomy":"category","embeddable":true,"href":"https:\/\/www.europesays.com\/pt\/wp-json\/wp\/v2\/categories?post=143721"},{"taxonomy":"post_tag","embeddable":true,"href":"https:\/\/www.europesays.com\/pt\/wp-json\/wp\/v2\/tags?post=143721"}],"curies":[{"name":"wp","href":"https:\/\/api.w.org\/{rel}","templated":true}]}}