{"id":143731,"date":"2025-11-08T02:23:11","date_gmt":"2025-11-08T02:23:11","guid":{"rendered":"https:\/\/www.europesays.com\/pt\/143731\/"},"modified":"2025-11-08T02:23:11","modified_gmt":"2025-11-08T02:23:11","slug":"gostando-do-ivanovic-nao-faz-sentido-o-benfica-pagar-20-ou-25-milhoes-de-euros-por-um-jogador-que-todos-sabiam-que-ia-ser-segunda-opcao","status":"publish","type":"post","link":"https:\/\/www.europesays.com\/pt\/143731\/","title":{"rendered":"\u00abGostando do Ivanovic, n\u00e3o faz sentido o Benfica pagar 20 ou 25 milh\u00f5es de euros por um jogador que todos sabiam que ia ser segunda op\u00e7\u00e3o\u00bb"},"content":{"rendered":"<p>&#8211; Advertisement &#8211;<\/p>\n<p><strong>Tom\u00e1s Amaral \u00e9 o diretor desportivo da lista de Jo\u00e3o Noronha Lopes. Dirigente foi entrevistado pelo Bola na Rede e falou de mercado e do Benfica.<\/strong><\/p>\n<p>Tom\u00e1s Amaral foi o mais recente entrevistado pelo <strong>Bola na Rede<\/strong>. O diretor desportivo da lista de Jo\u00e3o Noronha Lopes falou dos riscos do investimento e aplicou ao caso da contrata\u00e7\u00e3o de Franjo Ivanovic. <\/p>\n<p>\u00abO investimento \u00e9 sempre um risco. Cabe a um departamento de scouting ser ouvido e a uma dire\u00e7\u00e3o avaliar esse risco e perceber se faz sentido ou n\u00e3o. O treinador n\u00e3o tem nada que ver com o investimento, n\u00e3o \u00e9 respons\u00e1vel pelo valor\u00bb, destacou Tom\u00e1s Amaral, que falou da contrata\u00e7\u00e3o de Franjo Ivanovic. <\/p>\n<p>\u00abNa minha opini\u00e3o, e gostando do Ivanovic, n\u00e3o faz sentido o Benfica pagar 20 ou 25 milh\u00f5es de euros por um jogador que, \u00e0 partida, todos sabiam que ia ser segunda op\u00e7\u00e3o\u00bb, sentenciou o dirigente. <\/p>\n<p>Tom\u00e1s Amaral comparou ainda Pavlidis e Ivanovic e falou da necessidade no mercado.<\/p>\n<p>\u00abMuito diferentes. Depende muito do que foram as conversas que Bruno Lage teve com a dire\u00e7\u00e3o. Bruno Lage disse publicamente que, pela primeira vez, o ouviram naquilo que \u00e9 o mercado de transfer\u00eancias. Depende da ideia de Bruno Lage. Talvez estivesse a olhar para Ivanovic como um jogador diferente do Pavlidis, mas que poderia vir a necessitar em determinados contextos e jogos. N\u00e3o consigo responder a isso sem estar por dentro, falar com o treinador e perceber a l\u00f3gica por detr\u00e1s da decis\u00e3o\u00bb, frisou ainda Tom\u00e1s Amaral. <\/p>\n<p><a href=\"https:\/\/bolanarede.pt\/nacional\/benfica\/irei-tomar-as-melhores-decisoes-no-mercado-e-na-construcao-do-plantel-do-benfica-entrevista-bola-na-rede-a-tomas-amaral\/\" target=\"_blank\" rel=\"noreferrer noopener nofollow\">L\u00ea toda a entrevista de Tom\u00e1s Amaral.<\/a><\/p>\n","protected":false},"excerpt":{"rendered":"&#8211; Advertisement &#8211; Tom\u00e1s Amaral \u00e9 o diretor desportivo da lista de Jo\u00e3o Noronha Lopes. Dirigente foi entrevistado&hellip;\n","protected":false},"author":2,"featured_media":143732,"comment_status":"","ping_status":"","sticky":false,"template":"","format":"standard","meta":{"footnotes":""},"categories":[87],"tags":[260,51,135,261,32,33,134,31647],"class_list":{"0":"post-143731","1":"post","2":"type-post","3":"status-publish","4":"format-standard","5":"has-post-thumbnail","7":"category-desporto","8":"tag-atualidade","9":"tag-benfica","10":"tag-desporto","11":"tag-franjo-ivanovic","12":"tag-portugal","13":"tag-pt","14":"tag-sports","15":"tag-tomas-amaral"},"share_on_mastodon":{"url":"https:\/\/pubeurope.com\/@pt\/115511702598120790","error":""},"_links":{"self":[{"href":"https:\/\/www.europesays.com\/pt\/wp-json\/wp\/v2\/posts\/143731","targetHints":{"allow":["GET"]}}],"collection":[{"href":"https:\/\/www.europesays.com\/pt\/wp-json\/wp\/v2\/posts"}],"about":[{"href":"https:\/\/www.europesays.com\/pt\/wp-json\/wp\/v2\/types\/post"}],"author":[{"embeddable":true,"href":"https:\/\/www.europesays.com\/pt\/wp-json\/wp\/v2\/users\/2"}],"replies":[{"embeddable":true,"href":"https:\/\/www.europesays.com\/pt\/wp-json\/wp\/v2\/comments?post=143731"}],"version-history":[{"count":0,"href":"https:\/\/www.europesays.com\/pt\/wp-json\/wp\/v2\/posts\/143731\/revisions"}],"wp:featuredmedia":[{"embeddable":true,"href":"https:\/\/www.europesays.com\/pt\/wp-json\/wp\/v2\/media\/143732"}],"wp:attachment":[{"href":"https:\/\/www.europesays.com\/pt\/wp-json\/wp\/v2\/media?parent=143731"}],"wp:term":[{"taxonomy":"category","embeddable":true,"href":"https:\/\/www.europesays.com\/pt\/wp-json\/wp\/v2\/categories?post=143731"},{"taxonomy":"post_tag","embeddable":true,"href":"https:\/\/www.europesays.com\/pt\/wp-json\/wp\/v2\/tags?post=143731"}],"curies":[{"name":"wp","href":"https:\/\/api.w.org\/{rel}","templated":true}]}}