{"id":143739,"date":"2025-11-08T02:29:22","date_gmt":"2025-11-08T02:29:22","guid":{"rendered":"https:\/\/www.europesays.com\/pt\/143739\/"},"modified":"2025-11-08T02:29:22","modified_gmt":"2025-11-08T02:29:22","slug":"dois-sismos-com-intervalo-de-segundos-sentidos-na-ilha-terceira-nos-acores","status":"publish","type":"post","link":"https:\/\/www.europesays.com\/pt\/143739\/","title":{"rendered":"Dois sismos com intervalo de segundos sentidos na ilha Terceira, nos A\u00e7ores"},"content":{"rendered":"<p class=\"category\"><a href=\"https:\/\/sicnoticias.pt\/pais\" rel=\"nofollow noopener\" target=\"_blank\">Pa\u00eds<\/a><\/p>\n<p>No mesmo dia em que o n\u00edvel de alerta do vulc\u00e3o de Santa B\u00e1rbara voltou a subir, uma decis\u00e3o que o Instituto de Vulcanologia justifica com o aumento da atividade s\u00edsmica na regi\u00e3o.<\/p>\n<p><img decoding=\"async\" src=\"https:\/\/www.europesays.com\/pt\/wp-content\/uploads\/2025\/11\/1762463906_983_original.webp\" alt=\"Dois sismos com intervalo de segundos sentidos na ilha Terceira, nos A\u00e7ores\"\/><\/p>\n<p>Canva<\/p>\n<p><strong>Dois sismos de magnitudes 3,8 e 3,9 foram sentidos na noite desta quinta-feira na ilha Terceira, nos A\u00e7ores. O epicentro foi registado na Serra de Santa B\u00e1rbara, e a uma profundidade de dois e quatro quil\u00f3metros, respetivamente.<\/strong><\/p>\n<p>Segundo o <a href=\"https:\/\/www.ipma.pt\/pt\/geofisica\/sismicidade\/\" target=\"_blank\" rel=\"noopener noreferrer nofollow\">IPMA<\/a>, os abalos aconteceram pelas 21:54:05 e 21:54:47 (hora local, mais uma em Lisboa), com um<strong> intervalo de 42 segundos<\/strong>.<\/p>\n<p>N\u00edvel de alerta do Vulc\u00e3o de Santa B\u00e1rbara subiu para V3<\/p>\n<blockquote><p>&#8220;Face ao incremento da atividade s\u00edsmica, o Gabinete de Crise [do IVAR] decidiu elevar o n\u00edvel de alerta para V3 no Vulc\u00e3o de Santa B\u00e1rbara, tendo mantido o n\u00edvel de alerta de V2 no Sistema Vulc\u00e2nico Fissural Oeste da Terceira&#8221;, l\u00ea-se no comunicado de imprensa.<\/p><\/blockquote>\n<p>Desde 24 de junho de 2022 que a atividade s\u00edsmica no vulc\u00e3o de Santa B\u00e1rbara, na ilha Terceira, se encontra<strong>\u00a0<\/strong><strong>&#8220;acima dos valores normais de refer\u00eancia&#8221;<\/strong>, tendo o evento mais energ\u00e9tico ocorrido em 14 de janeiro de 2024, com magnitude de 4,5.<\/p>\n<p>O comunicado refere que h\u00e1 uma &#8220;<strong>tend\u00eancia crescente<\/strong>\u00a0relativamente ao observado nos primeiros meses deste ano&#8221;.<\/p>\n<p>Instituto de Vulcanologia refor\u00e7a monitoriza\u00e7\u00e3o do vulc\u00e3o<\/p>\n<p>Face \u00e0 subida do n\u00edvel, o IVAR vai <strong>refor\u00e7ar a monitoriza\u00e7\u00e3o<\/strong> do vulc\u00e3o de Santa B\u00e1rbara.<\/p>\n<blockquote><p>&#8220;Estamos neste momento a fazer mais alguns trabalhos de campo e na pr\u00f3xima semana iremos proceder a algumas miss\u00f5es, que estamos a preparar, para a\u00a0recolha de gases e de \u00e1guas\u00a0no per\u00edmetro do vulc\u00e3o de Santa B\u00e1rbara&#8221;, afirmou, em declara\u00e7\u00f5es \u00e0 Lusa, o ge\u00f3logo Jo\u00e3o Lu\u00eds Gaspar, coordenador do Gabinete de Crise do IVAR.<\/p><\/blockquote>\n","protected":false},"excerpt":{"rendered":"Pa\u00eds No mesmo dia em que o n\u00edvel de alerta do vulc\u00e3o de Santa B\u00e1rbara voltou a subir,&hellip;\n","protected":false},"author":2,"featured_media":142193,"comment_status":"","ping_status":"","sticky":false,"template":"","format":"standard","meta":{"footnotes":""},"categories":[10],"tags":[27,28,15,16,14,25,26,21,22,12,13,19,20,32,23,24,33,17,18,29,30,31],"class_list":{"0":"post-143739","1":"post","2":"type-post","3":"status-publish","4":"format-standard","5":"has-post-thumbnail","7":"category-portugal","8":"tag-breaking-news","9":"tag-breakingnews","10":"tag-featured-news","11":"tag-featurednews","12":"tag-headlines","13":"tag-latest-news","14":"tag-latestnews","15":"tag-main-news","16":"tag-mainnews","17":"tag-news","18":"tag-noticias","19":"tag-noticias-principais","20":"tag-noticiasprincipais","21":"tag-portugal","22":"tag-principais-noticias","23":"tag-principaisnoticias","24":"tag-pt","25":"tag-top-stories","26":"tag-topstories","27":"tag-ultimas","28":"tag-ultimas-noticias","29":"tag-ultimasnoticias"},"share_on_mastodon":{"url":"https:\/\/pubeurope.com\/@pt\/115511726289239994","error":""},"_links":{"self":[{"href":"https:\/\/www.europesays.com\/pt\/wp-json\/wp\/v2\/posts\/143739","targetHints":{"allow":["GET"]}}],"collection":[{"href":"https:\/\/www.europesays.com\/pt\/wp-json\/wp\/v2\/posts"}],"about":[{"href":"https:\/\/www.europesays.com\/pt\/wp-json\/wp\/v2\/types\/post"}],"author":[{"embeddable":true,"href":"https:\/\/www.europesays.com\/pt\/wp-json\/wp\/v2\/users\/2"}],"replies":[{"embeddable":true,"href":"https:\/\/www.europesays.com\/pt\/wp-json\/wp\/v2\/comments?post=143739"}],"version-history":[{"count":0,"href":"https:\/\/www.europesays.com\/pt\/wp-json\/wp\/v2\/posts\/143739\/revisions"}],"wp:featuredmedia":[{"embeddable":true,"href":"https:\/\/www.europesays.com\/pt\/wp-json\/wp\/v2\/media\/142193"}],"wp:attachment":[{"href":"https:\/\/www.europesays.com\/pt\/wp-json\/wp\/v2\/media?parent=143739"}],"wp:term":[{"taxonomy":"category","embeddable":true,"href":"https:\/\/www.europesays.com\/pt\/wp-json\/wp\/v2\/categories?post=143739"},{"taxonomy":"post_tag","embeddable":true,"href":"https:\/\/www.europesays.com\/pt\/wp-json\/wp\/v2\/tags?post=143739"}],"curies":[{"name":"wp","href":"https:\/\/api.w.org\/{rel}","templated":true}]}}