{"id":143742,"date":"2025-11-08T02:39:12","date_gmt":"2025-11-08T02:39:12","guid":{"rendered":"https:\/\/www.europesays.com\/pt\/143742\/"},"modified":"2025-11-08T02:39:12","modified_gmt":"2025-11-08T02:39:12","slug":"bastidores-de-avatar-o-que-ver-na-tv-e-streaming-sabado-07-11-2025-ilustrada","status":"publish","type":"post","link":"https:\/\/www.europesays.com\/pt\/143742\/","title":{"rendered":"Bastidores de &#8216;Avatar&#8217;: o que ver na TV e streaming s\u00e1bado &#8211; 07\/11\/2025 &#8211; Ilustrada"},"content":{"rendered":"<p>Ao vivo, direto de Los Angeles, a cerim\u00f4nia de indu\u00e7\u00e3o de m\u00fasicos ao <a href=\"https:\/\/www1.folha.uol.com.br\/ilustrada\/2012\/04\/1076374-axl-rose-e-vaiado-em-cerimonia-do-rock-and-roll-hall-of-fame.shtml\" rel=\"nofollow noopener\" target=\"\">Rock &amp; Roll Hall of Fame<\/a> \u00e9 apresentada por dezenas de artistas influenciados por eles.<\/p>\n<p>Entram neste ano Bad Company, Chubby Checker, Joe Cocker, Cyndi Lauper, Outkast, Soundgarden, The <a href=\"https:\/\/www1.folha.uol.com.br\/ilustrada\/2022\/04\/jack-white-explica-sucesso-dos-white-stripes-lugar-certo-e-momento-certo.shtml\" rel=\"nofollow noopener\" target=\"\">White Stripes<\/a>, al\u00e9m de Salt-N-Pepa e Warren Zevon. A lista de apresentadores inclui <a href=\"https:\/\/www1.folha.uol.com.br\/webstories\/cultura\/2021\/07\/quem-e-olivia-rodrigo\/\" rel=\"nofollow noopener\" target=\"\">Olivia Rodrigo<\/a>, Missy Elliott, Jim Carrey, Beck, Feist, Flea, Doja Cat, Chappell Roan, Avril Lavigne e Raye.<\/p>\n<p><strong>Onde ver:<\/strong> Disney+, 22h, 16 anos<\/p>\n<p>Fogo &amp; \u00c1gua &#8211; Criando Avatar<\/p>\n<p><strong>Onde ver:<\/strong> Disney+, 12 anos<\/p>\n<p>Um document\u00e1rio revela os bastidores de duas superprodu\u00e7\u00f5es de James Cameron,<a href=\"https:\/\/www1.folha.uol.com.br\/ilustrada\/2022\/12\/avatar-o-caminho-da-agua-mergulha-o-cinema-no-mar-e-soa-alerta-ao-meio-ambiente.shtml\" rel=\"nofollow noopener\" target=\"\"> &#8220;Avatar: O Caminho da \u00c1gua&#8221;<\/a> e o pr\u00f3ximo filme da saga, que chega aos cinemas em dezembro, <a href=\"https:\/\/www1.folha.uol.com.br\/ilustrada\/2025\/07\/avatar-3-que-chega-aos-cinemas-em-dezembro-tem-primeiro-trailer-divulgado.shtml\" rel=\"nofollow noopener\" target=\"\">&#8220;Avatar: Fogo e Cinzas&#8221;<\/a>, filmado nas ilhas Bahamas, no Hava\u00ed e tamb\u00e9m na Nova Zel\u00e2ndia.<\/p>\n<p>Maxton Hall: O Mundo entre N\u00f3s<\/p>\n<p><strong>Onde ver:<\/strong> Prime Video, 16 anos<\/p>\n<p>A segunda temporada da s\u00e9rie retoma o amadurecimento dos jovens Ruby Bell e James Beaufort, que estudam no col\u00e9gio de elite brit\u00e2nico Maxton Hall. A trama, carregada de romance, come\u00e7a com Ruby tentando superar a solid\u00e3o depois que James se afasta dela por causa da morte da m\u00e3e dele.<\/p>\n<p>Manga<\/p>\n<p><strong>Onde ver:<\/strong> Netflix, 12 anos<\/p>\n<p>Uma gerente de hotel se v\u00ea em uma grande oportunidade da carreira quando \u00e9 transferida para M\u00e1laga, na Espanha, para inaugurar uma unidade em uma fazenda de manga. Ela viaja com a filha e, ao chegar l\u00e1, acaba se envolvendo romanticamente com o dono da fazenda, Alex.<\/p>\n<p>Desespero Profundo<\/p>\n<p><strong>Onde ver:<\/strong> HBO, 22h, 16 anos<\/p>\n<p>Desconhecidos de origens variadas s\u00e3o obrigados a se unir e lutar pela sobreviv\u00eancia quando o avi\u00e3o em que viajam cai no oceano Pac\u00edfico. O suprimento de ar come\u00e7a a se esgotar e o l\u00edder do grupo tenta manter a esperan\u00e7a enquanto perigos surgem de todos os lados \u2014inclusive tubar\u00f5es.<\/p>\n<p>Emanuelle<\/p>\n<p><strong>Onde ver: <\/strong>Globoplay e Telecine, 22h, 18 anos<\/p>\n<p>A nova adapta\u00e7\u00e3o do <a href=\"https:\/\/www1.folha.uol.com.br\/ilustrada\/2024\/10\/os-50-anos-de-emmanuelle-o-filme-erotico-que-transformou-soft-porn-em-sucesso-global.shtml\" rel=\"nofollow noopener\" target=\"\">drama er\u00f3tico de 1974<\/a> \u00e9 <a href=\"https:\/\/www1.folha.uol.com.br\/ilustrada\/2025\/04\/novo-emmanuelle-filme-erotico-que-escandalizou-em-1974-quer-ser-levado-a-serio.shtml\" rel=\"nofollow noopener\" target=\"\">dirigida por Audrey Diwan<\/a> e acompanha uma jovem em busca de novas experi\u00eancias na efervescente Hong Kong. No elenco est\u00e3o No\u00e9mie Merlant, Will Sharpe, Jamie Campbell Bower e Naomi Watts. Na Claro TV+, o sinal estar\u00e1 aberto a n\u00e3o assinantes.<\/p>\n<p>Saturday Night Live<\/p>\n<p><strong>Onde ver: <\/strong>Universal+, 1h30, 12 anos<\/p>\n<p>Com sinal aberto pela Claro TV+, o programa ao vivo ser\u00e1 apresentado pela comediante <a href=\"https:\/\/www1.folha.uol.com.br\/ilustrada\/2025\/01\/quem-e-nikki-glaser-anfitria-do-globo-de-ouro-que-irritou-taylor-swift-com-suas-piadas.shtml\" rel=\"nofollow noopener\" target=\"\">Nikki Glaser, que conduziu o Globo de Ouro<\/a> deste ano. O convidado musical \u00e9 Sombr, cantor de 20 anos que come\u00e7ou na m\u00fasica pelo aplicativo GarageBand.<\/p>\n","protected":false},"excerpt":{"rendered":"Ao vivo, direto de Los Angeles, a cerim\u00f4nia de indu\u00e7\u00e3o de m\u00fasicos ao Rock &amp; Roll Hall of&hellip;\n","protected":false},"author":2,"featured_media":143743,"comment_status":"","ping_status":"","sticky":false,"template":"","format":"standard","meta":{"footnotes":""},"categories":[142],"tags":[470,114,115,236,1623,32,33,940,218,151],"class_list":{"0":"post-143742","1":"post","2":"type-post","3":"status-publish","4":"format-standard","5":"has-post-thumbnail","7":"category-tv","8":"tag-cinema","9":"tag-entertainment","10":"tag-entretenimento","11":"tag-folha","12":"tag-multitela","13":"tag-portugal","14":"tag-pt","15":"tag-streaming","16":"tag-televisao","17":"tag-tv"},"share_on_mastodon":{"url":"https:\/\/pubeurope.com\/@pt\/115511765567017015","error":""},"_links":{"self":[{"href":"https:\/\/www.europesays.com\/pt\/wp-json\/wp\/v2\/posts\/143742","targetHints":{"allow":["GET"]}}],"collection":[{"href":"https:\/\/www.europesays.com\/pt\/wp-json\/wp\/v2\/posts"}],"about":[{"href":"https:\/\/www.europesays.com\/pt\/wp-json\/wp\/v2\/types\/post"}],"author":[{"embeddable":true,"href":"https:\/\/www.europesays.com\/pt\/wp-json\/wp\/v2\/users\/2"}],"replies":[{"embeddable":true,"href":"https:\/\/www.europesays.com\/pt\/wp-json\/wp\/v2\/comments?post=143742"}],"version-history":[{"count":0,"href":"https:\/\/www.europesays.com\/pt\/wp-json\/wp\/v2\/posts\/143742\/revisions"}],"wp:featuredmedia":[{"embeddable":true,"href":"https:\/\/www.europesays.com\/pt\/wp-json\/wp\/v2\/media\/143743"}],"wp:attachment":[{"href":"https:\/\/www.europesays.com\/pt\/wp-json\/wp\/v2\/media?parent=143742"}],"wp:term":[{"taxonomy":"category","embeddable":true,"href":"https:\/\/www.europesays.com\/pt\/wp-json\/wp\/v2\/categories?post=143742"},{"taxonomy":"post_tag","embeddable":true,"href":"https:\/\/www.europesays.com\/pt\/wp-json\/wp\/v2\/tags?post=143742"}],"curies":[{"name":"wp","href":"https:\/\/api.w.org\/{rel}","templated":true}]}}