{"id":143762,"date":"2025-11-08T03:07:57","date_gmt":"2025-11-08T03:07:57","guid":{"rendered":"https:\/\/www.europesays.com\/pt\/143762\/"},"modified":"2025-11-08T03:07:57","modified_gmt":"2025-11-08T03:07:57","slug":"marisa-depende-de-pedro-concorrentes-falam-e-ha-teorias-tem-segredo-em-comum-tviplayer-iol-pt","status":"publish","type":"post","link":"https:\/\/www.europesays.com\/pt\/143762\/","title":{"rendered":"Marisa depende de Pedro? Concorrentes falam e h\u00e1 teorias: \u00abT\u00eam segredo em comum\u00bb &#8211; tviplayer.iol.pt"},"content":{"rendered":"<ol>\n<li><a href=\"https:\/\/news.google.com\/rss\/articles\/CBMipAFBVV95cUxPUWVmamxSQUFnbDJVS2NUVV9pVmJrcVJQV2otSkhYZTFxdlBKZkN1RnF1eFgwX2V6MVRwXzlzTEFDTE4yR1NpaGRjSDZ5RGFwOXY5TDBJbDVaZXJGcnlKakFVaTdEMEJrcFExWWhUdXZGQnpHV0tKYzFRXzRudWFiUXhZS251bVc1MzZkWkM1UndGcWVkeXJwVzFvd3dZcnlFeG5SNA?oc=5\" target=\"_blank\" rel=\"nofollow noopener\">Marisa depende de Pedro? Concorrentes falam e h\u00e1 teorias: \u00abT\u00eam segredo em comum\u00bb<\/a>&nbsp;&nbsp;tviplayer.iol.pt<\/li>\n<li><a href=\"https:\/\/news.google.com\/rss\/articles\/CBMiogFBVV95cUxPcXFPaWJMdE9LYjBaRE9PRUhCend6YXU4NzhmNWowakxmUGs2ck5VSFNtekkyVjZxNFlsd3RheEwwMzVKdnhwdXEyY3ZBSzRVRjJQUWlnVkNnWGhZeldEekMyUUJIcE1ycnVmWUhsWDA3X1JfM0JfYTRCYUFzbE51LTJSZlN6WFZ6TmZYMm1fZVdfWnVjN2F4YTFDV0t3VVpja2c?oc=5\" target=\"_blank\" rel=\"nofollow noopener\">Est\u00e1 quente! Marisa atira provoca\u00e7\u00e3o \u201cpicante\u201d a Pedro Jorge: \u201cDava tudo para poder\u2026\u201d<\/a>&nbsp;&nbsp;Hiper Fm<\/li>\n<li><a href=\"https:\/\/news.google.com\/rss\/articles\/CBMi4AFBVV95cUxPcWJZSWV5b1ptejVDTHVpc2RDTzFaLW1lbXFmUEdOT2pMU2VCa3k3SkF2MXF3UlhMcEtNM0s0N3NQVFlwRy04ZHd5SVJ5Y3YzM0dFVWtKS1g0cEp6ZF83Z0ZzREtsQVJkWWNGcWpVZ1RKSUN1UXNPN0ZUUlhLS0o1VW04eVFmaTZmaW1TbGpPTl9PVUVRaDZ4OE5sSURUcm92UTFBZUk5azZUU19ncFpkYks1ZFY5R2tQR2s1Zzl6V0NEWHBwQ29LaWJpNnE2ZFFHNjEzMjJaM3ZBVVdNVVdwWA?oc=5\" target=\"_blank\" rel=\"nofollow noopener\">Liliana desabafa sobre F\u00e1bio: \u00abN\u00e3o vou conseguir estar aqui sem fazer o sinal de consentimento\u00bb<\/a>&nbsp;&nbsp;Not\u00edcias de hoje &#8211; IOL<\/li>\n<li><a href=\"https:\/\/news.google.com\/rss\/articles\/CBMijAFBVV95cUxOUEt6c1dxeDd2YWZNTXJBVzZlRENCRmZiS0NoWEpwVFpwSGxCQkQ0aGlJYnBmeUNPZ3NqUjlHU1A0TUYxQ2Y4NDBGcVYtZG1Mczl1T2lqU3JGZW9WMzJSSXNPOC1qbG9vUktFcFZRYTVFT2RYWVNHUUZxZmVsclVJTEplaFRadjVUVWdKVQ?oc=5\" target=\"_blank\" rel=\"nofollow noopener\">Casa dos Segredos &#8211; Francisco Monteiro aponta culpas a Marisa no caso Pedro Jorge<\/a>&nbsp;&nbsp;Dioguinho<\/li>\n<li><a href=\"https:\/\/news.google.com\/rss\/articles\/CBMi0gFBVV95cUxOWEtwcl9ud2lxQkNrNklQTVJ4dkcwOUxlckFuYURtcmZUeW15eVY2aHZWSEpyZ04yaXdsR2RkN0hhTWtEOHRsMXdLN3VPYS1wdVRWNWlOa0dobzhlSjRuQ1RWX2p5cklORGE5Q05IeGVGTVVmQ2VwM2taQU94TjdDZU9tSkhNRDJMbzl1VkJhODhmS3dRekNVWW9hS3hyTFZyMEtfUjdYMThjaFZUM19TUjZNa3lodktRN3dyZ2ZvTS00N01JRHctQjZHYjhGWnEzT3c?oc=5\" target=\"_blank\" rel=\"nofollow noopener\">Casa dos Segredos \u2013 Nervos \u00e0 flor da pele! Marisa passa-se com Pedro: \u201cUm tabefe nessa tromba\u2026\u201d<\/a>&nbsp;&nbsp;SAPO<\/li>\n<\/ol>\n","protected":false},"excerpt":{"rendered":"Marisa depende de Pedro? Concorrentes falam e h\u00e1 teorias: \u00abT\u00eam segredo em comum\u00bb&nbsp;&nbsp;tviplayer.iol.pt Est\u00e1 quente! Marisa atira provoca\u00e7\u00e3o&hellip;\n","protected":false},"author":2,"featured_media":143763,"comment_status":"","ping_status":"","sticky":false,"template":"","format":"standard","meta":{"footnotes":""},"categories":[142],"tags":[114,115,19184,14646,32,33,151],"class_list":{"0":"post-143762","1":"post","2":"type-post","3":"status-publish","4":"format-standard","5":"has-post-thumbnail","7":"category-tv","8":"tag-entertainment","9":"tag-entretenimento","10":"tag-marisa","11":"tag-pedro","12":"tag-portugal","13":"tag-pt","14":"tag-tv"},"share_on_mastodon":{"url":"https:\/\/pubeurope.com\/@pt\/115511879429579596","error":""},"_links":{"self":[{"href":"https:\/\/www.europesays.com\/pt\/wp-json\/wp\/v2\/posts\/143762","targetHints":{"allow":["GET"]}}],"collection":[{"href":"https:\/\/www.europesays.com\/pt\/wp-json\/wp\/v2\/posts"}],"about":[{"href":"https:\/\/www.europesays.com\/pt\/wp-json\/wp\/v2\/types\/post"}],"author":[{"embeddable":true,"href":"https:\/\/www.europesays.com\/pt\/wp-json\/wp\/v2\/users\/2"}],"replies":[{"embeddable":true,"href":"https:\/\/www.europesays.com\/pt\/wp-json\/wp\/v2\/comments?post=143762"}],"version-history":[{"count":0,"href":"https:\/\/www.europesays.com\/pt\/wp-json\/wp\/v2\/posts\/143762\/revisions"}],"wp:featuredmedia":[{"embeddable":true,"href":"https:\/\/www.europesays.com\/pt\/wp-json\/wp\/v2\/media\/143763"}],"wp:attachment":[{"href":"https:\/\/www.europesays.com\/pt\/wp-json\/wp\/v2\/media?parent=143762"}],"wp:term":[{"taxonomy":"category","embeddable":true,"href":"https:\/\/www.europesays.com\/pt\/wp-json\/wp\/v2\/categories?post=143762"},{"taxonomy":"post_tag","embeddable":true,"href":"https:\/\/www.europesays.com\/pt\/wp-json\/wp\/v2\/tags?post=143762"}],"curies":[{"name":"wp","href":"https:\/\/api.w.org\/{rel}","templated":true}]}}