{"id":143770,"date":"2025-11-08T03:20:07","date_gmt":"2025-11-08T03:20:07","guid":{"rendered":"https:\/\/www.europesays.com\/pt\/143770\/"},"modified":"2025-11-08T03:20:07","modified_gmt":"2025-11-08T03:20:07","slug":"lore-improta-mostra-ultrassom-da-segunda-gravidez-e-se-emociona-ta-dancando","status":"publish","type":"post","link":"https:\/\/www.europesays.com\/pt\/143770\/","title":{"rendered":"Lore Improta mostra ultrassom da segunda gravidez e se emociona: &#8216;T\u00e1 dan\u00e7ando&#8217;"},"content":{"rendered":"<p data-start=\"90\" data-end=\"410\">Durante uma viagem aos Estados Unidos, <strong data-start=\"152\" data-end=\"168\">Lore Improta<\/strong> aproveitou uma visita a uma loja de enxoval para realizar um <strong data-start=\"230\" data-end=\"243\" data-is-only-node=\"\">ultrassom<\/strong> e<a href=\"https:\/\/aloalobahia.com\/noticias\/2025\/11\/06\/lore-improta-exibe-barriga-de-gravida-ao-lado-de-leo-santana-em-academia-entre-um-exercicio-e-outro\/\" rel=\"nofollow noopener\" target=\"_blank\"> conferir como est\u00e1 o beb\u00ea que espera com <strong data-start=\"287\" data-end=\"302\">L\u00e9o Santana<\/strong><\/a>. A dan\u00e7arina, de 32 anos, se emocionou ao compartilhar o momento nas redes sociais nesta sexta-feira (7).<\/p>\n<p data-start=\"412\" data-end=\"575\">Nas imagens, Lore aparece encantada com os movimentos do beb\u00ea. \u201cT\u00e1 se mexendo, olha! Eita, m\u00e3e\u2026 t\u00e1 dan\u00e7ando! Eita, as perninhas\u2026 t\u00e1 dan\u00e7ando, meu Deus!\u201d, reagiu.<\/p>\n<p data-start=\"412\" data-end=\"575\">O casal, que j\u00e1 tem uma filha, Liz, de 4 anos, aguarda agora a chegada do <strong data-start=\"649\" data-end=\"666\">segundo filho<\/strong>, ainda sem revelar o sexo. A gesta\u00e7\u00e3o foi anunciada no dia <strong data-start=\"726\" data-end=\"743\">22 de outubro<\/strong>, em um v\u00eddeo publicado nas redes sociais. Na grava\u00e7\u00e3o, Liz segura a foto do ultrassom enquanto os pais celebram: \u201cPromovida a irm\u00e3 mais velha! Agora somos quatro, minha gente! Estamos t\u00e3o felizes!\u201d.<\/p>\n","protected":false},"excerpt":{"rendered":"Durante uma viagem aos Estados Unidos, Lore Improta aproveitou uma visita a uma loja de enxoval para realizar&hellip;\n","protected":false},"author":2,"featured_media":143771,"comment_status":"","ping_status":"","sticky":false,"template":"","format":"standard","meta":{"footnotes":""},"categories":[145],"tags":[211,210,114,115,32,33],"class_list":{"0":"post-143770","1":"post","2":"type-post","3":"status-publish","4":"format-standard","5":"has-post-thumbnail","7":"category-celebridades","8":"tag-celebridades","9":"tag-celebrities","10":"tag-entertainment","11":"tag-entretenimento","12":"tag-portugal","13":"tag-pt"},"share_on_mastodon":{"url":"https:\/\/pubeurope.com\/@pt\/115511926551986431","error":""},"_links":{"self":[{"href":"https:\/\/www.europesays.com\/pt\/wp-json\/wp\/v2\/posts\/143770","targetHints":{"allow":["GET"]}}],"collection":[{"href":"https:\/\/www.europesays.com\/pt\/wp-json\/wp\/v2\/posts"}],"about":[{"href":"https:\/\/www.europesays.com\/pt\/wp-json\/wp\/v2\/types\/post"}],"author":[{"embeddable":true,"href":"https:\/\/www.europesays.com\/pt\/wp-json\/wp\/v2\/users\/2"}],"replies":[{"embeddable":true,"href":"https:\/\/www.europesays.com\/pt\/wp-json\/wp\/v2\/comments?post=143770"}],"version-history":[{"count":0,"href":"https:\/\/www.europesays.com\/pt\/wp-json\/wp\/v2\/posts\/143770\/revisions"}],"wp:featuredmedia":[{"embeddable":true,"href":"https:\/\/www.europesays.com\/pt\/wp-json\/wp\/v2\/media\/143771"}],"wp:attachment":[{"href":"https:\/\/www.europesays.com\/pt\/wp-json\/wp\/v2\/media?parent=143770"}],"wp:term":[{"taxonomy":"category","embeddable":true,"href":"https:\/\/www.europesays.com\/pt\/wp-json\/wp\/v2\/categories?post=143770"},{"taxonomy":"post_tag","embeddable":true,"href":"https:\/\/www.europesays.com\/pt\/wp-json\/wp\/v2\/tags?post=143770"}],"curies":[{"name":"wp","href":"https:\/\/api.w.org\/{rel}","templated":true}]}}