{"id":143782,"date":"2025-11-08T03:38:11","date_gmt":"2025-11-08T03:38:11","guid":{"rendered":"https:\/\/www.europesays.com\/pt\/143782\/"},"modified":"2025-11-08T03:38:11","modified_gmt":"2025-11-08T03:38:11","slug":"stranger-things-caso-millie-bobby-brown-e-david-harbour-tem-reviravolta-segundo-tv","status":"publish","type":"post","link":"https:\/\/www.europesays.com\/pt\/143782\/","title":{"rendered":"Stranger Things: Caso Millie Bobby Brown e David Harbour tem reviravolta segundo TV"},"content":{"rendered":"<p>            <img width=\"888\" height=\"562\" src=\"https:\/\/www.europesays.com\/pt\/wp-content\/uploads\/2025\/11\/milly-bobby-brown-afp.jpg\" class=\"attachment-bouplay-wp-thumbnail-single-image size-bouplay-wp-thumbnail-single-image wp-post-image\" alt=\"\" decoding=\"async\" fetchpriority=\"high\"  \/> <\/p>\n<p>A atriz Millie Bobby Brown teria apresentado uma den\u00fancia de ass\u00e9dio e bullying contra David Harbour. Ambos contracenam juntos em Stranger Things, da Netflix. Uma fonte disse ao programa de TV Entertainment Tonight que os dois sempre tiveram uma boa rela\u00e7\u00e3o.<\/p>\n<p>\u201cEles t\u00eam uma amizade pr\u00f3xima e passaram por muita coisa juntos\u201d, disse o site do programa, sem citar nomes. Anteriormente, o Daily Mail revelou supostas den\u00fancias que teriam sido feitas antes das filmagens da quinta temporada de Stranger Things. As acusa\u00e7\u00f5es teriam levado a uma investiga\u00e7\u00e3o interna que durou meses e incluiu v\u00e1rias p\u00e1ginas.<\/p>\n<p>Ap\u00f3s a repercuss\u00e3o do caso, internautas resgataram um v\u00eddeo de uma entrevista em que Millie Bobby Brown fala de maneira desconfort\u00e1vel sobre David Harbour.<\/p>\n<p>Na grava\u00e7\u00e3o \u2014 feita mais de um ano antes de as den\u00fancias virem \u00e0 tona \u2014, a atriz foi questionada sobre a presen\u00e7a do colega de elenco no casamento com Jake Bongiovi.<\/p>\n<p>O rep\u00f3rter Josh Horowitz, da MTV, brincou dizendo que a cerim\u00f4nia, realizada dois meses depois, deveria ter como tema Stranger Things.<\/p>\n<p>\u201cHarbour vai oficiar o casamento\u201d, disse Horowitz. \u201cN\u00e3o sei bem o que pensar disso\u201d, respondeu Millie, aparentando ter ficado sem jeito com a pergunta.<\/p>\n<p><img loading=\"lazy\" decoding=\"async\" class=\"alignnone size-full wp-image-86511\" src=\"https:\/\/www.europesays.com\/pt\/wp-content\/uploads\/2025\/11\/milly-bobby-brown-afp.jpg\" alt=\"\" width=\"888\" height=\"562\"   data-recalc-dims=\"1\"\/><\/p>\n<p>Com informa\u00e7\u00f5es do Metr\u00f3poles.<\/p>\n<p>\n\tRelacionado\n<\/p>\n<p>** Este texto n\u00e3o reflete, necessariamente, a opini\u00e3o do Portal UAI.<\/p>\n","protected":false},"excerpt":{"rendered":"A atriz Millie Bobby Brown teria apresentado uma den\u00fancia de ass\u00e9dio e bullying contra David Harbour. Ambos contracenam&hellip;\n","protected":false},"author":2,"featured_media":143783,"comment_status":"","ping_status":"","sticky":false,"template":"","format":"standard","meta":{"footnotes":""},"categories":[145],"tags":[813,211,210,12702,114,115,31669,30722,716,32,33,31670,1611,940],"class_list":{"0":"post-143782","1":"post","2":"type-post","3":"status-publish","4":"format-standard","5":"has-post-thumbnail","7":"category-celebridades","8":"tag-atriz","9":"tag-celebridades","10":"tag-celebrities","11":"tag-denuncia","12":"tag-entertainment","13":"tag-entretenimento","14":"tag-hopper","15":"tag-millie-bobby-brown","16":"tag-netflix","17":"tag-portugal","18":"tag-pt","19":"tag-sensacionalismo","20":"tag-stranger-things","21":"tag-streaming"},"share_on_mastodon":{"url":"https:\/\/pubeurope.com\/@pt\/115511997647549366","error":""},"_links":{"self":[{"href":"https:\/\/www.europesays.com\/pt\/wp-json\/wp\/v2\/posts\/143782","targetHints":{"allow":["GET"]}}],"collection":[{"href":"https:\/\/www.europesays.com\/pt\/wp-json\/wp\/v2\/posts"}],"about":[{"href":"https:\/\/www.europesays.com\/pt\/wp-json\/wp\/v2\/types\/post"}],"author":[{"embeddable":true,"href":"https:\/\/www.europesays.com\/pt\/wp-json\/wp\/v2\/users\/2"}],"replies":[{"embeddable":true,"href":"https:\/\/www.europesays.com\/pt\/wp-json\/wp\/v2\/comments?post=143782"}],"version-history":[{"count":0,"href":"https:\/\/www.europesays.com\/pt\/wp-json\/wp\/v2\/posts\/143782\/revisions"}],"wp:featuredmedia":[{"embeddable":true,"href":"https:\/\/www.europesays.com\/pt\/wp-json\/wp\/v2\/media\/143783"}],"wp:attachment":[{"href":"https:\/\/www.europesays.com\/pt\/wp-json\/wp\/v2\/media?parent=143782"}],"wp:term":[{"taxonomy":"category","embeddable":true,"href":"https:\/\/www.europesays.com\/pt\/wp-json\/wp\/v2\/categories?post=143782"},{"taxonomy":"post_tag","embeddable":true,"href":"https:\/\/www.europesays.com\/pt\/wp-json\/wp\/v2\/tags?post=143782"}],"curies":[{"name":"wp","href":"https:\/\/api.w.org\/{rel}","templated":true}]}}