{"id":143797,"date":"2025-11-08T04:01:10","date_gmt":"2025-11-08T04:01:10","guid":{"rendered":"https:\/\/www.europesays.com\/pt\/143797\/"},"modified":"2025-11-08T04:01:10","modified_gmt":"2025-11-08T04:01:10","slug":"morreu-o-nobel-da-medicina-james-watson","status":"publish","type":"post","link":"https:\/\/www.europesays.com\/pt\/143797\/","title":{"rendered":"Morreu o nobel da medicina James Watson"},"content":{"rendered":"<p>O geneticista norte-americano James Watson, que descobriu a estrutura do ADN, morreu na quinta-feira, em Nova Iorque, aos 97 anos, noticiou hoje o jornal The Washington Post.<\/p>\n<p>A morte foi confirmada pelo laborat\u00f3rio Cold Spring Harbor, que fundou e onde fez carreira, e pelo seu filho Rufus, que n\u00e3o adiantou uma causa espec\u00edfica.<\/p>\n<p>A descoberta da estrutura de dupla h\u00e9lice da mol\u00e9cula de ADN (que armazena a informa\u00e7\u00e3o gen\u00e9tica de um ser vivo) valeu-lhe o Pr\u00e9mio Nobel da Medicina em 1962 juntamente com o brit\u00e2nico Francis Crick e o neozeland\u00eas Maurice Wilkins.<\/p>\n<p>Watson foi professor na Universidade de Harvard e dirigiu o Projeto Genoma Humano, que mapeou os mais de 20 mil genes encontrados nos cromossomas humanos.<\/p>\n<p>Segundo o The The Washington Post, o geneticista foi ostracizado profissionalmente no final da vida por coment\u00e1rios considerados sexistas e racistas.<\/p>\n<p>Aos 80 anos demitiu-se do cargo que ocupava no laborat\u00f3rio Cold Spring Harbor e seis anos depois colocou a leil\u00e3o a medalha do Nobel.<\/p>\n","protected":false},"excerpt":{"rendered":"O geneticista norte-americano James Watson, que descobriu a estrutura do ADN, morreu na quinta-feira, em Nova Iorque, aos&hellip;\n","protected":false},"author":2,"featured_media":143798,"comment_status":"","ping_status":"","sticky":false,"template":"","format":"standard","meta":{"footnotes":""},"categories":[84],"tags":[609,836,2520,260,2530,109,107,108,2518,604,135,476,2519,301,2513,2515,2529,2531,2527,603,2517,2516,31672,31671,62,24447,13,2526,2528,2525,2522,32,2523,33,2521,2524,899,105,103,104,106,110,162,2514,2512,30],"class_list":{"0":"post-143797","1":"post","2":"type-post","3":"status-publish","4":"format-standard","5":"has-post-thumbnail","7":"category-ciencia-e-tecnologia","8":"tag-alerta","9":"tag-analise","10":"tag-as-pessoas-nao-sao-numeros","11":"tag-atualidade","12":"tag-catia-nobre","13":"tag-ciencia","14":"tag-ciencia-e-tecnologia","15":"tag-cienciaetecnologia","16":"tag-comentario","17":"tag-crime","18":"tag-desporto","19":"tag-economia","20":"tag-global","21":"tag-governo","22":"tag-jornal","23":"tag-jornal-nacional","24":"tag-jose-alberto-carvalho","25":"tag-jose-carlos-araujo","26":"tag-jose-eduardo-moniz","27":"tag-justica","28":"tag-mais-populares","29":"tag-mais-vistos","30":"tag-morreu-james-watson","31":"tag-morte-james-watson","32":"tag-mundo","33":"tag-nobel-da-medicina","34":"tag-noticias","35":"tag-nuno-santos","36":"tag-pedro-benevides","37":"tag-pedro-santos-guerreiro","38":"tag-perplexidades","39":"tag-portugal","40":"tag-preto-no-branco","41":"tag-pt","42":"tag-reporter-tvi","43":"tag-sandra-felgueiras","44":"tag-sara-pinto","45":"tag-science","46":"tag-science-and-technology","47":"tag-scienceandtechnology","48":"tag-technology","49":"tag-tecnologia","50":"tag-tvi","51":"tag-tvi-jornal","52":"tag-ultima-hora","53":"tag-ultimas-noticias"},"share_on_mastodon":{"url":"","error":"Validation failed: Text character limit of 500 exceeded"},"_links":{"self":[{"href":"https:\/\/www.europesays.com\/pt\/wp-json\/wp\/v2\/posts\/143797","targetHints":{"allow":["GET"]}}],"collection":[{"href":"https:\/\/www.europesays.com\/pt\/wp-json\/wp\/v2\/posts"}],"about":[{"href":"https:\/\/www.europesays.com\/pt\/wp-json\/wp\/v2\/types\/post"}],"author":[{"embeddable":true,"href":"https:\/\/www.europesays.com\/pt\/wp-json\/wp\/v2\/users\/2"}],"replies":[{"embeddable":true,"href":"https:\/\/www.europesays.com\/pt\/wp-json\/wp\/v2\/comments?post=143797"}],"version-history":[{"count":0,"href":"https:\/\/www.europesays.com\/pt\/wp-json\/wp\/v2\/posts\/143797\/revisions"}],"wp:featuredmedia":[{"embeddable":true,"href":"https:\/\/www.europesays.com\/pt\/wp-json\/wp\/v2\/media\/143798"}],"wp:attachment":[{"href":"https:\/\/www.europesays.com\/pt\/wp-json\/wp\/v2\/media?parent=143797"}],"wp:term":[{"taxonomy":"category","embeddable":true,"href":"https:\/\/www.europesays.com\/pt\/wp-json\/wp\/v2\/categories?post=143797"},{"taxonomy":"post_tag","embeddable":true,"href":"https:\/\/www.europesays.com\/pt\/wp-json\/wp\/v2\/tags?post=143797"}],"curies":[{"name":"wp","href":"https:\/\/api.w.org\/{rel}","templated":true}]}}