{"id":143803,"date":"2025-11-08T04:10:50","date_gmt":"2025-11-08T04:10:50","guid":{"rendered":"https:\/\/www.europesays.com\/pt\/143803\/"},"modified":"2025-11-08T04:10:50","modified_gmt":"2025-11-08T04:10:50","slug":"capitulos-da-semana-de-17-a-22-de-novembro","status":"publish","type":"post","link":"https:\/\/www.europesays.com\/pt\/143803\/","title":{"rendered":"cap\u00edtulos da semana de 17 a 22 de novembro"},"content":{"rendered":"<p>                        <img width=\"944\" height=\"531\" src=\"https:\/\/www.europesays.com\/pt\/wp-content\/uploads\/2025\/11\/Resumo-de-Tres-Gracas-capitulos-da-semana-de-17-a-22-de-novembro-944x531.jpg\" class=\"attachment-custom-large size-custom-large article-featured-image\" alt=\"Resumo de Tr\u00eas Gra\u00e7as cap\u00edtulos da semana de 17 a 22 de novembro\" fetchpriority=\"high\" decoding=\"async\"  \/><\/p>\n<p>Arminda segue envolta em segredos e Ferette desconfia da rela\u00e7\u00e3o entre Paulinho e Gerluce (Foto: Divulga\u00e7\u00e3o, TV Globo)<\/p>\n<p>Raul (Paulo Mendes) ser\u00e1 sequestrado pelo bando de Bagd\u00e1 (Xam\u00e3) em Tr\u00eas Gra\u00e7as. Nos cap\u00edtulos de 17 as 22 de novembro, quem vai pagar o resgate conseguir libertar o garoto \u00e9 Samira (Fernanda Vasconcellos) que come\u00e7a a se aproximar cada vez mais do garoto.<\/p>\n<p>Continua depois da publicidade<\/p>\n<p>Enquanto isso, na Chacrinha, Gerluce (Sophie Charlotte) entra em p\u00e2nico ao saber que Jorginho (Juliano Cazarr\u00e9) deixar\u00e1 a pris\u00e3o. Ele \u00e9 o pai de Jo\u00e9lly (Alana Cabral) e agora vai querer se aproximar da filha.<\/p>\n<p>Conhe\u00e7a todo o elenco de Tr\u00eas Gra\u00e7as, a pr\u00f3xima novela das nove da Globo1<\/p>\n<p>VoltarAvan\u00e7ar<\/p>\n<p><img loading=\"lazy\" decoding=\"async\" width=\"1200\" height=\"675\" data-id=\"7696076\" src=\"https:\/\/www.europesays.com\/pt\/wp-content\/uploads\/2025\/11\/elenco-tres-gracas.jpg\" alt=\"elenco tr\u00eas gra\u00e7as\" class=\"wp-image-7696076\"  \/><\/p>\n<p>Gerluce Maria das Gra\u00e7as (Sophie Charlotte) (Foto: Divulga\u00e7\u00e3o, Globo)<\/p>\n<p><img loading=\"lazy\" decoding=\"async\" width=\"1200\" height=\"675\" data-id=\"7696072\" src=\"https:\/\/www.europesays.com\/pt\/wp-content\/uploads\/2025\/11\/elenco-tres-gracas-7.jpg\" alt=\"\" class=\"wp-image-7696072\"  \/><\/p>\n<p>Arminda de Melo Dantas (Grazi Massafera) (Foto: Divulga\u00e7\u00e3o, Globo)<\/p>\n<p><img loading=\"lazy\" decoding=\"async\" width=\"1200\" height=\"675\" data-id=\"7696032\" src=\"https:\/\/www.europesays.com\/pt\/wp-content\/uploads\/2025\/11\/elenco-tres-gracas-11.jpg\" alt=\"elenco tr\u00eas gra\u00e7as\" class=\"wp-image-7696032\"  \/><\/p>\n<p>Santiago Ferette (Murilo Ben\u00edcio) (Foto: Divulga\u00e7\u00e3o, Globo)<\/p>\n<p><img loading=\"lazy\" decoding=\"async\" width=\"1200\" height=\"675\" data-id=\"7696036\" src=\"https:\/\/www.europesays.com\/pt\/wp-content\/uploads\/2025\/11\/elenco-tres-gracas-15.jpg\" alt=\"\" class=\"wp-image-7696036\"  \/><\/p>\n<p>Paulinho Reitz (Romulo Estrela) (Foto: Divulga\u00e7\u00e3o, Globo)<\/p>\n<p><img loading=\"lazy\" decoding=\"async\" width=\"1200\" height=\"675\" data-id=\"7696065\" src=\"https:\/\/www.europesays.com\/pt\/wp-content\/uploads\/2025\/11\/1762575015_639_elenco-tres-gracas-2.jpg\" alt=\"elenco tr\u00eas gra\u00e7as\" class=\"wp-image-7696065\"  \/><\/p>\n<p>L\u00edgia Maria das Gra\u00e7as (Dira Paes) (Foto: Divulga\u00e7\u00e3o, Globo)<\/p>\n<p><img loading=\"lazy\" decoding=\"async\" width=\"1200\" height=\"675\" data-id=\"7696067\" src=\"https:\/\/www.europesays.com\/pt\/wp-content\/uploads\/2025\/11\/elenco-tres-gracas-3.jpg\" alt=\"elenco tr\u00eas gra\u00e7as\" class=\"wp-image-7696067\"  \/><\/p>\n<p>Jo\u00e9lly Maria das Gra\u00e7as (Alana Cabral) (Foto: Divulga\u00e7\u00e3o, Globo)<\/p>\n<p><img loading=\"lazy\" decoding=\"async\" width=\"1200\" height=\"675\" data-id=\"7696073\" src=\"https:\/\/www.europesays.com\/pt\/wp-content\/uploads\/2025\/11\/elenco-tres-gracas-8.jpg\" alt=\"\" class=\"wp-image-7696073\"  \/><\/p>\n<p>Raul Dantas (Paulo Mendes) (Foto: Divulga\u00e7\u00e3o, Globo)<\/p>\n<p><img loading=\"lazy\" decoding=\"async\" width=\"1200\" height=\"675\" data-id=\"7696033\" src=\"https:\/\/www.europesays.com\/pt\/wp-content\/uploads\/2025\/11\/elenco-tres-gracas-12.jpg\" alt=\"elenco tr\u00eas gra\u00e7as\" class=\"wp-image-7696033\"  \/><\/p>\n<p>Zenilda Ferette (Andr\u00e9ia Horta) (Foto: Divulga\u00e7\u00e3o, Globo)<\/p>\n<p><img loading=\"lazy\" decoding=\"async\" width=\"1200\" height=\"675\" data-id=\"7696035\" src=\"https:\/\/www.europesays.com\/pt\/wp-content\/uploads\/2025\/11\/elenco-tres-gracas-14.jpg\" alt=\"\" class=\"wp-image-7696035\"  \/><\/p>\n<p>Leonardo Ferette (Pedro Novaes) (Foto: Divulga\u00e7\u00e3o, Globo)<\/p>\n<p><img loading=\"lazy\" decoding=\"async\" width=\"1200\" height=\"675\" data-id=\"7696069\" src=\"https:\/\/www.europesays.com\/pt\/wp-content\/uploads\/2025\/11\/elenco-tres-gracas-4.jpg\" alt=\"elenco tr\u00eas gra\u00e7as\" class=\"wp-image-7696069\"  \/><\/p>\n<p>Viviane (Gabriela Loran) (Foto: Divulga\u00e7\u00e3o, Globo)<\/p>\n<p><img loading=\"lazy\" decoding=\"async\" width=\"1200\" height=\"675\" data-id=\"7696074\" src=\"https:\/\/www.europesays.com\/pt\/wp-content\/uploads\/2025\/11\/elenco-tres-gracas-9.jpg\" alt=\"elenco tr\u00eas gra\u00e7as\" class=\"wp-image-7696074\"  \/><\/p>\n<p>Josefa Melo (Arlete Salles) (Foto: Divulga\u00e7\u00e3o, Globo)<\/p>\n<p><img loading=\"lazy\" decoding=\"async\" width=\"1200\" height=\"675\" data-id=\"7696034\" src=\"https:\/\/www.europesays.com\/pt\/wp-content\/uploads\/2025\/11\/elenco-tres-gracas-13.jpg\" alt=\"\" class=\"wp-image-7696034\"  \/><\/p>\n<p>Lorena Ferette (Alanis Guillen) (Foto: Divulga\u00e7\u00e3o, Globo)<\/p>\n<p><img loading=\"lazy\" decoding=\"async\" width=\"1200\" height=\"675\" data-id=\"7696070\" src=\"https:\/\/www.europesays.com\/pt\/wp-content\/uploads\/2025\/11\/elenco-tres-gracas-5.jpg\" alt=\"elenco tr\u00eas gra\u00e7as\" class=\"wp-image-7696070\"  \/><\/p>\n<p>Joaquim (Marcos Palmeira (Foto: Divulga\u00e7\u00e3o, Globo)<\/p>\n<p><img loading=\"lazy\" decoding=\"async\" width=\"1200\" height=\"675\" data-id=\"7696045\" src=\"https:\/\/www.europesays.com\/pt\/wp-content\/uploads\/2025\/11\/elenco-tres-gracas-18.jpg\" alt=\"\" class=\"wp-image-7696045\"  \/><\/p>\n<p>Samira (Fernanda Vasconcellos) (Foto: Divulga\u00e7\u00e3o, Globo)<\/p>\n<p><img loading=\"lazy\" decoding=\"async\" width=\"1200\" height=\"675\" data-id=\"7696050\" src=\"https:\/\/www.europesays.com\/pt\/wp-content\/uploads\/2025\/11\/elenco-tres-gracas-19.jpg\" alt=\"elenco tr\u00eas gra\u00e7as\" class=\"wp-image-7696050\"  \/><\/p>\n<p>X\u00eanica (Carla Marins) (Foto: Divulga\u00e7\u00e3o, Globo)<\/p>\n<p><img loading=\"lazy\" decoding=\"async\" width=\"1200\" height=\"675\" data-id=\"7696018\" src=\"https:\/\/www.europesays.com\/pt\/wp-content\/uploads\/2025\/11\/elenco-tres-gracas-35.jpg\" alt=\"elenco tr\u00eas gra\u00e7as\" class=\"wp-image-7696018\"  \/><\/p>\n<p>Bagd\u00e1 (Xam\u00e3) (Foto: Divulga\u00e7\u00e3o, Globo)<\/p>\n<p><img loading=\"lazy\" decoding=\"async\" width=\"1200\" height=\"675\" data-id=\"7696019\" src=\"https:\/\/www.europesays.com\/pt\/wp-content\/uploads\/2025\/11\/1762575027_364_elenco-tres-gracas-36.jpg\" alt=\"\" class=\"wp-image-7696019\"  \/><\/p>\n<p>Jorginho Ninja (Juliano Cazarr\u00e9) (Foto: Divulga\u00e7\u00e3o, Globo)<\/p>\n<p><img loading=\"lazy\" decoding=\"async\" width=\"1200\" height=\"675\" data-id=\"7696026\" src=\"https:\/\/www.europesays.com\/pt\/wp-content\/uploads\/2025\/11\/elenco-tres-gracas-27.jpg\" alt=\"\" class=\"wp-image-7696026\"  \/><\/p>\n<p>Kasper Damatta (Miguel Falabella) (Foto: Divulga\u00e7\u00e3o, Globo)<\/p>\n<p><img loading=\"lazy\" decoding=\"async\" width=\"1200\" height=\"675\" data-id=\"7696025\" src=\"https:\/\/www.europesays.com\/pt\/wp-content\/uploads\/2025\/11\/elenco-tres-gracas-26.jpg\" alt=\"elenco tr\u00eas gra\u00e7as\" class=\"wp-image-7696025\"  \/><\/p>\n<p>Jo\u00e3o Rubens (Samuel de Assis) (Foto: Divulga\u00e7\u00e3o, Globo)<\/p>\n<p><img loading=\"lazy\" decoding=\"async\" width=\"1200\" height=\"675\" data-id=\"7696027\" src=\"https:\/\/www.europesays.com\/pt\/wp-content\/uploads\/2025\/11\/elenco-tres-gracas-28.jpg\" alt=\"elenco tr\u00eas gra\u00e7as\" class=\"wp-image-7696027\"  \/><\/p>\n<p>Maggye (Mell Muzillo) (Foto: Divulga\u00e7\u00e3o, Globo)<\/p>\n<p><img loading=\"lazy\" decoding=\"async\" width=\"1200\" height=\"675\" data-id=\"7696020\" src=\"https:\/\/www.europesays.com\/pt\/wp-content\/uploads\/2025\/11\/elenco-tres-gracas-37.jpg\" alt=\"elenco tr\u00eas gra\u00e7as\" class=\"wp-image-7696020\"  \/><\/p>\n<p>Misael (Belo) (Foto: Divulga\u00e7\u00e3o, Globo)<\/p>\n<p><img loading=\"lazy\" decoding=\"async\" width=\"1200\" height=\"675\" data-id=\"7696029\" src=\"https:\/\/www.europesays.com\/pt\/wp-content\/uploads\/2025\/11\/elenco-tres-gracas-29.jpg\" alt=\"\" class=\"wp-image-7696029\"  \/><\/p>\n<p>Luc\u00e9lia (Daphne Bozaski) (Foto: Divulga\u00e7\u00e3o, Globo)<\/p>\n<p><img loading=\"lazy\" decoding=\"async\" width=\"1200\" height=\"675\" data-id=\"7696037\" src=\"https:\/\/www.europesays.com\/pt\/wp-content\/uploads\/2025\/11\/elenco-tres-gracas-16.jpg\" alt=\"elenco tr\u00eas gra\u00e7as\" class=\"wp-image-7696037\"  \/><\/p>\n<p>Eduarda Fragoso, a \u201cJuquinha\u201d (Gabriela Medvedovsky) (Foto: Divulga\u00e7\u00e3o, Globo)<\/p>\n<p><img loading=\"lazy\" decoding=\"async\" width=\"1200\" height=\"675\" data-id=\"7696071\" src=\"https:\/\/www.europesays.com\/pt\/wp-content\/uploads\/2025\/11\/elenco-tres-gracas-6.jpg\" alt=\"\" class=\"wp-image-7696071\"  \/><\/p>\n<p>Gilmar (Amaury Lorenzo) (Foto: Divulga\u00e7\u00e3o, Globo)<\/p>\n<p><img loading=\"lazy\" decoding=\"async\" width=\"1200\" height=\"675\" data-id=\"7696062\" src=\"https:\/\/www.europesays.com\/pt\/wp-content\/uploads\/2025\/11\/elenco-tres-gracas-22.jpg\" alt=\"elenco tr\u00eas gra\u00e7as\" class=\"wp-image-7696062\"  \/><\/p>\n<p>Herculano (Leandro Lima) e Lena (Barbara Reis) (Foto: Divulga\u00e7\u00e3o, Globo)<\/p>\n<p><img loading=\"lazy\" decoding=\"async\" width=\"1200\" height=\"675\" data-id=\"7696014\" src=\"https:\/\/www.europesays.com\/pt\/wp-content\/uploads\/2025\/11\/elenco-tres-gracas-32.jpg\" alt=\"elenco tr\u00eas gra\u00e7as\" class=\"wp-image-7696014\"  \/><\/p>\n<p>Pastor Alb\u00e9rico (Enrique Diaz) (Foto: Divulga\u00e7\u00e3o, Globo)<\/p>\n<p><img loading=\"lazy\" decoding=\"async\" width=\"1200\" height=\"675\" data-id=\"7696021\" src=\"https:\/\/www.europesays.com\/pt\/wp-content\/uploads\/2025\/11\/elenco-tres-gracas-38.jpg\" alt=\"\" class=\"wp-image-7696021\"  \/><\/p>\n<p>Jos\u00e9 Maria (T\u00falio Starling)  (Foto: Divulga\u00e7\u00e3o, Globo)<\/p>\n<p><img loading=\"lazy\" decoding=\"async\" width=\"1200\" height=\"675\" data-id=\"7696023\" src=\"https:\/\/www.europesays.com\/pt\/wp-content\/uploads\/2025\/11\/elenco-tres-gracas-24.jpg\" alt=\"elenco tr\u00eas gra\u00e7as\" class=\"wp-image-7696023\"  \/><\/p>\n<p>(Foto: Divulga\u00e7\u00e3o, Globo)<\/p>\n<p><img loading=\"lazy\" decoding=\"async\" width=\"1200\" height=\"675\" data-id=\"7696041\" src=\"https:\/\/www.europesays.com\/pt\/wp-content\/uploads\/2025\/11\/elenco-tres-gracas-17.jpg\" alt=\"\" class=\"wp-image-7696041\"  \/><\/p>\n<p>Jairo Barroso (Andr\u00e9 Mattos) (Foto: Divulga\u00e7\u00e3o, Globo)<\/p>\n<p><img loading=\"lazy\" decoding=\"async\" width=\"1200\" height=\"675\" data-id=\"7696058\" src=\"https:\/\/www.europesays.com\/pt\/wp-content\/uploads\/2025\/11\/elenco-tres-gracas-21.jpg\" alt=\"elenco tr\u00eas gra\u00e7as\" class=\"wp-image-7696058\"  \/><\/p>\n<p>Edilberto (Julio Rocha)  (Foto: Divulga\u00e7\u00e3o, Globo)<\/p>\n<p><img loading=\"lazy\" decoding=\"async\" width=\"1200\" height=\"675\" data-id=\"7696024\" src=\"https:\/\/www.europesays.com\/pt\/wp-content\/uploads\/2025\/11\/elenco-tres-gracas-25.jpg\" alt=\"elenco tr\u00eas gra\u00e7as\" class=\"wp-image-7696024\"  \/><\/p>\n<p>Chica (Rejane Faria)  e (C\u00e9lio (Ot\u00e1vio Muller) Foto: Divulga\u00e7\u00e3o, Globo)<\/p>\n<p><img loading=\"lazy\" decoding=\"async\" width=\"1200\" height=\"675\" data-id=\"7696022\" src=\"https:\/\/www.europesays.com\/pt\/wp-content\/uploads\/2025\/11\/elenco-tres-gracas-23.jpg\" alt=\"\" class=\"wp-image-7696022\"  \/><\/p>\n<p>Rivaldo (Augusto Madeira) (Foto: Divulga\u00e7\u00e3o, Globo)<\/p>\n<p><img loading=\"lazy\" decoding=\"async\" width=\"1200\" height=\"675\" data-id=\"7696054\" src=\"https:\/\/www.europesays.com\/pt\/wp-content\/uploads\/2025\/11\/elenco-tres-gracas-20.jpg\" alt=\"elenco tr\u00eas gra\u00e7as\" class=\"wp-image-7696054\"  \/><\/p>\n<p>Macedo (Rodrigo Garc\u00eda)  (Foto: Divulga\u00e7\u00e3o, Globo)<\/p>\n<p><img loading=\"lazy\" decoding=\"async\" width=\"1200\" height=\"675\" data-id=\"7696015\" src=\"https:\/\/www.europesays.com\/pt\/wp-content\/uploads\/2025\/11\/elenco-tres-gracas-33.jpg\" alt=\"\" class=\"wp-image-7696015\"  \/><\/p>\n<p>Kellen Cristina (Luiza Rosa) (Foto: Divulga\u00e7\u00e3o, Globo)<\/p>\n<p><img loading=\"lazy\" decoding=\"async\" width=\"1200\" height=\"675\" data-id=\"7696016\" src=\"https:\/\/www.europesays.com\/pt\/wp-content\/uploads\/2025\/11\/elenco-tres-gracas-34.jpg\" alt=\"elenco tr\u00eas gra\u00e7as\" class=\"wp-image-7696016\"  \/><\/p>\n<p>J\u00fanior (Guthierry Sotero) (Foto: Divulga\u00e7\u00e3o, Globo)<\/p>\n<p><img loading=\"lazy\" decoding=\"async\" width=\"1200\" height=\"675\" data-id=\"7696013\" src=\"https:\/\/www.europesays.com\/pt\/wp-content\/uploads\/2025\/11\/elenco-tres-gracas-31.jpg\" alt=\"elenco tr\u00eas gra\u00e7as\" class=\"wp-image-7696013\"  \/><\/p>\n<p>Alem\u00e3o (Lucas Righi)  (Foto: Divulga\u00e7\u00e3o, Globo)<\/p>\n<p><img loading=\"lazy\" decoding=\"async\" width=\"1200\" height=\"675\" data-id=\"7696031\" src=\"https:\/\/www.europesays.com\/pt\/wp-content\/uploads\/2025\/11\/elenco-tres-gracas-30.jpg\" alt=\"\" class=\"wp-image-7696031\"  \/><\/p>\n<p>Vand\u00edlson (Vinicius Teixeira) (Foto: Divulga\u00e7\u00e3o, Globo)<\/p>\n<p><img loading=\"lazy\" decoding=\"async\" width=\"1200\" height=\"675\" data-id=\"7696075\" src=\"https:\/\/www.europesays.com\/pt\/wp-content\/uploads\/2025\/11\/1762575050_313_elenco-tres-gracas-10.jpg\" alt=\"elenco tr\u00eas gra\u00e7as\" class=\"wp-image-7696075\"  \/><\/p>\n<p>Claudia (Lorrana Moussinho) (Foto: Divulga\u00e7\u00e3o, Globo)<\/p>\n<p>Resumo dos cap\u00edtulos da semana de 17 a 22 de novembro de Tr\u00eas Gra\u00e7as<\/p>\n<p><strong>Cap\u00edtulo 25\u00a0\u2013 segunda-feira \u2013 17 de novembro de 2025<\/strong><\/p>\n<p>L\u00edgia comenta com Kellen que est\u00e1 preocupada com a possibilidade de Jo\u00e9lly tomar uma m\u00e1 decis\u00e3o. Jo\u00e9lly n\u00e3o aceita a proposta de Samira, apesar do esfor\u00e7o de Raul. Bagd\u00e1 e seu bando capturam Raul, observados por Samira e Jo\u00e9lly. Samira diz a Jo\u00e9lly que tem o dinheiro para libertar Raul.\u00a0 Samira pressiona Jo\u00e9lly em favor da vida de Raul. Samira d\u00e1 o dinheiro a Bagd\u00e1 em troca de salvar a vida de Raul. Jo\u00e9lly se nega a falar com Raul. L\u00edgia avisa a Gerluce que Jorginho sair\u00e1 da pris\u00e3o. Gerluce reage mal ao saber que Jorginho deixar\u00e1 a pris\u00e3o.e promete acabar com ele antes que chegue perto de Jo\u00e9lly. Arminda se incomoda quando Raul demonstra interesse em saber o que a m\u00e3e esconde no quarto. Ferette manda Macedo investigar sobre a rela\u00e7\u00e3o de Paulinho e Gerluce.\u00a0<\/p>\n<p>Continua depois da publicidade<\/p>\n<p><strong>Cap\u00edtulo 26 \u2013 ter\u00e7a-feira \u2013 18 de novembro de 2025<\/strong><\/p>\n<p>Gerluce demonstra ao pastor Alb\u00e9rico que sente repulsa por Jorginho, e manda um recado para o pai de Jo\u00e9lly, prometendo que n\u00e3o responder\u00e1 por si caso ele resolva se aproximar da filha. Jo\u00e9lly confessa a Kellen que errou para ajudar Raul. Josefa insiste em questionar a morte de Rog\u00e9rio para Arminda. Gerluce nota que os rem\u00e9dios que Viviane comprou est\u00e3o fazendo efeito em L\u00edgia. Claudia acalma Josefa, depois que a m\u00e3e de Arminda recebe uma suposta visita de Rog\u00e9rio. Kellen pergunta a Alb\u00e9rico se ele j\u00e1 pensou na rea\u00e7\u00e3o de Gerluce quando souber que o pai abrigar\u00e1 Jorginho na igreja. Gerluce explica a Misael, J\u00fanior e Joaquim o motivo pelo qual os convocou para encontrar com ela na farm\u00e1cia.\u00a0<\/p>\n<p><strong>Cap\u00edtulo 27 \u2013 quarta-feira \u2013 19 de novembro de 2025<\/strong><\/p>\n<p>J\u00fanior se incomoda com a proposta de Gerluce e Viviane tenta convenc\u00ea-lo a participar do plano plano para ajudar os doentes da Chacrinha. Ferette e Lorena discutem e Zenilda tenta apaziguar. Gerluce \u00e9 flagrada por Arminda ao descartar um guardanapo com os rem\u00e9dios de Josefa. Josefa e Gerluce provocam Arminda. Raul amea\u00e7a fazer um esc\u00e2ndalo na porta da casa de Jo\u00e9lly se ela n\u00e3o quiser encontr\u00e1-lo na igreja. Jo\u00e9lly culpa Raul por ter precisado aceitar a proposta de Samira. Pastor Alb\u00e9rico garante a Jo\u00e9lly que tudo se resolver\u00e1, e promete n\u00e3o contar a Gerluce que o pai do filho da jovem \u00e9 Raul. Kellen n\u00e3o conta a Jo\u00e9lly qual o assunto que o pastor quer conversar com Gerluce. Jorginho avisa ao pastor Alb\u00e9rico que seu alvar\u00e1 de soltura saiu.<\/p>\n<p><strong>Cap\u00edtulo 28\u00a0\u2013 quinta-feira \u2013 20 de novembro de 2025<\/strong><\/p>\n<p>Samira mostra uma foto de Jo\u00e9lly a Herculano e Lena. Jorginho deixa a pris\u00e3o e se recorda de quando era o l\u00edder da Chacrinha. Gerluce desmaia ao se deparar com Jorginho. Gerluce esconde de L\u00edgia, Jo\u00e9lly e Paulinho que viu Jorginho Ninja. Claudia fica apavorada quando Josefa lhe afirma que Arminda e Ferette t\u00eam um caso. Kasper avisa a Jo\u00e3o Rubens que o Comendador quer ver a gravura do palha\u00e7o. Viviane reage ao saber que Gerluce viu Jorginho e aconselha a amiga a ser forte. Leonardo tenta uma aproxima\u00e7\u00e3o maior de Viviane.<\/p>\n<p>Continua depois da publicidade<\/p>\n<p><strong>Cap\u00edtulo 29 \u2013 sexta-feira \u2013 21 de novembro de 2025<\/strong><\/p>\n<p>Jo\u00e3o Rubens diz a Kasper que a gravura sumiu, e Luc\u00e9lia sugere que J\u00fanior possa ter roubado a pe\u00e7a. Luc\u00e9lia inventa para o comendador que a gravura est\u00e1 no cofre do banco. C\u00e9lio observa Arminda no quarto da escultura. Josefa e Arminda discutem. Raul enfrenta Arminda e entra no quarto das Tr\u00eas Gra\u00e7as. Lorena comenta com Zenilda que J\u00fanior precisar\u00e1 de um advogado, e sugere que a m\u00e3e pegue a causa. J\u00fanior se desespera ao encontrar em sua mochila a gravura do palha\u00e7o. Maggye se sente culpada sabendo que os pais n\u00e3o v\u00e3o mais querer os servi\u00e7os de J\u00fanior. O comendador compra a gravura de Kasper e Jo\u00e3o Rubens. J\u00fanior procura Gerluce para dizer que aceita participar de seu plano para ajudar os doentes da Chacrinha. Jo\u00e9lly escuta o pastor dizer a Gerluce que deseja falar sobre o pai de sua filha.\u00a0<\/p>\n<p><strong>Cap\u00edtulo 30\u00a0\u2013 s\u00e1bado \u2013 22 de novembro de 2025<\/strong><\/p>\n<p>Gerluce diz ao pastor que sua filha n\u00e3o tem pai. Jo\u00e9lly discute com Gerluce dizendo que tem o direito de conhecer seu pai. Leonardo tenta convencer Viviane a acreditar que seus interesses pela farmac\u00eautica s\u00e3o s\u00e9rios. Arminda conta a Ferette que Claudia fez perguntas a Josefa que os comprometem. Maggye e Luc\u00e9lia discutem por causa de J\u00fanior. Viviane pede conselho a Gerluce sobre Leonardo. Josefa e Raul defendem Gerluce de Arminda, que insiste em humilhar a funcion\u00e1ria. Lena mostra a Samira que seguiu seu conselho ao colocar uma barriga falsa de gravidez. Juquinha leva Gerluce para casa, a pedido de Paulinho. Gerluce deixa Joaquim, Misael, J\u00fanior e Viviane pasmos ao dizer que ter\u00e3o de adiar a discuss\u00e3o sobre o plano para ajudar os doentes da Chacrinha.\u00a0<\/p>\n<p>Os resumos podem sofrer altera\u00e7\u00f5es conforme a edi\u00e7\u00e3o das\u00a0<a href=\"https:\/\/gshow.globo.com\/novelas\/tres-gracas\/\" target=\"_blank\" rel=\"noreferrer noopener nofollow\"><strong>novelas<\/strong>.<\/a> Veja tamb\u00e9m <strong><a href=\"https:\/\/www.nsctotal.com.br\/noticias\/quem-e-paulo-mendes-o-raul-de-tres-gracas\" target=\"_blank\" rel=\"noreferrer noopener nofollow\">Quem \u00e9 Paulo Mendes, o Raul de Tr\u00eas Gra\u00e7as<\/a><\/strong>.<\/p>\n<p>Continua depois da publicidade<\/p>\n","protected":false},"excerpt":{"rendered":"Arminda segue envolta em segredos e Ferette desconfia da rela\u00e7\u00e3o entre Paulinho e Gerluce (Foto: Divulga\u00e7\u00e3o, TV Globo)&hellip;\n","protected":false},"author":2,"featured_media":143804,"comment_status":"","ping_status":"","sticky":false,"template":"","format":"standard","meta":{"footnotes":""},"categories":[142],"tags":[114,115,32,33,151,543],"class_list":{"0":"post-143803","1":"post","2":"type-post","3":"status-publish","4":"format-standard","5":"has-post-thumbnail","7":"category-tv","8":"tag-entertainment","9":"tag-entretenimento","10":"tag-portugal","11":"tag-pt","12":"tag-tv","13":"tag-ver-ouvir-ler"},"share_on_mastodon":{"url":"https:\/\/pubeurope.com\/@pt\/115512134385548031","error":""},"_links":{"self":[{"href":"https:\/\/www.europesays.com\/pt\/wp-json\/wp\/v2\/posts\/143803","targetHints":{"allow":["GET"]}}],"collection":[{"href":"https:\/\/www.europesays.com\/pt\/wp-json\/wp\/v2\/posts"}],"about":[{"href":"https:\/\/www.europesays.com\/pt\/wp-json\/wp\/v2\/types\/post"}],"author":[{"embeddable":true,"href":"https:\/\/www.europesays.com\/pt\/wp-json\/wp\/v2\/users\/2"}],"replies":[{"embeddable":true,"href":"https:\/\/www.europesays.com\/pt\/wp-json\/wp\/v2\/comments?post=143803"}],"version-history":[{"count":0,"href":"https:\/\/www.europesays.com\/pt\/wp-json\/wp\/v2\/posts\/143803\/revisions"}],"wp:featuredmedia":[{"embeddable":true,"href":"https:\/\/www.europesays.com\/pt\/wp-json\/wp\/v2\/media\/143804"}],"wp:attachment":[{"href":"https:\/\/www.europesays.com\/pt\/wp-json\/wp\/v2\/media?parent=143803"}],"wp:term":[{"taxonomy":"category","embeddable":true,"href":"https:\/\/www.europesays.com\/pt\/wp-json\/wp\/v2\/categories?post=143803"},{"taxonomy":"post_tag","embeddable":true,"href":"https:\/\/www.europesays.com\/pt\/wp-json\/wp\/v2\/tags?post=143803"}],"curies":[{"name":"wp","href":"https:\/\/api.w.org\/{rel}","templated":true}]}}