{"id":143811,"date":"2025-11-08T04:22:17","date_gmt":"2025-11-08T04:22:17","guid":{"rendered":"https:\/\/www.europesays.com\/pt\/143811\/"},"modified":"2025-11-08T04:22:17","modified_gmt":"2025-11-08T04:22:17","slug":"3-oc-na-guarda-4-oc-em-braganca-e-8-oc-no-porto-veja-mais","status":"publish","type":"post","link":"https:\/\/www.europesays.com\/pt\/143811\/","title":{"rendered":"3 \u00baC na Guarda, 4 \u00baC em Bragan\u00e7a e 8 \u00baC no Porto; veja mais"},"content":{"rendered":"<p> <img decoding=\"async\" fetchpriority=\"high\" src=\"https:\/\/www.europesays.com\/pt\/wp-content\/uploads\/2025\/11\/dailymotion-x9tdz68_1024.jpg\"  width=\"768\" height=\"432\" id=\"x9tdz68\"\/>  <\/p>\n<p>A madrugada de domingo (9) vai registar temperaturas m\u00ednimas mais baixas do que no s\u00e1bado (8). A maioria das capitais de distrito vai registar valores inferiores a 10 \u00baC, enquanto noutras o term\u00f3metro assinalar\u00e1 valores abaixo dos 5 \u00baC.<\/p>\n<p>    <img decoding=\"async\" fetchpriority=\"high\" src=\"https:\/\/www.europesays.com\/pt\/wp-content\/uploads\/2025\/10\/alfredo-graca.jpg\" alt=\"Alfredo Gra\u00e7a\" width=\"40\" height=\"40\"\/>    <a class=\"nombre text-hv\" href=\"https:\/\/www.tempo.pt\/autor\/alfredo-graca\/\" title=\"Alfredo Gra\u00e7a\" rel=\"nofollow noopener\" target=\"_blank\">Alfredo Gra\u00e7a<\/a>        07\/11\/2025 17:21   6 min   <\/p>\n<p>O \u00faltimo m\u00eas do outono climatol\u00f3gico arrancou com um estado do tempo muito t\u00edpico da esta\u00e7\u00e3o, caracterizado pela passagem de sucessivas frentes atl\u00e2nticas, chuva abundante acompanhada de trovoada e uma descida gradual das temperaturas. <strong>Os dias v\u00e3o-se tornando mais curtos, as noites mais frias e a nebulosidade, em conjunto com o vento, produz um tempo vari\u00e1vel<\/strong>, caracter\u00edstico do dinamismo desta altura do ano.<\/p>\n<p><strong>O que \u00e9 amplitude t\u00e9rmica?<\/strong><br \/>Nos pr\u00f3ximos dias a amplitude t\u00e9rmica ter\u00e1 tend\u00eancia a acentuar-se de maneira significativa. Consiste na grande diferen\u00e7a que se verifica entre os valores das temperaturas m\u00e1ximas e m\u00ednimas de um determinado momento, normalmente um dia. Quando nos referimos a um per\u00edodo de 24 horas (dia) a amplitude t\u00e9rmica \u00e9 ent\u00e3o a diferen\u00e7a entre os valores m\u00e1ximos diurnos e noturnos.<\/p>\n<p>Ap\u00f3s a frente fria que atravessou Portugal continental, os dias t\u00eam registado uma altern\u00e2ncia de aguaceiros, nebulosidade e precipita\u00e7\u00e3o abundante, com boas abertas. No entanto, <strong>no domingo (9), o term\u00f3metro vai baixar at\u00e9 aos 3 \u00baC, com valores inferiores a 10 \u00baC em grande parte do pa\u00eds<\/strong> nas primeiras horas do dia, o que denunciar\u00e1 um arrefecimento e contraste t\u00e9rmico acentuado em rela\u00e7\u00e3o a esta semana.<\/p>\n<p>Nas regi\u00f5es a norte do Mondego as m\u00ednimas variar\u00e3o entre 2 e 8 \u00baC<\/p>\n<p>Normalmente, ap\u00f3s a passagem de uma frente fria, <strong>produz-se a entrada de uma massa de ar polar<\/strong> que, por sua vez, \u00e0 medida que o vento perde intensidade e fica mais calmo, favorece a estratifica\u00e7\u00e3o do ar e permite que o frio se acumule \u00e0 superf\u00edcie.<\/p>\n<p><img loading=\"lazy\" decoding=\"async\" fetchpriority=\"low\" class=\"lazy \" src=\"https:\/\/www.europesays.com\/pt\/wp-content\/uploads\/2025\/11\/as-temperaturas-vao-baixar-a-esta-hora-no-domingo-3-c-na-guarda-4-c-em-braganca-e-8-c-no-porto-veja-.png\"  width=\"768\" height=\"432\" data-image=\"yr0hknv1w0kh\"\/>No interior Norte as temperaturas m\u00ednimas na madrugada de domingo (9) variar\u00e3o, grosso modo, entre os 2 e 5 \u00baC.<\/p>\n<p>Tendo isto em conta, \u00e9 expect\u00e1vel que ao longo do dia de s\u00e1bado (8) as nuvens se dissipem gradualmente, com o c\u00e9u a ficar praticamente limpo no per\u00edodo noturno. Desta forma, a perda de calor por radia\u00e7\u00e3o terrestre ser\u00e1 maior e, portanto, as temperaturas m\u00ednimas descer\u00e3o. <strong>A madrugada de domingo (9) registar\u00e1 valores entre os 2 e 5 \u00baC em grande parte do interior Norte e Centro, <\/strong>com especial destaque para o Nordeste Transmontano e Beira Alta.<\/p>\n<p>Prev\u00ea-se que localidades como <strong>Vimioso e Figueira de Castelo Rodrigo registem uma m\u00ednima de apenas 2 \u00baC ao amanhecer<\/strong>, com Mogadouro, Miranda do Douro e Guarda a poder atingir 3 \u00baC, sendo que para as cidades nortenhas de <strong>Chaves e Bragan\u00e7a, se preveem 4 \u00baC<\/strong>. Em rela\u00e7\u00e3o a hoje, a descida das temperaturas m\u00ednimas ser\u00e1 consider\u00e1vel. Quanto \u00e0s cidades do litoral, o efeito de termorregula\u00e7\u00e3o do mar entrar\u00e1 em a\u00e7\u00e3o, pelo que os valores n\u00e3o ser\u00e3o t\u00e3o contidos.<\/p>\n<p><a class=\"imagen \" href=\"https:\/\/www.tempo.pt\/noticias\/previsao\/previsao-atualizada-do-modelo-europeu-para-novembro-em-portugal-e-surpreendente-tanta-chuva.html\" title=\"Previs\u00e3o atualizada do modelo europeu para novembro em Portugal: \u201c\u00e9 surpreendente tanta chuva&#039;\" rel=\"nofollow noopener\" target=\"_blank\"><img loading=\"lazy\" decoding=\"async\" fetchpriority=\"low\" class=\"lazy img-body non-editable\" src=\"https:\/\/www.europesays.com\/pt\/wp-content\/uploads\/2025\/11\/previsao-atualizada-do-modelo-europeu-para-novembro-em-portugal-e-surpreendente-tanta-chuva-17624435.jpeg\"  width=\"320\" height=\"225\" alt=\"Previs\u00e3o atualizada do modelo europeu para novembro em Portugal: \u201c\u00e9 surpreendente tanta chuva'\"\/><\/a><\/p>\n<p><strong>As capitais distritais de Viana do Castelo, Porto e Aveiro registar\u00e3o entre 8 e 10 \u00baC de temperatura m\u00ednima ao amanhecer de domingo (9<\/strong>). Nas cidades de Lisboa e Faro o cen\u00e1rio ser\u00e1 completamente distinto e fugir\u00e1 \u00e0 regra, com m\u00ednimas a rondar os 13 \u00baC ao amanhecer de 9 de novembro.<\/p>\n<p>As temperaturas m\u00e1ximas tamb\u00e9m v\u00e3o baixar, mas a descida ser\u00e1 ligeira<\/p>\n<p>O arrefecimento previsto para a madrugada e amanhecer de domingo (9) n\u00e3o se dar\u00e1 somente ao n\u00edvel das temperaturas m\u00ednimas. Os mapas revelam que <strong>as temperaturas m\u00e1ximas tamb\u00e9m ter\u00e3o tend\u00eancia a baixar <\/strong>na generalidade da geografia de Portugal continental.<\/p>\n<p><img loading=\"lazy\" decoding=\"async\" fetchpriority=\"low\" class=\"lazy \" src=\"https:\/\/www.europesays.com\/pt\/wp-content\/uploads\/2025\/11\/1762575737_701_as-temperaturas-vao-baixar-a-esta-hora-no-domingo-3-c-na-guarda-4-c-em-braganca-e-8-c-no-porto-veja-.png\"  width=\"768\" height=\"432\" alt=\"anomalia t\u00e9rmica negativa Portugal\" title=\"anomalia t\u00e9rmica negativa Portugal\" data-image=\"otp3uvf2s3nu\"\/>Os mapas revelam que o amanhecer de domingo (9) ser\u00e1 frio, com temperaturas at\u00e9 4 \u00baC inferiores ao normal em v\u00e1rias zonas do pa\u00eds.<\/p>\n<p>Apesar disso, ap\u00f3s o amanhecer frio, <strong>espera-se que o per\u00edodo diurno seja relativamente ameno ou temperado<\/strong> (m\u00e1ximas entre 15 e 18 \u00baC em grande parte do Continente, exceto em Faro onde os 20 \u00baC fugir\u00e3o \u00e0 regra, e em Bragan\u00e7a e Guarda, com 14 e 12 \u00baC, respetivamente), o que contribuir\u00e1 para um <strong>acentuado contraste t\u00e9rmico entre o dia e a noite, sobretudo nas regi\u00f5es do Interior<\/strong>.<\/p>\n<p>Seja o primeiro a receber as previs\u00f5es gra\u00e7as ao <strong><a href=\"https:\/\/www.whatsapp.com\/channel\/0029VaxX6njIyPtRY4lOMd1b\" target=\"_blank\" rel=\"nofollow noopener\">nosso canal do WhatsApp<\/a><\/strong>. Siga-nos e ative as notifica\u00e7\u00f5es.<\/p>\n<p><strong>Entre s\u00e1bado (8) e domingo (9) as temperaturas m\u00e1ximas ter\u00e3o tend\u00eancia a baixar na maioria das capitais distritais<\/strong>. Para Coimbra prev\u00ea-se 18 \u00baC, Lisboa 19 \u00baC, Faro 20 \u00baC e Bragan\u00e7a 14 \u00baC. Mas h\u00e1 algumas cidades em que esse valores se manter\u00e3o de um dia para o outro, tais como por exemplo, Porto (17 \u00baC) e Guarda (12 \u00baC).<\/p>\n","protected":false},"excerpt":{"rendered":"A madrugada de domingo (9) vai registar temperaturas m\u00ednimas mais baixas do que no s\u00e1bado (8). A maioria&hellip;\n","protected":false},"author":2,"featured_media":143812,"comment_status":"","ping_status":"","sticky":false,"template":"","format":"standard","meta":{"footnotes":""},"categories":[10],"tags":[21322,27,28,10961,15,16,9086,14,25,26,21,22,606,12,13,19,20,32,1429,23,24,33,7068,10962,7069,4116,17,18,29,30,31],"class_list":{"0":"post-143811","1":"post","2":"type-post","3":"status-publish","4":"format-standard","5":"has-post-thumbnail","7":"category-portugal","8":"tag-amplitude-termica","9":"tag-breaking-news","10":"tag-breakingnews","11":"tag-descida-das-temperaturas","12":"tag-featured-news","13":"tag-featurednews","14":"tag-frio","15":"tag-headlines","16":"tag-latest-news","17":"tag-latestnews","18":"tag-main-news","19":"tag-mainnews","20":"tag-meteorologia","21":"tag-news","22":"tag-noticias","23":"tag-noticias-principais","24":"tag-noticiasprincipais","25":"tag-portugal","26":"tag-previsao-do-tempo","27":"tag-principais-noticias","28":"tag-principaisnoticias","29":"tag-pt","30":"tag-tempo-fim-de-semana","31":"tag-tempo-fresco","32":"tag-tempo-para-amanha","33":"tag-tempo-proximos-dias","34":"tag-top-stories","35":"tag-topstories","36":"tag-ultimas","37":"tag-ultimas-noticias","38":"tag-ultimasnoticias"},"share_on_mastodon":{"url":"","error":"Validation failed: Text character limit of 500 exceeded"},"_links":{"self":[{"href":"https:\/\/www.europesays.com\/pt\/wp-json\/wp\/v2\/posts\/143811","targetHints":{"allow":["GET"]}}],"collection":[{"href":"https:\/\/www.europesays.com\/pt\/wp-json\/wp\/v2\/posts"}],"about":[{"href":"https:\/\/www.europesays.com\/pt\/wp-json\/wp\/v2\/types\/post"}],"author":[{"embeddable":true,"href":"https:\/\/www.europesays.com\/pt\/wp-json\/wp\/v2\/users\/2"}],"replies":[{"embeddable":true,"href":"https:\/\/www.europesays.com\/pt\/wp-json\/wp\/v2\/comments?post=143811"}],"version-history":[{"count":0,"href":"https:\/\/www.europesays.com\/pt\/wp-json\/wp\/v2\/posts\/143811\/revisions"}],"wp:featuredmedia":[{"embeddable":true,"href":"https:\/\/www.europesays.com\/pt\/wp-json\/wp\/v2\/media\/143812"}],"wp:attachment":[{"href":"https:\/\/www.europesays.com\/pt\/wp-json\/wp\/v2\/media?parent=143811"}],"wp:term":[{"taxonomy":"category","embeddable":true,"href":"https:\/\/www.europesays.com\/pt\/wp-json\/wp\/v2\/categories?post=143811"},{"taxonomy":"post_tag","embeddable":true,"href":"https:\/\/www.europesays.com\/pt\/wp-json\/wp\/v2\/tags?post=143811"}],"curies":[{"name":"wp","href":"https:\/\/api.w.org\/{rel}","templated":true}]}}