{"id":143817,"date":"2025-11-08T04:31:17","date_gmt":"2025-11-08T04:31:17","guid":{"rendered":"https:\/\/www.europesays.com\/pt\/143817\/"},"modified":"2025-11-08T04:31:17","modified_gmt":"2025-11-08T04:31:17","slug":"brasileiros-desenvolvem-composto-quimico-para-combater-alzheimer","status":"publish","type":"post","link":"https:\/\/www.europesays.com\/pt\/143817\/","title":{"rendered":"Brasileiros desenvolvem composto qu\u00edmico para combater Alzheimer"},"content":{"rendered":"<p dir=\"ltr\">Pesquisadores da Universidade Federal do ABC (UFABC) desenvolveram um composto qu\u00edmico que pode ajudar no tratamento de pessoas com Alzheimer. Antes de obter os resultados positivos, foram realizados testes em animais e simula\u00e7\u00f5es computacionais. Agora, \u00e9 necess\u00e1ria a realiza\u00e7\u00e3o de ensaios cl\u00ednicos, para isso, os estudiosos buscam parcerias com empresas farmac\u00eauticas.<\/p>\n<p dir=\"ltr\">A descoberta feita em parceria com a Funda\u00e7\u00e3o de Amparo \u00e0 Pesquisa do Estado de S\u00e3o Paulo (Fapesp), mostra que os compostos descobertos degradam as placas beta-amiloides, que ficam acumuladas no c\u00e9rebro do portador do Alzheimer e causam inflama\u00e7\u00e3o, interrompendo a comunica\u00e7\u00e3o neural.<\/p>\n<p dir=\"ltr\">O que torna o composto qu\u00edmico especial \u00e9 o fato de que ele degrada as placas de beta-amiloide. Isso ocorre por se tratar de uma mol\u00e9cula capaz de se ligar aos elementos met\u00e1licos presentes nas placas, o que acaba reduzindo os sintomas da doen\u00e7a. Testes realizados em ratos mostraram resultados positivos. Os animais tiveram redu\u00e7\u00e3o na perda de mem\u00f3ria e, biologicamente, o padr\u00e3o das placas foi revertido.<\/p>\n<p dir=\"ltr\">A professora do Centro de Ci\u00eancias Naturais e Humanas da UFABC e coordenadora do estudo Giselle Cerchiaro, relata como as primeiras descobertas sobre o tema vieram \u00e0 tona. \u201cH\u00e1 cerca de uma d\u00e9cada, estudos internacionais come\u00e7aram a apontar a influ\u00eancia dos \u00edons de cobre como um agregador das placas de beta-amiloide. Descobriu-se que muta\u00e7\u00f5es gen\u00e9ticas e altera\u00e7\u00f5es em enzimas que atuam no transporte do cobre nas c\u00e9lulas poderiam levar ao ac\u00famulo de elemento no c\u00e9rebro, favorecendo a agrega\u00e7\u00e3o dessas placas&#8221;, contou Giselle.<\/p>\n<p dir=\"ltr\">De acordo com o Minist\u00e9rio da Sa\u00fade, cerca de 1,2 milh\u00e3o de brasileiros\u00a0t\u00eam Alzheimer, que \u00e9 uma doen\u00e7a neurodegenerativa e ainda n\u00e3o tem cura. A causa tamb\u00e9m \u00e9 desconhecida. Por enquanto, s\u00f3 \u00e9 poss\u00edvel encontrar tratamentos que amenizem os sintomas ou medicamentos complexos com o uso de anticorpos.<\/p>\n<p dir=\"ltr\"><strong>*Estagi\u00e1rio sob supervis\u00e3o de Mariana Niederauer<\/strong><\/p>\n<ul>\n<li><a href=\"https:\/\/wa.me\/?text=Brasileiros+desenvolvem+composto+qu%C3%ADmico+para+combater+Alzheimer%20https:\/\/www.correiobraziliense.com.br\/ciencia-e-saude\/2025\/11\/7287963-composto-quimico-para-combater-alzheimer-e-desenvolvido-por-pesquisadores-brasileiros.html\" target=\"_blank\" title=\"Whatsapp\" aria-label=\"WhatsApp\" rel=\"nofollow noopener\"><\/a><\/li>\n<li><a href=\"https:\/\/www.facebook.com\/sharer.php?u=https:\/\/www.correiobraziliense.com.br%2Fciencia-e-saude%2F2025%2F11%2F7287963-composto-quimico-para-combater-alzheimer-e-desenvolvido-por-pesquisadores-brasileiros.html&amp;text=Brasileiros+desenvolvem+composto+qu%C3%ADmico+para+combater+Alzheimer\" target=\"_blank\" title=\"Facebook\" aria-label=\"Facebook\" rel=\"nofollow noopener\"><\/a><\/li>\n<li><a href=\"https:\/\/twitter.com\/intent\/tweet?url=https:\/\/www.correiobraziliense.com.br%2Fciencia-e-saude%2F2025%2F11%2F7287963-composto-quimico-para-combater-alzheimer-e-desenvolvido-por-pesquisadores-brasileiros.html&amp;text=Brasileiros+desenvolvem+composto+qu%C3%ADmico+para+combater+Alzheimer\" target=\"_blank\" title=\"Twitter\" aria-label=\"Twitter\" rel=\"nofollow noopener\"><\/a><\/li>\n<li><a href=\"https:\/\/profile.google.com\/cp\/CgovbS8wNzZ0dms1\" title=\"Google Discover\" target=\"_blank\" aria-label=\"Google Discover\" rel=\"nofollow noopener\"><img decoding=\"async\" src=\"https:\/\/www.europesays.com\/pt\/wp-content\/uploads\/2025\/10\/1761263228_86_google-discover-icon.png\" style=\"height: 25px; margin: 0 !important; margin-left: 3px;\" alt=\"Google Discover Icon\"\/><\/a><\/li>\n<\/ul>\n<p>              <a href=\"https:\/\/www.correiobraziliense.com.br\/autor\/julio-noronha*\/page\/1\/\" style=\"height: 100%;\" rel=\"nofollow noopener\" target=\"_blank\"><img decoding=\"async\" class=\"hidden-print author-circle d-block h6 mt-0 mb-0 mr-6 text-center\" src=\"https:\/\/www.europesays.com\/pt\/wp-content\/uploads\/2025\/08\/img_0174-57137037.jpeg\" alt=\"\" width=\"40\" height=\"40\" loading=\"lazy\" style=\"object-fit:cover; width: 40px; height: 40px; margin-right:10px;\"\/><\/a><a href=\"https:\/\/www.correiobraziliense.com.br\/autor\/julio-noronha*\/page\/1\/\" rel=\"nofollow noopener\" target=\"_blank\"><img decoding=\"async\" class=\"hidden-print author-circle d-block h6 mt-0 mb-0 mr-6 text-center\" src=\"https:\/\/www.europesays.com\/pt\/wp-content\/uploads\/2025\/08\/img_0174-57137037.jpeg\" alt=\"\" width=\"40\" height=\"40\" loading=\"lazy\" style=\"object-fit:cover; width: 40px; height: 40px; margin-right:10px;\"\/><\/a>J\u00falio Noronha*  <strong class=\"entryStrongAuthor\"\/><\/p>\n<p class=\"entryDescricaoAuthor\">Estudante de jornalismo no Centro Universit\u00e1rio Iesb, \u00e9 estagi\u00e1rio do site do Correio Braziliense.<\/p>\n<p>                          <script async src=\"https:\/\/platform.twitter.com\/widgets.js\" charset=\"utf-8\"><\/script><\/p>\n","protected":false},"excerpt":{"rendered":"Pesquisadores da Universidade Federal do ABC (UFABC) desenvolveram um composto qu\u00edmico que pode ajudar no tratamento de pessoas&hellip;\n","protected":false},"author":2,"featured_media":143818,"comment_status":"","ping_status":"","sticky":false,"template":"","format":"standard","meta":{"footnotes":""},"categories":[86],"tags":[314,116,1348,32,33,117],"class_list":{"0":"post-143817","1":"post","2":"type-post","3":"status-publish","4":"format-standard","5":"has-post-thumbnail","7":"category-saude","8":"tag-alzheimer","9":"tag-health","10":"tag-pesquisa","11":"tag-portugal","12":"tag-pt","13":"tag-saude"},"share_on_mastodon":{"url":"https:\/\/pubeurope.com\/@pt\/115512205990068959","error":""},"_links":{"self":[{"href":"https:\/\/www.europesays.com\/pt\/wp-json\/wp\/v2\/posts\/143817","targetHints":{"allow":["GET"]}}],"collection":[{"href":"https:\/\/www.europesays.com\/pt\/wp-json\/wp\/v2\/posts"}],"about":[{"href":"https:\/\/www.europesays.com\/pt\/wp-json\/wp\/v2\/types\/post"}],"author":[{"embeddable":true,"href":"https:\/\/www.europesays.com\/pt\/wp-json\/wp\/v2\/users\/2"}],"replies":[{"embeddable":true,"href":"https:\/\/www.europesays.com\/pt\/wp-json\/wp\/v2\/comments?post=143817"}],"version-history":[{"count":0,"href":"https:\/\/www.europesays.com\/pt\/wp-json\/wp\/v2\/posts\/143817\/revisions"}],"wp:featuredmedia":[{"embeddable":true,"href":"https:\/\/www.europesays.com\/pt\/wp-json\/wp\/v2\/media\/143818"}],"wp:attachment":[{"href":"https:\/\/www.europesays.com\/pt\/wp-json\/wp\/v2\/media?parent=143817"}],"wp:term":[{"taxonomy":"category","embeddable":true,"href":"https:\/\/www.europesays.com\/pt\/wp-json\/wp\/v2\/categories?post=143817"},{"taxonomy":"post_tag","embeddable":true,"href":"https:\/\/www.europesays.com\/pt\/wp-json\/wp\/v2\/tags?post=143817"}],"curies":[{"name":"wp","href":"https:\/\/api.w.org\/{rel}","templated":true}]}}