{"id":143827,"date":"2025-11-08T04:48:06","date_gmt":"2025-11-08T04:48:06","guid":{"rendered":"https:\/\/www.europesays.com\/pt\/143827\/"},"modified":"2025-11-08T04:48:06","modified_gmt":"2025-11-08T04:48:06","slug":"morreu-o-nobel-da-medicina-james-watson-2","status":"publish","type":"post","link":"https:\/\/www.europesays.com\/pt\/143827\/","title":{"rendered":"Morreu o nobel da medicina James Watson"},"content":{"rendered":"<p>\t                Foi respons\u00e1vel pela descoberta da estrutura do ADN<\/p>\n<p>O geneticista norte-americano James Watson, que descobriu a estrutura do ADN, morreu na quinta-feira, em Nova Iorque, aos 97 anos, noticiou hoje o jornal The Washington Post.<\/p>\n<p>A morte foi confirmada pelo laborat\u00f3rio Cold Spring Harbor, que fundou e onde fez carreira, e pelo seu filho Rufus, que n\u00e3o adiantou uma causa espec\u00edfica.<\/p>\n<p>A descoberta da estrutura de dupla h\u00e9lice da mol\u00e9cula de ADN (que armazena a informa\u00e7\u00e3o gen\u00e9tica de um ser vivo) valeu-lhe o Pr\u00e9mio Nobel da Medicina em 1962 juntamente com o brit\u00e2nico Francis Crick e o neozeland\u00eas Maurice Wilkins.<\/p>\n<p>Watson foi professor na Universidade de Harvard e dirigiu o Projeto Genoma Humano, que mapeou os mais de 20 mil genes encontrados nos cromossomas humanos.<\/p>\n<p>Segundo o The The Washington Post, o geneticista foi ostracizado profissionalmente no final da vida por coment\u00e1rios considerados sexistas e racistas.<\/p>\n<p>Aos 80 anos demitiu-se do cargo que ocupava no laborat\u00f3rio Cold Spring Harbor e seis anos depois colocou a leil\u00e3o a medalha do Nobel.<\/p>\n","protected":false},"excerpt":{"rendered":"Foi respons\u00e1vel pela descoberta da estrutura do ADN O geneticista norte-americano James Watson, que descobriu a estrutura do&hellip;\n","protected":false},"author":2,"featured_media":143828,"comment_status":"","ping_status":"","sticky":false,"template":"","format":"standard","meta":{"footnotes":""},"categories":[84],"tags":[609,836,611,27,109,107,108,607,608,333,832,604,135,610,476,301,830,603,570,831,833,31672,31671,62,834,24447,13,835,602,52,32,33,105,103,104,106,110,29],"class_list":{"0":"post-143827","1":"post","2":"type-post","3":"status-publish","4":"format-standard","5":"has-post-thumbnail","7":"category-ciencia-e-tecnologia","8":"tag-alerta","9":"tag-analise","10":"tag-ao-minuto","11":"tag-breaking-news","12":"tag-ciencia","13":"tag-ciencia-e-tecnologia","14":"tag-cienciaetecnologia","15":"tag-cnn","16":"tag-cnn-portugal","17":"tag-comentadores","18":"tag-costa","19":"tag-crime","20":"tag-desporto","21":"tag-direto","22":"tag-economia","23":"tag-governo","24":"tag-guerra","25":"tag-justica","26":"tag-live","27":"tag-mais-vistas","28":"tag-marcelo","29":"tag-morreu-james-watson","30":"tag-morte-james-watson","31":"tag-mundo","32":"tag-negocios","33":"tag-nobel-da-medicina","34":"tag-noticias","35":"tag-opiniao","36":"tag-pais","37":"tag-politica","38":"tag-portugal","39":"tag-pt","40":"tag-science","41":"tag-science-and-technology","42":"tag-scienceandtechnology","43":"tag-technology","44":"tag-tecnologia","45":"tag-ultimas"},"share_on_mastodon":{"url":"https:\/\/pubeurope.com\/@pt\/115512272698615889","error":""},"_links":{"self":[{"href":"https:\/\/www.europesays.com\/pt\/wp-json\/wp\/v2\/posts\/143827","targetHints":{"allow":["GET"]}}],"collection":[{"href":"https:\/\/www.europesays.com\/pt\/wp-json\/wp\/v2\/posts"}],"about":[{"href":"https:\/\/www.europesays.com\/pt\/wp-json\/wp\/v2\/types\/post"}],"author":[{"embeddable":true,"href":"https:\/\/www.europesays.com\/pt\/wp-json\/wp\/v2\/users\/2"}],"replies":[{"embeddable":true,"href":"https:\/\/www.europesays.com\/pt\/wp-json\/wp\/v2\/comments?post=143827"}],"version-history":[{"count":0,"href":"https:\/\/www.europesays.com\/pt\/wp-json\/wp\/v2\/posts\/143827\/revisions"}],"wp:featuredmedia":[{"embeddable":true,"href":"https:\/\/www.europesays.com\/pt\/wp-json\/wp\/v2\/media\/143828"}],"wp:attachment":[{"href":"https:\/\/www.europesays.com\/pt\/wp-json\/wp\/v2\/media?parent=143827"}],"wp:term":[{"taxonomy":"category","embeddable":true,"href":"https:\/\/www.europesays.com\/pt\/wp-json\/wp\/v2\/categories?post=143827"},{"taxonomy":"post_tag","embeddable":true,"href":"https:\/\/www.europesays.com\/pt\/wp-json\/wp\/v2\/tags?post=143827"}],"curies":[{"name":"wp","href":"https:\/\/api.w.org\/{rel}","templated":true}]}}