{"id":143848,"date":"2025-11-08T05:25:12","date_gmt":"2025-11-08T05:25:12","guid":{"rendered":"https:\/\/www.europesays.com\/pt\/143848\/"},"modified":"2025-11-08T05:25:12","modified_gmt":"2025-11-08T05:25:12","slug":"nada-me-preparou-para-o-momento-em-que-chegamos-a-casa-a-partilha-que-esta-a-emocionar-os-fas-de-maria-botelho-moniz-dois-as-10","status":"publish","type":"post","link":"https:\/\/www.europesays.com\/pt\/143848\/","title":{"rendered":"\u00abNada me preparou para o momento em que cheg\u00e1mos a casa\u00bb: a partilha que est\u00e1 a emocionar os f\u00e3s de Maria Botelho Moniz &#8211; Dois \u00e0s 10"},"content":{"rendered":"<p>                        Maria Botelho Moniz surpreendeu o pequeno Vicente com uma transforma\u00e7\u00e3o encantadora no quarto. O gesto da apresentadora da TVI emocionou o noivo, Pedro Bianchi Prata, que partilhou o momento nas redes sociais e n\u00e3o poupou elogios \u00e0 m\u00e3e do filho de ambos.<\/p>\n<p data-end=\"828\" data-start=\"589\">Maria Botelho Moniz continua a mostrar o seu lado mais ternurento enquanto m\u00e3e. A apresentadora da TVI decidiu surpreender o filho, Vicente, com uma transforma\u00e7\u00e3o especial no quarto, decorando-o com todos os elementos que ele mais adora.<\/p>\n<p data-end=\"1194\" data-start=\"830\">O momento foi partilhado pelo noivo da comunicadora, Pedro Bianchi Prata, que revelou nas redes sociais o quanto ficou comovido com o gesto. <strong>\u201cSegunda-feira j\u00e1 tinha sido especial. O Vicente passou a tarde comigo no Off-Road Center, a fazermos as nossas brincadeiras do costume. Mas nada me preparou para o momento em que cheg\u00e1mos a casa\u201d<\/strong>, come\u00e7ou por escrever.<\/p>\n<p data-end=\"1249\" data-start=\"1196\">O piloto contou que Maria preparou tudo em segredo:<strong> \u201cA Maria tinha-lhe preparado uma surpresa no quarto. Mudou tudo em sil\u00eancio, com aquele cuidado que s\u00f3 uma m\u00e3e tem, e encheu a parede com tudo o que ele adora: escavadoras, tratores, gruas, cones, placas\u2026 o mundo dele.\u201d<\/strong><\/p>\n<p data-end=\"1546\" data-start=\"1475\">Pedro descreveu ainda a rea\u00e7\u00e3o do filho quando viu o quarto renovado: <strong>\u201cQuando ela o chamou e ele entrou no quarto\u2026 aquele \u2018uau\u2019, aquela cara de espanto e felicidade pura\u2026 ficou marcado em mim. Foi daqueles segundos que fazem o dia inteiro valer a pena.\u201d<\/strong><\/p>\n<p data-end=\"1795\" data-start=\"1736\">Emocionado, o piloto deixou ainda uma declara\u00e7\u00e3o \u00e0 noiva: <strong>\u201c\u00c9 t\u00e3o bom ver o nosso filho sentir-se t\u00e3o amado. E t\u00e3o bom ver a m\u00e3e que ele tem: dedicada, presente, atenta a cada detalhe. A vida anda depressa, mas estes momentos metem tudo no lugar. Isto \u00e9 a nossa fam\u00edlia.\u201d<\/strong><\/p>\n<blockquote class=\"instagram-media\" data-instgrm-captioned=\"\" data-instgrm-permalink=\"https:\/\/www.instagram.com\/p\/DQwkIq7iCGR\/?utm_source=ig_embed&amp;utm_campaign=loading\" data-instgrm-version=\"14\" style=\" background:#FFF; border:0; border-radius:3px; box-shadow:0 0 1px 0 rgba(0,0,0,0.5),0 1px 10px 0 rgba(0,0,0,0.15); margin: 1px; max-width:540px; min-width:326px; padding:0; width:99.375%; width:-webkit-calc(100% - 2px); width:calc(100% - 2px);\">\n<\/blockquote>\n<p data-end=\"2332\" data-start=\"2014\">Maria Botelho Moniz e Pedro Bianchi Prata foram pais do pequeno Vicente a 19 de novembro de 2023, concretizando o sonho da parentalidade depois de um percurso marcado por tratamentos de fertilidade. Desde ent\u00e3o, o casal tem partilhado com os f\u00e3s v\u00e1rios momentos de amor, cumplicidade e celebra\u00e7\u00e3o da vida em fam\u00edlia.<\/p>\n<p>                    <script async src=\"\/\/www.instagram.com\/embed.js\"><\/script><\/p>\n","protected":false},"excerpt":{"rendered":"Maria Botelho Moniz surpreendeu o pequeno Vicente com uma transforma\u00e7\u00e3o encantadora no quarto. O gesto da apresentadora da&hellip;\n","protected":false},"author":2,"featured_media":143849,"comment_status":"","ping_status":"","sticky":false,"template":"","format":"standard","meta":{"footnotes":""},"categories":[142],"tags":[48,329,166,3412,3406,3409,801,3410,3411,3407,3408,114,115,3413,338,4089,32,33,151],"class_list":{"0":"post-143848","1":"post","2":"type-post","3":"status-publish","4":"format-standard","5":"has-post-thumbnail","7":"category-tv","8":"tag-big-brother","9":"tag-claudio-ramos","10":"tag-cristina-ferreira","11":"tag-dois-10","12":"tag-dois-a-s-10-dois-a-s-10","13":"tag-dois-a-s-dez","14":"tag-dois-as-10","15":"tag-dois-as-dez","16":"tag-dois-dez","17":"tag-doisas10","18":"tag-doisasdez","19":"tag-entertainment","20":"tag-entretenimento","21":"tag-manha-tvi","22":"tag-maria-botelho-moniz","23":"tag-pedro-bianchi-prata","24":"tag-portugal","25":"tag-pt","26":"tag-tv"},"share_on_mastodon":{"url":"https:\/\/pubeurope.com\/@pt\/115512418184464318","error":""},"_links":{"self":[{"href":"https:\/\/www.europesays.com\/pt\/wp-json\/wp\/v2\/posts\/143848","targetHints":{"allow":["GET"]}}],"collection":[{"href":"https:\/\/www.europesays.com\/pt\/wp-json\/wp\/v2\/posts"}],"about":[{"href":"https:\/\/www.europesays.com\/pt\/wp-json\/wp\/v2\/types\/post"}],"author":[{"embeddable":true,"href":"https:\/\/www.europesays.com\/pt\/wp-json\/wp\/v2\/users\/2"}],"replies":[{"embeddable":true,"href":"https:\/\/www.europesays.com\/pt\/wp-json\/wp\/v2\/comments?post=143848"}],"version-history":[{"count":0,"href":"https:\/\/www.europesays.com\/pt\/wp-json\/wp\/v2\/posts\/143848\/revisions"}],"wp:featuredmedia":[{"embeddable":true,"href":"https:\/\/www.europesays.com\/pt\/wp-json\/wp\/v2\/media\/143849"}],"wp:attachment":[{"href":"https:\/\/www.europesays.com\/pt\/wp-json\/wp\/v2\/media?parent=143848"}],"wp:term":[{"taxonomy":"category","embeddable":true,"href":"https:\/\/www.europesays.com\/pt\/wp-json\/wp\/v2\/categories?post=143848"},{"taxonomy":"post_tag","embeddable":true,"href":"https:\/\/www.europesays.com\/pt\/wp-json\/wp\/v2\/tags?post=143848"}],"curies":[{"name":"wp","href":"https:\/\/api.w.org\/{rel}","templated":true}]}}