{"id":143850,"date":"2025-11-08T05:28:09","date_gmt":"2025-11-08T05:28:09","guid":{"rendered":"https:\/\/www.europesays.com\/pt\/143850\/"},"modified":"2025-11-08T05:28:09","modified_gmt":"2025-11-08T05:28:09","slug":"fabio-coentrao-vai-jogar-na-kings-league","status":"publish","type":"post","link":"https:\/\/www.europesays.com\/pt\/143850\/","title":{"rendered":"F\u00e1bio Coentr\u00e3o vai jogar na Kings League"},"content":{"rendered":"<p>&#8211; Advertisement &#8211;<\/p>\n<p><strong>O ex-internacional portugu\u00eas, F\u00e1bio Coentr\u00e3o, \u00e9 a mais recente adi\u00e7\u00e3o da liga de futebol de 7 organizada por Gerard Piqu\u00e9, a Kings League. <\/strong><\/p>\n<p>A <a href=\"https:\/\/bolanarede.pt\/etiqueta\/kings-league\/\" rel=\"nofollow noopener\" target=\"_blank\">Kings League<\/a>, organizada por Gerard Piqu\u00e9, anunciou a contrata\u00e7\u00e3o de F\u00e1bio Coentr\u00e3o para o clube El Barrio. O jogador reformado desde 2021, com passagens no Real Madrid, Benfica e Sporting decidiu voltar aos relvados.<\/p>\n<p>Este domingo, \u00e9 esperado que fa\u00e7a a sua estreia num jogo de elimina\u00e7\u00e3o na Kings Cup frente ao Ultimate M\u00f3stoles.<\/p>\n<p>Para al\u00e9m de <a href=\"https:\/\/bolanarede.pt\/etiqueta\/fabio-coentrao\/\" target=\"_blank\" rel=\"noreferrer noopener nofollow\">F\u00e1bio Coentr\u00e3o<\/a>, nomes como Ronaldinho, Andrea Pirlo, Francesco Totti, Eden Harzard, Marcelo e Lamine Yamal j\u00e1 participaram na competi\u00e7\u00e3o.<\/p>\n","protected":false},"excerpt":{"rendered":"&#8211; Advertisement &#8211; O ex-internacional portugu\u00eas, F\u00e1bio Coentr\u00e3o, \u00e9 a mais recente adi\u00e7\u00e3o da liga de futebol de&hellip;\n","protected":false},"author":2,"featured_media":143851,"comment_status":"","ping_status":"","sticky":false,"template":"","format":"standard","meta":{"footnotes":""},"categories":[87],"tags":[260,135,31681,31682,31683,31684,32,33,134],"class_list":{"0":"post-143850","1":"post","2":"type-post","3":"status-publish","4":"format-standard","5":"has-post-thumbnail","7":"category-desporto","8":"tag-atualidade","9":"tag-desporto","10":"tag-fabio-coentrao","11":"tag-gerard-pique","12":"tag-kings-cup","13":"tag-kings-league","14":"tag-portugal","15":"tag-pt","16":"tag-sports"},"share_on_mastodon":{"url":"https:\/\/pubeurope.com\/@pt\/115512430211194124","error":""},"_links":{"self":[{"href":"https:\/\/www.europesays.com\/pt\/wp-json\/wp\/v2\/posts\/143850","targetHints":{"allow":["GET"]}}],"collection":[{"href":"https:\/\/www.europesays.com\/pt\/wp-json\/wp\/v2\/posts"}],"about":[{"href":"https:\/\/www.europesays.com\/pt\/wp-json\/wp\/v2\/types\/post"}],"author":[{"embeddable":true,"href":"https:\/\/www.europesays.com\/pt\/wp-json\/wp\/v2\/users\/2"}],"replies":[{"embeddable":true,"href":"https:\/\/www.europesays.com\/pt\/wp-json\/wp\/v2\/comments?post=143850"}],"version-history":[{"count":0,"href":"https:\/\/www.europesays.com\/pt\/wp-json\/wp\/v2\/posts\/143850\/revisions"}],"wp:featuredmedia":[{"embeddable":true,"href":"https:\/\/www.europesays.com\/pt\/wp-json\/wp\/v2\/media\/143851"}],"wp:attachment":[{"href":"https:\/\/www.europesays.com\/pt\/wp-json\/wp\/v2\/media?parent=143850"}],"wp:term":[{"taxonomy":"category","embeddable":true,"href":"https:\/\/www.europesays.com\/pt\/wp-json\/wp\/v2\/categories?post=143850"},{"taxonomy":"post_tag","embeddable":true,"href":"https:\/\/www.europesays.com\/pt\/wp-json\/wp\/v2\/tags?post=143850"}],"curies":[{"name":"wp","href":"https:\/\/api.w.org\/{rel}","templated":true}]}}