{"id":143854,"date":"2025-11-08T05:30:27","date_gmt":"2025-11-08T05:30:27","guid":{"rendered":"https:\/\/www.europesays.com\/pt\/143854\/"},"modified":"2025-11-08T05:30:27","modified_gmt":"2025-11-08T05:30:27","slug":"bronca-no-miss-universo-candidatas-saem-da-sala-apos-organizador-humilhar-a-miss-mexico-em-video","status":"publish","type":"post","link":"https:\/\/www.europesays.com\/pt\/143854\/","title":{"rendered":"Bronca no Miss Universo. Candidatas saem da sala ap\u00f3s organizador humilhar a Miss M\u00e9xico em v\u00eddeo"},"content":{"rendered":"<p class=\"wp-caption-text top\">Miss M\u00e9xico<\/p>\n<p><img decoding=\"async\" loading=\"lazy\" class=\"wp-image-710141 size-kopa-image-size-3\" src=\"https:\/\/www.europesays.com\/pt\/wp-content\/uploads\/2025\/11\/56f378999d7e3d41856984d6f50711ea-783x450.jpg\" alt=\"\" width=\"700\" height=\"402\"  \/><\/p>\n<p class=\"wp-caption-text bot\">Fatima Bosch, Miss M\u00e9xico<\/p>\n<p><strong>O incidente ocorreu quando um organizador do concurso, que est\u00e1 a decorrer na Tail\u00e2ndia, criticou e insultou a Miss M\u00e9xico por a sua delega\u00e7\u00e3o n\u00e3o ter publicado conte\u00fados promocionais. V\u00e1rias outras participantes sa\u00edram da sala em solidariedade.<\/strong><\/p>\n<p>Diversas candidatas deixaram um evento do Miss Universo depois de um dirigente do pa\u00eds-sede, a Tail\u00e2ndia, <strong>repreender publicamente<\/strong> a Miss M\u00e9xico durante uma tensa cerim\u00f3nia.<\/p>\n<p>Na ocasi\u00e3o, o diretor do Miss Universo Tail\u00e2ndia, Nawat Itsaragrisil, chamou a aten\u00e7\u00e3o de Fatima Bosch (Miss M\u00e9xico) diante de dezenas de participantes por ela <strong>n\u00e3o ter publicado conte\u00fados promocionais<\/strong>.<\/p>\n<p>Ao reagir, Bosch foi interrompida com gritos, e Itsaragrisil pediu a presen\u00e7a de seguran\u00e7as, amea\u00e7ando <strong>desclassificar quem a apoiasse<\/strong>. A mexicana deixou o sal\u00e3o, seguida por outras candidatas em solidariedade.<\/p>\n<p>O epis\u00f3dio, transmitido ao vivo, <strong>tornou-se viral<\/strong> nas redes sociais. A Organiza\u00e7\u00e3o Miss Universo condenou o comportamento \u201cmalicioso\u201d de Itsaragrisil, que depois pediu desculpas.<\/p>\n<p>As participantes, vencedoras dos concursos de seus pa\u00edses, usavam faixas e vestidos de gala no evento de ter\u00e7a-feira. No v\u00eddeo, \u00e9 poss\u00edvel ouvi-las a retrucar quando o diretor eleva o tom de voz e insiste para que Bosch \u201c<strong>pare de falar<\/strong>\u201c.<\/p>\n<p>Ao ver v\u00e1rias concorrentes de p\u00e9 em apoio \u00e0 mexicana, Itsaragrisil afirmou: \u201cQuem quiser continuar no concurso, sente-se. Se sair, o resto das raparigas permanece\u201d. Mesmo assim, a maioria permaneceu de p\u00e9, e algumas foram em dire\u00e7\u00e3o \u00e0 sa\u00edda.<\/p>\n<p>Ap\u00f3s o ocorrido, Bosch disse \u00e0 imprensa que o executivo de 60 anos \u201cn\u00e3o foi respeitoso\u201d e <strong>a chamou de \u201cburra\u201d<\/strong>. Itsaragrisil nega e afirma que as suas palavras foram mal interpretadas.<\/p>\n<p>Segundo a imprensa local, o organizador ter\u00e1 usado a express\u00e3o \u201c<strong>cabe\u00e7a oca<\/strong>\u201c. Numa entrevista posterior, por\u00e9m, alegou que quis dizer que ela tinha causado \u201cestragos\u201d.<\/p>\n<p>A conduta do tailand\u00eas provocou uma dura resposta da Organiza\u00e7\u00e3o Miss Universo, que<strong> enviou uma equipa internacional<\/strong> para assumir a organiza\u00e7\u00e3o do concurso.<\/p>\n<p>Em v\u00eddeo, o presidente da Organiza\u00e7\u00e3o Miss Universo, Raul Rocha, afirmou que Itsaragrisil \u201c<strong>esqueceu o verdadeiro significado de ser um anfitri\u00e3o<\/strong>\u201d e \u201chumilhou, insultou e demonstrou falta de respeito\u201d com Bosch, al\u00e9m de cometer o \u201cgrave abuso\u201d de chamar seguran\u00e7as para intimidar \u201cuma mulher indefesa\u201d.<\/p>\n<p>Rocha disse ainda que a participa\u00e7\u00e3o do dirigente tailand\u00eas ser\u00e1 \u201climitada ao m\u00e1ximo\u201d ou \u201celiminada completamente\u201d e anunciou que a Organiza\u00e7\u00e3o Miss Universo tomar\u00e1 \u201cmedidas legais\u201d contra ele.<\/p>\n<p>\u201cReitero que o Miss Universo \u00e9 uma <strong>plataforma de empoderamento feminino<\/strong> para que as vozes das mulheres sejam ouvidas no mundo\u201d, declarou.<\/p>\n<p>Entre as que deixaram o evento estava a atual Miss Universo, Victoria Kjaer Theilvig, da Dinamarca. \u201c<strong>Trata-se de direitos das mulheres<\/strong>\u201c, disse Theilvig ao sair. \u201cN\u00e3o \u00e9 assim que as coisas devem ser conduzidas. Humilhar outra mulher \u00e9 o c\u00famulo da falta de respeito\u2026 Por isso, peguei no meu casaco e fui embora.\u201d<\/p>\n<p>Em entrevista, Bosch (Miss M\u00e9xico) afirmou: \u201cQuero que meu pa\u00eds saiba que n\u00e3o tenho medo de fazer minha voz ser ouvida. Ela est\u00e1 mais forte do que nunca. Tenho um prop\u00f3sito, <strong>tenho coisas a dizer<\/strong>.\u201d<\/p>\n<p>\u201cEstamos no s\u00e9culo XXI. N\u00e3o sou uma boneca para ser maquilhada, penteada e ter a roupa trocada\u201d, acrescentou. \u201cVim aqui para ser a voz de todas as mulheres e meninas que lutam por causas e para dizer ao meu pa\u00eds que estou totalmente comprometida com isso.\u201d<\/p>\n<p>Em declara\u00e7\u00e3o nas redes sociais, Itsaragrisil afirmou: \u201cSe algu\u00e9m se sentiu mal, desconfort\u00e1vel ou afetado, <strong>pe\u00e7o desculpas a todos<\/strong>, especialmente \u00e0s cerca de 75 raparigas que estavam presentes.\u201d<\/p>\n<p>Apesar da pol\u00e9mica, o concurso prosseguiu, com as candidatas a participar num evento de boas-vindas em Banguecoque na quarta-feira.<\/p>\n<p>A vencedora ser\u00e1 coroada Miss Universo 2025 em 21\/11.<\/p>\n<p>    <a href=\"https:\/\/zap.aeiou.pt\/subscrever-newsletter\" data-wpel-link=\"internal\" rel=\"nofollow noopener\" target=\"_blank\">&#13;<br \/>\n        <img loading=\"lazy\" decoding=\"async\" class=\"aligncenter size-full wp-image-575475\" src=\"https:\/\/www.europesays.com\/pt\/wp-content\/uploads\/2025\/10\/1759862234_971_2d51fe4a0ba54894421ead1809309ed9-1-450x140.jpg\" alt=\"Subscreva a Newsletter ZAP\" width=\"450\" height=\"140\"\/>&#13;<br \/>\n    <\/a><\/p>\n<p>                <a href=\"https:\/\/whatsapp.com\/channel\/0029VaIC4EE2f3EJZPPSbR34\" data-wpel-link=\"external\" target=\"_blank\" rel=\"nofollow external noopener noreferrer\" class=\"ext-link\">&#13;<br \/>\n                    <img loading=\"lazy\" decoding=\"async\" class=\"aligncenter size-full wp-image-575475\" src=\"https:\/\/www.europesays.com\/pt\/wp-content\/uploads\/2025\/10\/1759862234_512_c68c559d956d4ca20f435ed74a6e71e6.png\" alt=\"Siga-nos no WhatsApp\" width=\"175\" height=\"64\"\/>&#13;<br \/>\n                <\/a><\/p>\n<p>                <a href=\"https:\/\/news.google.com\/publications\/CAAiEHRwZondIV71PDjWNoqMduEqFAgKIhB0cGaJ3SFe9Tw41jaKjHbh?hl=en-US&amp;gl=US&amp;ceid=US%3Aen\" data-wpel-link=\"external\" target=\"_blank\" rel=\"nofollow external noopener noreferrer\" class=\"ext-link\">&#13;<br \/>\n                    <img loading=\"lazy\" decoding=\"async\" class=\"aligncenter size-full wp-image-575475\" src=\"https:\/\/www.europesays.com\/pt\/wp-content\/uploads\/2025\/10\/1759862235_242_5123dd8b087b644fdb8f8603acd1bad4.png\" alt=\"Siga-nos no Google News\" width=\"176\" height=\"64\"\/>&#13;<br \/>\n                <\/a><\/p>\n","protected":false},"excerpt":{"rendered":"Miss M\u00e9xico Fatima Bosch, Miss M\u00e9xico O incidente ocorreu quando um organizador do concurso, que est\u00e1 a decorrer&hellip;\n","protected":false},"author":2,"featured_media":143855,"comment_status":"","ping_status":"","sticky":false,"template":"","format":"standard","meta":{"footnotes":""},"categories":[85],"tags":[114,115,1872,32,33,927],"class_list":{"0":"post-143854","1":"post","2":"type-post","3":"status-publish","4":"format-standard","5":"has-post-thumbnail","7":"category-entretenimento","8":"tag-entertainment","9":"tag-entretenimento","10":"tag-mexico","11":"tag-portugal","12":"tag-pt","13":"tag-tailandia"},"share_on_mastodon":{"url":"https:\/\/pubeurope.com\/@pt\/115512437907740563","error":""},"_links":{"self":[{"href":"https:\/\/www.europesays.com\/pt\/wp-json\/wp\/v2\/posts\/143854","targetHints":{"allow":["GET"]}}],"collection":[{"href":"https:\/\/www.europesays.com\/pt\/wp-json\/wp\/v2\/posts"}],"about":[{"href":"https:\/\/www.europesays.com\/pt\/wp-json\/wp\/v2\/types\/post"}],"author":[{"embeddable":true,"href":"https:\/\/www.europesays.com\/pt\/wp-json\/wp\/v2\/users\/2"}],"replies":[{"embeddable":true,"href":"https:\/\/www.europesays.com\/pt\/wp-json\/wp\/v2\/comments?post=143854"}],"version-history":[{"count":0,"href":"https:\/\/www.europesays.com\/pt\/wp-json\/wp\/v2\/posts\/143854\/revisions"}],"wp:featuredmedia":[{"embeddable":true,"href":"https:\/\/www.europesays.com\/pt\/wp-json\/wp\/v2\/media\/143855"}],"wp:attachment":[{"href":"https:\/\/www.europesays.com\/pt\/wp-json\/wp\/v2\/media?parent=143854"}],"wp:term":[{"taxonomy":"category","embeddable":true,"href":"https:\/\/www.europesays.com\/pt\/wp-json\/wp\/v2\/categories?post=143854"},{"taxonomy":"post_tag","embeddable":true,"href":"https:\/\/www.europesays.com\/pt\/wp-json\/wp\/v2\/tags?post=143854"}],"curies":[{"name":"wp","href":"https:\/\/api.w.org\/{rel}","templated":true}]}}