{"id":143856,"date":"2025-11-08T05:36:10","date_gmt":"2025-11-08T05:36:10","guid":{"rendered":"https:\/\/www.europesays.com\/pt\/143856\/"},"modified":"2025-11-08T05:36:10","modified_gmt":"2025-11-08T05:36:10","slug":"debby-lagranha-e-pedida-em-casamento-o-sim-mais-importante-da-minha-vida","status":"publish","type":"post","link":"https:\/\/www.europesays.com\/pt\/143856\/","title":{"rendered":"Debby Lagranha \u00e9 pedida em casamento: &#8216;O sim mais importante da minha vida&#8217;"},"content":{"rendered":"<p><strong><a href=\"https:\/\/caras.com.br\/tags\/debby-lagranha\" target=\"_blank\" rel=\"noopener nofollow\">Debby Lagranha<\/a>\u00a0<\/strong>usou as redes sociais na noite desta sexta-feira, 7, para anunciar que est\u00e1 noiva. A ex-atriz mirim foi pedida em casamento pelo criador de conte\u00fado <strong>Gustavo Farias<\/strong> durante uma viagem.<\/p>\n<p>Em seu perfil oficial, a m\u00e9dica veterin\u00e1ria postou o v\u00eddeo do momento em que o amado se ajoelha e faz o pedido. O momento especial aconteceu no Pico do Itapeva, uma eleva\u00e7\u00e3o rochosa situado no munic\u00edpio de Pindamonhangaba, no estado de S\u00e3o Paulo.<\/p>\n<p>\u201cH\u00e1 mais de 2.000 metros de altitude e eu achando que era s\u00f3 mais uma tarde comum\u2026\u00a0Quer dizer, mesmo diante a uma rotina mega puxada, a gente consegue fazer todo dia ser um dia especial, mas hoje\u2026 \u00e9 mais um dia daqueles que voc\u00ea quase me matou do cora\u00e7\u00e3o.\u00a0Eu sei, voc\u00ea \u00e9 cheio das surpresas\u2026 mas dia 07 de novembro eu disse o sim mais importante da minha vida, sabe por qu\u00ea? Porque voc\u00ea \u00e9 meu sonho!\u201d, afirmou Debby no come\u00e7o da legenda.<\/p>\n<p>\u201cObrigada gato, por deixar tudo leve mesmo diante as aventuras di\u00e1rias da vida. Obrigada por tanto carinho e dedica\u00e7\u00e3o. Obrigada pelas risadas at\u00e9 falta ar e pelos papos cabe\u00e7a. Obrigada por apertar os cintos e viver comigo. Eu, voc\u00ea, nossos 3 filhos e toda nossa alegria, parceria e acima de tudo nosso amor!\u201d, acrescentou.<\/p>\n<p>\u201cMeu Deus, eu t\u00f4 noiva!!!! Aaaaaaaaa Eu nunca vivi isso, n\u00e3o to sabendo reagir hahahaahahahah\u2026 que felicidade, t\u00f4 tremendo at\u00e9 agora. Te amo, Gu Farias , voc\u00ea \u00e9 o amor da minha vida. Meu Deus, pai, voc\u00ea vai entrar comigo de noiva, t\u00e1 preparado????\u201d, finalizou.<\/p>\n<p><a href=\"https:\/\/caras.com.br\/atualidades\/debby-lagranha-assume-novo-namoro-apos-fim-do-casamento-de-15-anos.phtml\" target=\"_blank\" rel=\"noopener nofollow\">Debby assumiu o namoro com Gustavo em mar\u00e7o deste ano<\/a>. Na ocasi\u00e3o, ela compartilhou uma foto em que aparece abra\u00e7ada com o amado enquanto eles curtiam o Carnaval na Marqu\u00eas de Sapuca\u00ed, no Rio de Janeiro. Em janeiro, a ex-atriz <a href=\"https:\/\/caras.com.br\/atualidades\/debby-lagranha-anuncia-fim-do-casamento-com-leandro-amieiro-escolha-madura.phtml\" target=\"_blank\" rel=\"noopener nofollow\">anunciou o fim de seu casamento com <strong>Leandro Amieiro<\/strong><\/a> ap\u00f3s 15 anos de relacionamento. Os dois s\u00e3o pais de <strong>Maria Eduarda<\/strong>, de 12 anos, e <strong>Arthur<\/strong>, de quatro. \u201cAp\u00f3s 15 anos de uma hist\u00f3ria linda e cheia de aprendizado, decidimos seguir caminhos diferentes. Essa decis\u00e3o foi tomada com muito respeito e carinho, pois sempre tivemos um grande apre\u00e7o um pelo outro e pelos momentos que compartilhamos (\u2026)\u201d, disse na ocasi\u00e3o.<\/p>\n<p><strong>Confira:<\/strong><\/p>\n<blockquote class=\"instagram-media\" style=\"background: #FFF; border: 0; border-radius: 3px; box-shadow: 0 0 1px 0 rgba(0,0,0,0.5),0 1px 10px 0 rgba(0,0,0,0.15); margin: 1px; max-width: 540px; min-width: 326px; padding: 0; width: calc(100% - 2px);\" data-instgrm-permalink=\"https:\/\/www.instagram.com\/reel\/DQxmTiyjcK2\/?utm_source=ig_embed&amp;utm_campaign=loading\" data-instgrm-version=\"14\"><\/blockquote>\n<p>Em junho, Debby Lagranha comemorou o anivers\u00e1rio de 12 anos da filha mais velha, maria Eduarda.\u00a0Ap\u00f3s comemorar a data especial de forma intimista, a primog\u00eanita da ex-atriz e m\u00e9dica veterin\u00e1ria celebrou o novo ciclo ao lado dos familiares e amigos com uma festa com o tema \u2018Espa\u00e7o\u2019.\u00a0\u201cPra gente, divers\u00e3o \u00e9 coisa s\u00e9ria. E nos 12 anos da furac\u00e3o, n\u00e3o poderia ser diferente! Uma tarde inesquec\u00edvel, cheia de risadas, amigos, jogos e muito amor\u201d, escreveu Debby. <a href=\"https:\/\/caras.com.br\/festas\/filha-de-debby-lagranha-ganha-festa-tematico-em-seu-aniversario.phtml\" target=\"_blank\" rel=\"noopener nofollow\"><strong>Veja!<\/strong><\/a><\/p>\n<p><strong>Leia tamb\u00e9m:<\/strong> <a href=\"https:\/\/caras.com.br\/atualidades\/cristiano-ronaldo-revela-como-pediu-georgina-rodriguez-em-casamento-nao-planejei.phtml\" target=\"_blank\" rel=\"noopener nofollow\">Cristiano Ronaldo revela como pediu Georgina Rodr\u00edguez em casamento: \u2018N\u00e3o planejei\u2019<\/a><\/p>\n<p>        <a href=\"https:\/\/caras.com.br\/autor\/daniela-santos\" rel=\"nofollow noopener\" target=\"_blank\">&#13;<br \/>\n          <img loading=\"lazy\" decoding=\"async\" alt=\"Daniela Santos\" src=\"https:\/\/www.europesays.com\/pt\/wp-content\/uploads\/2025\/09\/1758949148_187_daniela-santos_sqmd.jpg\" class=\"avatar avatar-115 photo rounded-circle\" height=\"115\" width=\"115\"\/>        <\/a><\/p>\n<p><b>Daniela Santos<\/b> \u00e9 rep\u00f3rter do site CARAS. Formada em jornalismo pela FIAM FAAM, atua na \u00e1rea de celebridades e TV desde 2018<\/p>\n<p>\t                                            <script async src=\"\/\/www.instagram.com\/embed.js\"><\/script><\/p>\n","protected":false},"excerpt":{"rendered":"Debby Lagranha\u00a0usou as redes sociais na noite desta sexta-feira, 7, para anunciar que est\u00e1 noiva. A ex-atriz mirim&hellip;\n","protected":false},"author":2,"featured_media":143857,"comment_status":"","ping_status":"","sticky":false,"template":"","format":"standard","meta":{"footnotes":""},"categories":[145],"tags":[1435,211,210,31685,114,115,2322,15299,32,33],"class_list":{"0":"post-143856","1":"post","2":"type-post","3":"status-publish","4":"format-standard","5":"has-post-thumbnail","7":"category-celebridades","8":"tag-casamento","9":"tag-celebridades","10":"tag-celebrities","11":"tag-debby-lagranha","12":"tag-entertainment","13":"tag-entretenimento","14":"tag-noiva","15":"tag-pedido-de-casamento","16":"tag-portugal","17":"tag-pt"},"share_on_mastodon":{"url":"https:\/\/pubeurope.com\/@pt\/115512461611877084","error":""},"_links":{"self":[{"href":"https:\/\/www.europesays.com\/pt\/wp-json\/wp\/v2\/posts\/143856","targetHints":{"allow":["GET"]}}],"collection":[{"href":"https:\/\/www.europesays.com\/pt\/wp-json\/wp\/v2\/posts"}],"about":[{"href":"https:\/\/www.europesays.com\/pt\/wp-json\/wp\/v2\/types\/post"}],"author":[{"embeddable":true,"href":"https:\/\/www.europesays.com\/pt\/wp-json\/wp\/v2\/users\/2"}],"replies":[{"embeddable":true,"href":"https:\/\/www.europesays.com\/pt\/wp-json\/wp\/v2\/comments?post=143856"}],"version-history":[{"count":0,"href":"https:\/\/www.europesays.com\/pt\/wp-json\/wp\/v2\/posts\/143856\/revisions"}],"wp:featuredmedia":[{"embeddable":true,"href":"https:\/\/www.europesays.com\/pt\/wp-json\/wp\/v2\/media\/143857"}],"wp:attachment":[{"href":"https:\/\/www.europesays.com\/pt\/wp-json\/wp\/v2\/media?parent=143856"}],"wp:term":[{"taxonomy":"category","embeddable":true,"href":"https:\/\/www.europesays.com\/pt\/wp-json\/wp\/v2\/categories?post=143856"},{"taxonomy":"post_tag","embeddable":true,"href":"https:\/\/www.europesays.com\/pt\/wp-json\/wp\/v2\/tags?post=143856"}],"curies":[{"name":"wp","href":"https:\/\/api.w.org\/{rel}","templated":true}]}}