{"id":143892,"date":"2025-11-08T06:33:11","date_gmt":"2025-11-08T06:33:11","guid":{"rendered":"https:\/\/www.europesays.com\/pt\/143892\/"},"modified":"2025-11-08T06:33:11","modified_gmt":"2025-11-08T06:33:11","slug":"adriane-galisteu-revela-conversa-com-senna-sobre-fim-de-namoro-com-xuxa","status":"publish","type":"post","link":"https:\/\/www.europesays.com\/pt\/143892\/","title":{"rendered":"Adriane Galisteu revela conversa com Senna sobre fim de namoro com Xuxa"},"content":{"rendered":"<p class=\"w-full text-lg font-krub text-gray-500 leading-30\">Adriane Galisteu lan\u00e7ou o document\u00e1rio &#8220;Meu Ayrton&#8221; na HBO Max nesta quinta-feira (6), no Rio de Janeiro, onde compartilha sua vers\u00e3o dos \u00faltimos meses de relacionamento com o piloto hist\u00f3rico Ayrton Senna.<\/p>\n<p>continua ap\u00f3s a publicidade<\/p>\n<p class=\"w-full text-lg font-krub text-gray-500 leading-30\">Na produ\u00e7\u00e3o, a apresentadora de 52 anos revela que, durante seu primeiro encontro com o piloto, ele confidenciou que seu relacionamento anterior com Xuxa terminou porque a apresentadora &#8220;n\u00e3o quis mais&#8221; por quest\u00f5es profissionais.<\/p>\n<p class=\"w-full text-lg font-krub text-gray-500 leading-30\"><strong class=\"font-bold\"><a href=\"https:\/\/whatsapp.com\/channel\/0029Va7p95rBfxoAiHM8Ob0m?utm_source=cta&amp;utm_medium=whatsappforadecampo&amp;utm_id=whatsapp\" class=\"font-bold break-normal hover:underline\" style=\"color:var(--green-lance)\" target=\"_blank\" rel=\"nofollow noopener\">\u27a1\ufe0f Siga o Lance! Fora de Campo no WhatsApp e saiba o que rola fora das 4 linhas<\/a><\/strong><\/p>\n<p class=\"w-full text-lg font-krub text-gray-500 leading-30\">O projeto surge ap\u00f3s Galisteu sentir que sua presen\u00e7a tem sido minimizada em outras narrativas sobre a vida do piloto, com quem manteve um relacionamento de um ano e meio at\u00e9 sua morte em maio de 1994. Durante esse per\u00edodo, ela enfrentou resist\u00eancia da fam\u00edlia do piloto.<\/p>\n<p>continua ap\u00f3s a publicidade<\/p>\n<p class=\"w-full text-lg font-krub text-gray-500 leading-30\">&#8211; Essa hist\u00f3ria \u00e9 minha, ela me pertence. Estava tudo bem resolvido, mas mexer (no passado) \u00e9 triste. Achei que fosse ser muito mais f\u00e1cil, mas tem coisas que mexem comigo e me tiram do prumo &#8211; afirmou a apresentadora durante o lan\u00e7amento do document\u00e1rio.<\/p>\n<p><img alt=\"Ayrton Senna e Adriane Galisteu (Reprodu\u00e7\u00e3o\/Twitter) \" loading=\"lazy\" width=\"850\" height=\"530\" decoding=\"async\" data-nimg=\"1\" class=\"w-full rounded-lg max-h-[auto] object-contain\" style=\"color:transparent\" src=\"https:\/\/www.europesays.com\/pt\/wp-content\/uploads\/2025\/11\/senna-galisteu.jpg\"\/>Ayrton Senna e Adriane Galisteu (Foto: Reprodu\u00e7\u00e3o\/Twitter)<\/p>\n<p>Galisteu e Ayrton Senna<\/p>\n<p class=\"w-full text-lg font-krub text-gray-500 leading-30\">O relacionamento entre Adriane Galisteu e Ayrton Senna come\u00e7ou quando ela trabalhava como modelo nas pistas da F\u00f3rmula 1. Ap\u00f3s uma recusa inicial, ela acabou cedendo aos contatos do piloto. O primeiro encontro pessoal aconteceu em uma festa ap\u00f3s uma vit\u00f3ria de Senna.<\/p>\n<p>continua ap\u00f3s a publicidade<\/p>\n<p class=\"w-full text-lg font-krub text-gray-500 leading-30\">A aproxima\u00e7\u00e3o definitiva ocorreu quando o piloto foi at\u00e9 a ag\u00eancia onde Adriane trabalhava. Ela descreve o momento com precis\u00e3o.<\/p>\n<p class=\"w-full text-lg font-krub text-gray-500 leading-30\">\u27a1\ufe0f<strong class=\"font-bold\"><a href=\"https:\/\/www.lance.com.br\/fora-de-campo\/torcedores-do-flamengo-pedem-contratacao-de-jogador-de-palmeiras-x-santos.html\" class=\"font-bold break-normal hover:underline\" style=\"color:var(--green-lance)\" target=\"_blank\" rel=\"nofollow noopener\">Torcedores do Flamengo pedem contrata\u00e7\u00e3o de jogador ap\u00f3s Palmeiras x Santos<\/a><\/strong><\/p>\n<p class=\"w-full text-lg font-krub text-gray-500 leading-30\">&#8211; Estava na ag\u00eancia, a minha\u00a0agente me chamou: &#8216;Adriane, o Ayrton Senna est\u00e1 na porta e veio te procurar&#8217;. Sa\u00ed correndo, entrei no carro&#8230; Ele, sem gra\u00e7a, n\u00e3o tinha o que me falar: &#8216;N\u00e3o acredite que voc\u00ea veio&#8217;. Senna: &#8216;N\u00e3o te convidei para tomar um suco de laranja? Ent\u00e3o, vamos&#8217;. Fui treinando o que tinha que falar para ele: que eu tinha namorado, a situa\u00e7\u00e3o do meu irm\u00e3o&#8230; Foi tudo t\u00e3o diferente. N\u00e3o rolou nada, a gente s\u00f3 conversou &#8211; contou Galisteu sobre Senna.<\/p>\n<p class=\"w-full text-lg font-krub text-gray-500 leading-30\">Durante essa conversa no apartamento de Senna em S\u00e3o Paulo, Adriane Galisteu perguntou sobre o relacionamento dele com Xuxa.<\/p>\n<p class=\"w-full text-lg font-krub text-gray-500 leading-30\">&#8211; Perguntei do namoro dele com a Xuxa, que tinha sido muito exposto na \u00e9poca, de alguma forma. Ele me disse que foi completamente apaixonado por ela, mas que esse relacionamento n\u00e3o tinha dado certo porque ela n\u00e3o quis mais, que era uma quest\u00e3o profissional, e que ele decidiu, ent\u00e3o, depois de ter sofrido por um ano, n\u00e3o mexer mais com esse assunto &#8211; disse Galisteu sobre Senna e Xuxa.<\/p>\n<p class=\"w-full text-lg font-krub text-gray-500 leading-30\">O primeiro epis\u00f3dio do document\u00e1rio, intitulado &#8220;Conto de fadas&#8221;, foca no in\u00edcio do relacionamento. Segundo Adriane, o primeiro beijo s\u00f3 aconteceu dias depois, quando Senna a convidou para ir a Angra dos Reis. Para aceitar o convite, Galisteu mentiu para seu ent\u00e3o namorado.<\/p>\n<p class=\"w-full text-lg font-krub text-gray-500 leading-30\">Para Adriane Galisteu, diferentes obras sobre a vida de Senna s\u00e3o importantes para preservar o legado do piloto, que marcou profundamente tanto sua vida quanto a de Xuxa e de milh\u00f5es de f\u00e3s pelo mundo.<\/p>\n","protected":false},"excerpt":{"rendered":"Adriane Galisteu lan\u00e7ou o document\u00e1rio &#8220;Meu Ayrton&#8221; na HBO Max nesta quinta-feira (6), no Rio de Janeiro, onde&hellip;\n","protected":false},"author":2,"featured_media":143893,"comment_status":"","ping_status":"","sticky":false,"template":"","format":"standard","meta":{"footnotes":""},"categories":[145],"tags":[3433,3434,211,210,114,115,12579,32,33,2750],"class_list":{"0":"post-143892","1":"post","2":"type-post","3":"status-publish","4":"format-standard","5":"has-post-thumbnail","7":"category-celebridades","8":"tag-adriane-galisteu","9":"tag-ayrton-senna","10":"tag-celebridades","11":"tag-celebrities","12":"tag-entertainment","13":"tag-entretenimento","14":"tag-fora-de-campo","15":"tag-portugal","16":"tag-pt","17":"tag-xuxa"},"share_on_mastodon":{"url":"https:\/\/pubeurope.com\/@pt\/115512685753955018","error":""},"_links":{"self":[{"href":"https:\/\/www.europesays.com\/pt\/wp-json\/wp\/v2\/posts\/143892","targetHints":{"allow":["GET"]}}],"collection":[{"href":"https:\/\/www.europesays.com\/pt\/wp-json\/wp\/v2\/posts"}],"about":[{"href":"https:\/\/www.europesays.com\/pt\/wp-json\/wp\/v2\/types\/post"}],"author":[{"embeddable":true,"href":"https:\/\/www.europesays.com\/pt\/wp-json\/wp\/v2\/users\/2"}],"replies":[{"embeddable":true,"href":"https:\/\/www.europesays.com\/pt\/wp-json\/wp\/v2\/comments?post=143892"}],"version-history":[{"count":0,"href":"https:\/\/www.europesays.com\/pt\/wp-json\/wp\/v2\/posts\/143892\/revisions"}],"wp:featuredmedia":[{"embeddable":true,"href":"https:\/\/www.europesays.com\/pt\/wp-json\/wp\/v2\/media\/143893"}],"wp:attachment":[{"href":"https:\/\/www.europesays.com\/pt\/wp-json\/wp\/v2\/media?parent=143892"}],"wp:term":[{"taxonomy":"category","embeddable":true,"href":"https:\/\/www.europesays.com\/pt\/wp-json\/wp\/v2\/categories?post=143892"},{"taxonomy":"post_tag","embeddable":true,"href":"https:\/\/www.europesays.com\/pt\/wp-json\/wp\/v2\/tags?post=143892"}],"curies":[{"name":"wp","href":"https:\/\/api.w.org\/{rel}","templated":true}]}}