{"id":143905,"date":"2025-11-08T06:48:11","date_gmt":"2025-11-08T06:48:11","guid":{"rendered":"https:\/\/www.europesays.com\/pt\/143905\/"},"modified":"2025-11-08T06:48:11","modified_gmt":"2025-11-08T06:48:11","slug":"casa-dos-segredos-menopausa-aos-17-anos-e-impossibilitada-de-ter-filhos-lidia-arrasa-segredo-de-ana-cristina-o-que-me-revolta-ainda-mais","status":"publish","type":"post","link":"https:\/\/www.europesays.com\/pt\/143905\/","title":{"rendered":"Casa dos Segredos &#8211; Menopausa aos 17 anos e impossibilitada de ter filhos, L\u00eddia arrasa segredo de Ana Cristina: &#8220;O que me revolta ainda mais&#8230;&#8221;"},"content":{"rendered":"<p><strong>L\u00eddia <\/strong>reagiu com muitas cr\u00edticas ao <a href=\"https:\/\/www.novagente.pt\/casa-dos-segredos-mais-um-leandro-ja-descobriu-segredo-de-ana-cristina\" target=\"_blank\" rel=\"nofollow noopener\">segredo que <strong>Ana Cristina<\/strong><\/a> levou para a <strong>Casa dos Segredos<\/strong>: &#8220;<strong>j\u00e1 doei \u00f3vulos por dinheiro<\/strong>&#8220;. Al\u00e9m disso, a concorrente revelou ainda o <a href=\"https:\/\/www.novagente.pt\/casa-dos-segredos-eis-valor-que-ana-cristina-arrecadou-com-venda-de-ovulos\" target=\"_blank\" rel=\"nofollow noopener\">montante que conseguiu por esta doa\u00e7\u00e3o<\/a>.<\/p>\n<p>Ora, L\u00eddia, que recentemente revelou que aos <a href=\"https:\/\/www.novagente.pt\/casa-dos-segredos-lidia-entrou-na-menopausa-com-apenas-17-anos-saudades-do-que-nunca-tive\" target=\"_blank\" rel=\"nofollow noopener\"><strong>17 anos j\u00e1 estava na menopausa<\/strong><\/a>\u00a0e, como tal, impossibilitada de ter filhos de forma natural, mostrou-se furiosa com Ana Cristina.<\/p>\n<p>&#8220;Hoje foi revelado o segredo da Ana Cristina: &#8216;J\u00e1 doei \u00f3vulos por dinheiro&#8217;. Ela pr\u00f3pria disse que o fez apenas porque precisava do dinheiro e que s\u00f3 \u00e0 quarta vez \u00e9 que pensou na b\u00ean\u00e7\u00e3o que isso poderia representar para outras fam\u00edlias&#8221;, come\u00e7ou por no Instagram.<\/p>\n<p>&#8220;N\u00e3o costumo expor muito a minha vida, mas este tema tocou-me de uma forma que n\u00e3o consigo ignorar. Tocou-me porque eu posso estar tr\u00eas anos numa lista de espera, \u00e0 espera de um gesto altru\u00edsta, \u00e0 espera de uma oportunidade de ser m\u00e3e, algo que para mim n\u00e3o \u00e9 um capricho, mas um sonho que carrego no peito todos os dias&#8221;, prosseguiu L\u00eddia.<\/p>\n<p>&#8220;Por isso, ouvir algu\u00e9m dizer publicamente que o fez apenas por dinheiro, e ainda mais num programa de televis\u00e3o, custa. Custa porque h\u00e1 mulheres como eu que choram em sil\u00eancio, que esperam por algu\u00e9m com o cora\u00e7\u00e3o disposto a doar vida, n\u00e3o apenas \u00f3vulos&#8221;, acrescentou.<\/p>\n<p>&#8220;O que me revolta ainda mais&#8230;&#8221;<\/p>\n<p>&#8220;N\u00e3o \u00e9 uma quest\u00e3o de julgar. Entendo que h\u00e1 quem precise de dinheiro, todos temos as nossas realidades. Mas h\u00e1 temas que exigem cuidado nas palavras. Especialmente quando se fala para milhares de pessoas e quando se tem nas m\u00e3os a oportunidade de incentivar a doa\u00e7\u00e3o e dar esperan\u00e7a a quem vive preso numa espera sem fim.&#8221;<\/p>\n<p>&#8220;O que me revolta ainda mais \u00e9 o detalhe que ela pr\u00f3pria revelou de que foi uma cl\u00ednica a contact\u00e1-la para voltar a doar. Isso diz-me tudo. (&#8230;) Enquanto as cl\u00ednicas privadas continuam a receber doa\u00e7\u00f5es pagas, os hospitais p\u00fablicos enfentam cada vez mais escassez. E n\u00f3s, que estamos nesses hospitais, (&#8230;) vemos o sonho adiado. (&#8230;) Enquanto isso, a mensagem que chega \u00e0 televis\u00e3o \u00e9 a de que doar \u00f3vulos \u00e9 uma forma de ganhar dinheiro quando devia ser um gesto de amor, empatia e partilha de vida&#8221;, lamentou L\u00eddia.<\/p>\n<p>Texto: Tom\u00e1s Casc\u00e3o; Fotos: redes sociais<\/p>\n<p class=\"intagram-text\">Siga a Nova Gente no Instagram<\/p>\n<p>                        <a href=\"https:\/\/www.instagram.com\/revistanovagente\/\" target=\"_blank\" aria-label=\"instagram\" rel=\"noopener nofollow\"><img decoding=\"async\" style=\"display: block; margin-left: auto; margin-right: auto; width: 250px; height: 83px;\" src=\"https:\/\/www.europesays.com\/pt\/wp-content\/uploads\/2025\/10\/Instagram_NG.png\" alt=\"instagram\"\/><\/a><br \/>\n                    <script async src=\"\/\/www.instagram.com\/embed.js\"><\/script><\/p>\n","protected":false},"excerpt":{"rendered":"L\u00eddia reagiu com muitas cr\u00edticas ao segredo que Ana Cristina levou para a Casa dos Segredos: &#8220;j\u00e1 doei&hellip;\n","protected":false},"author":2,"featured_media":143906,"comment_status":"","ping_status":"","sticky":false,"template":"","format":"standard","meta":{"footnotes":""},"categories":[145],"tags":[2632,211,210,114,115,32,33],"class_list":{"0":"post-143905","1":"post","2":"type-post","3":"status-publish","4":"format-standard","5":"has-post-thumbnail","7":"category-celebridades","8":"tag-casa-dos-segredos","9":"tag-celebridades","10":"tag-celebrities","11":"tag-entertainment","12":"tag-entretenimento","13":"tag-portugal","14":"tag-pt"},"share_on_mastodon":{"url":"https:\/\/pubeurope.com\/@pt\/115512744782358492","error":""},"_links":{"self":[{"href":"https:\/\/www.europesays.com\/pt\/wp-json\/wp\/v2\/posts\/143905","targetHints":{"allow":["GET"]}}],"collection":[{"href":"https:\/\/www.europesays.com\/pt\/wp-json\/wp\/v2\/posts"}],"about":[{"href":"https:\/\/www.europesays.com\/pt\/wp-json\/wp\/v2\/types\/post"}],"author":[{"embeddable":true,"href":"https:\/\/www.europesays.com\/pt\/wp-json\/wp\/v2\/users\/2"}],"replies":[{"embeddable":true,"href":"https:\/\/www.europesays.com\/pt\/wp-json\/wp\/v2\/comments?post=143905"}],"version-history":[{"count":0,"href":"https:\/\/www.europesays.com\/pt\/wp-json\/wp\/v2\/posts\/143905\/revisions"}],"wp:featuredmedia":[{"embeddable":true,"href":"https:\/\/www.europesays.com\/pt\/wp-json\/wp\/v2\/media\/143906"}],"wp:attachment":[{"href":"https:\/\/www.europesays.com\/pt\/wp-json\/wp\/v2\/media?parent=143905"}],"wp:term":[{"taxonomy":"category","embeddable":true,"href":"https:\/\/www.europesays.com\/pt\/wp-json\/wp\/v2\/categories?post=143905"},{"taxonomy":"post_tag","embeddable":true,"href":"https:\/\/www.europesays.com\/pt\/wp-json\/wp\/v2\/tags?post=143905"}],"curies":[{"name":"wp","href":"https:\/\/api.w.org\/{rel}","templated":true}]}}