{"id":143913,"date":"2025-11-08T07:14:59","date_gmt":"2025-11-08T07:14:59","guid":{"rendered":"https:\/\/www.europesays.com\/pt\/143913\/"},"modified":"2025-11-08T07:14:59","modified_gmt":"2025-11-08T07:14:59","slug":"dez-unidades-de-saude-da-prefeitura-de-manaus-ofertam-vacinacao-contra-influenza-neste-sabado","status":"publish","type":"post","link":"https:\/\/www.europesays.com\/pt\/143913\/","title":{"rendered":"Dez unidades de sa\u00fade da Prefeitura de Manaus ofertam vacina\u00e7\u00e3o contra influenza neste s\u00e1bado"},"content":{"rendered":"<p>Idosos, gestantes, crian\u00e7as de 6 meses a menores de 6 anos e outros grupos priorit\u00e1rios para vacina\u00e7\u00e3o contra influenza (gripe) podem receber o imunizante em dez unidades de sa\u00fade da Prefeitura de Manaus, neste s\u00e1bado, 8\/11. A estrat\u00e9gia, coordenada na capital pela Secretaria Municipal de Sa\u00fade (Semsa), iniciou na segunda-feira, 3\/11, seguindo calend\u00e1rio diferenciado para a regi\u00e3o Norte, coincidindo com o per\u00edodo chuvoso, de maior ocorr\u00eancia das doen\u00e7as respirat\u00f3rias.<\/p>\n<p>Conforme o subsecret\u00e1rio de Gest\u00e3o da Sa\u00fade, Djalma Coelho, at\u00e9 a quinta-feira, 6\/11, 23.758 pessoas, dentre elas 9.755 idosos, 1.482 gestantes e 6.221 crian\u00e7as, receberam a dose contra a gripe nos pontos de vacina\u00e7\u00e3o gerenciados pela Semsa.<\/p>\n<p>\u201cA vacina\u00e7\u00e3o \u00e9 direcionada neste momento para as pessoas com maior risco de exposi\u00e7\u00e3o ao v\u00edrus e tidos como mais vulner\u00e1veis \u00e0 doen\u00e7a, ou seja, gestantes, crian\u00e7as e idosos, al\u00e9m dos usu\u00e1rios de outros 17 grupos priorit\u00e1rios definidos pelo Minist\u00e9rio da Sa\u00fade\u201d, relata o subsecret\u00e1rio.<\/p>\n<p>Ao lado das crian\u00e7as com idade de 6 meses a 5 anos, 11 meses e 29 dias, gestantes e idosos a partir de 60 anos, informa Djalma, integram os grupos priorit\u00e1rios: pu\u00e9rperas (at\u00e9 45 dias ap\u00f3s o parto); povos ind\u00edgenas; quilombolas; trabalhadores da sa\u00fade; professores do ensino b\u00e1sico e superior; pessoas com defici\u00eancia permanente; pessoas com comorbidades; pessoas em situa\u00e7\u00e3o de rua; caminhoneiros; profissionais das For\u00e7as Armadas; profissionais\u00a0 da for\u00e7a de seguran\u00e7a e salvamento; trabalhadores do transporte coletivo (urbano e longo percurso); trabalhadores portu\u00e1rios; trabalhadores dos Correios; adolescentes em medidas socioeducativas (menores de 18 anos); popula\u00e7\u00e3o privada de liberdade (18 anos e mais); e funcion\u00e1rios do Sistema de Priva\u00e7\u00e3o de Liberdade.<\/p>\n<p>O subsecret\u00e1rio enfatiza que a vacina contribui n\u00e3o s\u00f3 para reduzir os riscos de contrair a doen\u00e7a como para diminuir a gravidade dos sintomas, em caso de infec\u00e7\u00e3o. \u201cMas \u00e9 importante que os usu\u00e1rios recebam logo suas doses, antes do per\u00edodo mais intenso de chuvas, que traz o alerta para maior transmiss\u00e3o das s\u00edndromes respirat\u00f3rias\u201d.<\/p>\n<p>Conforme Djalma Coelho, a Semsa conta com dez unidades de sa\u00fade que atendem aos s\u00e1bados, distribu\u00eddas nas zonas distritais de sa\u00fade Norte, Leste, Sul e Oeste do munic\u00edpio. \u201cS\u00e3o unidades que ofertam a vacina\u00e7\u00e3o e todos os demais servi\u00e7os da aten\u00e7\u00e3o prim\u00e1ria \u00e0 sa\u00fade em hor\u00e1rio ampliado, justamente para assegurar o acesso para usu\u00e1rios e fam\u00edlias que t\u00eam pouca disponibilidade de tempo durante a semana\u201d.<\/p>\n<p>Entre esses estabelecimentos est\u00e3o a Unidade de Sa\u00fade da Fam\u00edlia (USF) Leonor de Freitas, na Compensa, zona Oeste, e a USF Carmen Nicolau, no bairro Lago Azul, na zona Norte, que abrem aos s\u00e1bados, e tamb\u00e9m aos domingos e feriados, das 8h \u00e0s 17h. Em outras oito unidades, o atendimento aos s\u00e1bados ocorre das 8h \u00e0s 11h.<\/p>\n<p>A popula\u00e7\u00e3o pode buscar a unidade mais perto de sua casa por meio do link\u00a0<a href=\"https:\/\/www.manaus.am.gov.br\/semsa\/unidades-basicas-de-saude-ubs\/unidades-basicas-de-saude-de-horario-ampliado\/\" target=\"_blank\" rel=\"noreferrer noopener nofollow\">www.manaus.am.gov.br\/semsa\/unidades-basicas-de-saude-ubs\/unidades-basicas-de-saude-de-horario-ampliado<\/a>, com endere\u00e7os e hor\u00e1rios de atendimento de cada local.<\/p>\n<p>Para receber a dose, os usu\u00e1rios devem ir at\u00e9 uma das unidades da Semsa e apresentar documento oficial de identifica\u00e7\u00e3o, CPF ou Cart\u00e3o Nacional de Sa\u00fade (CNS), e documento comprovando a inclus\u00e3o entre os grupos priorit\u00e1rios.<\/p>\n<p>Estrat\u00e9gia<\/p>\n<p>A Semsa tem como meta imunizar 186.675 crian\u00e7as, 25.109 gestantes e 227.612 idosos contra a influenza, o equivalente a 90% da popula\u00e7\u00e3o estimada nos tr\u00eas grupos priorit\u00e1rios no munic\u00edpio; para os demais, a meta \u00e9 vacinar 306.249 pessoas. A estrat\u00e9gia segue at\u00e9 o dia 28 de fevereiro de 2026, em Manaus e demais munic\u00edpios do Norte do pa\u00eds.<\/p>\n<p>Al\u00e9m da aplica\u00e7\u00e3o de doses nas unidades de sa\u00fade, a Semsa vai ofertar a vacina\u00e7\u00e3o em domic\u00edlio para pessoas acamadas e promover a busca ativa de usu\u00e1rios dos grupos priorit\u00e1rios para vacina\u00e7\u00e3o, entre outras a\u00e7\u00f5es para refor\u00e7o da cobertura vacinal contra a doen\u00e7a.<\/p>\n<p>A vacina Influenza Trivalente, utilizada na estrat\u00e9gia, protege contra tr\u00eas tipos de cepas de v\u00edrus: A\/Victoria (H1N1); A\/Croatia (H3N2); e B\/Austria (linhagem B\/Victoria).<\/p>\n<p>O imunizante \u00e9 contraindicado para crian\u00e7as e pessoas que tiveram anafilaxia em aplica\u00e7\u00f5es anteriores. Nos casos de febre ou diagn\u00f3stico de Covid-19, a administra\u00e7\u00e3o deve ser adiada at\u00e9 a recupera\u00e7\u00e3o do paciente.<\/p>\n<p>Confira as Unidades de Sa\u00fade da Fam\u00edlia que ofertam vacina\u00e7\u00e3o neste s\u00e1bado, 8\/11:<\/p>\n<p>Zona Norte<\/p>\n<p>USF Carmem Nicolau<\/p>\n<p>Rua Santa Tereza D\u2019\u00e1vila, s\/n\u00ba, Lago Azul<\/p>\n<p>Das 8h \u00e0s 17h, inclusive domingos e feriados<\/p>\n<p>USF Major PM S\u00e1lvio Belota<\/p>\n<p>Rua Jo\u00e3o de Montefusco (antiga rua das Samambaias), 786, Santa Etelvina<\/p>\n<p>Das 8h \u00e0s 11h<\/p>\n<p>USF Balbina Mestrinho<\/p>\n<p>Rua Major Silv\u00e9rio J. Nery (antiga rua 17), 17, n\u00facleo 3, Cidade Nova<\/p>\n<p>Das 8h \u00e0s 11h<\/p>\n<p>Zona Leste<\/p>\n<p>USF Maria Leonor Brilhante<\/p>\n<p>Avenida Autaz Mirim, s\/n\u00ba, Tancredo Neves<\/p>\n<p>Das 8h \u00e0s 11h<\/p>\n<p>USF Alfredo Campos<\/p>\n<p>Alameda Cosme Ferreira, s\/n\u00ba, Zumbi dos Palmares<\/p>\n<p>Das 8h \u00e0s 11h<\/p>\n<p>USF DR. Jos\u00e9 Amazonas Palhano<\/p>\n<p>Rua Ant\u00f4nio Matias, s\/n\u00ba, S\u00e3o Jos\u00e9<\/p>\n<p>Das 8h \u00e0s 11h<\/p>\n<p>Zona Oeste<\/p>\n<p>USF Leonor de Freitas<\/p>\n<p>Avenida Brasil, Compensa II<\/p>\n<p>Das 8h \u00e0s 17h, inclusive domingos e feriados<\/p>\n<p>USF Deodato de Miranda Le\u00e3o<\/p>\n<p>Av. Presidente Dutra, s\/n\u00ba, Gl\u00f3ria<\/p>\n<p>Das 8h \u00e0s 11h<\/p>\n<p>Zona Sul<\/p>\n<p>USF Dr. Jos\u00e9 Rayol dos Santos<\/p>\n<p>Av. Constantino Nery, s\/n\u00ba, conj. Chapada, Flores<\/p>\n<p>Das 8h \u00e0s 11h<\/p>\n<p>USF Rosa Pereira de Almeida<\/p>\n<p>Rua Dona Mimi, s\/n\u00ba, Morro da Liberdade<\/p>\n<p>Das 8h \u00e0s 11h<\/p>\n<p>\u2014 \u2014 \u2014<\/p>\n<p><strong>Texto\u00a0<\/strong>\u2013 Jony Clay Borges \/ Semsa<\/p>\n<p><strong>Fotos<\/strong>\u00a0\u2013\u00a0Divulga\u00e7\u00e3o \/ Semsa<\/p>\n","protected":false},"excerpt":{"rendered":"Idosos, gestantes, crian\u00e7as de 6 meses a menores de 6 anos e outros grupos priorit\u00e1rios para vacina\u00e7\u00e3o contra&hellip;\n","protected":false},"author":2,"featured_media":143914,"comment_status":"","ping_status":"","sticky":false,"template":"","format":"standard","meta":{"footnotes":""},"categories":[86],"tags":[116,2850,32,3243,33,117,3245,31699,2820],"class_list":{"0":"post-143913","1":"post","2":"type-post","3":"status-publish","4":"format-standard","5":"has-post-thumbnail","7":"category-saude","8":"tag-health","9":"tag-influenza","10":"tag-portugal","11":"tag-prefeitura-de-manaus","12":"tag-pt","13":"tag-saude","14":"tag-semsa","15":"tag-unidades-de-saude","16":"tag-vacinacao"},"share_on_mastodon":{"url":"https:\/\/pubeurope.com\/@pt\/115512850730131448","error":""},"_links":{"self":[{"href":"https:\/\/www.europesays.com\/pt\/wp-json\/wp\/v2\/posts\/143913","targetHints":{"allow":["GET"]}}],"collection":[{"href":"https:\/\/www.europesays.com\/pt\/wp-json\/wp\/v2\/posts"}],"about":[{"href":"https:\/\/www.europesays.com\/pt\/wp-json\/wp\/v2\/types\/post"}],"author":[{"embeddable":true,"href":"https:\/\/www.europesays.com\/pt\/wp-json\/wp\/v2\/users\/2"}],"replies":[{"embeddable":true,"href":"https:\/\/www.europesays.com\/pt\/wp-json\/wp\/v2\/comments?post=143913"}],"version-history":[{"count":0,"href":"https:\/\/www.europesays.com\/pt\/wp-json\/wp\/v2\/posts\/143913\/revisions"}],"wp:featuredmedia":[{"embeddable":true,"href":"https:\/\/www.europesays.com\/pt\/wp-json\/wp\/v2\/media\/143914"}],"wp:attachment":[{"href":"https:\/\/www.europesays.com\/pt\/wp-json\/wp\/v2\/media?parent=143913"}],"wp:term":[{"taxonomy":"category","embeddable":true,"href":"https:\/\/www.europesays.com\/pt\/wp-json\/wp\/v2\/categories?post=143913"},{"taxonomy":"post_tag","embeddable":true,"href":"https:\/\/www.europesays.com\/pt\/wp-json\/wp\/v2\/tags?post=143913"}],"curies":[{"name":"wp","href":"https:\/\/api.w.org\/{rel}","templated":true}]}}