{"id":143915,"date":"2025-11-08T07:22:14","date_gmt":"2025-11-08T07:22:14","guid":{"rendered":"https:\/\/www.europesays.com\/pt\/143915\/"},"modified":"2025-11-08T07:22:14","modified_gmt":"2025-11-08T07:22:14","slug":"nasce-filha-de-nelson-piquet-jr-e-patsy-zurita-coracao-preenchido","status":"publish","type":"post","link":"https:\/\/www.europesays.com\/pt\/143915\/","title":{"rendered":"Nasce filha de Nelson Piquet Jr e Patsy Zurita: &#8216;Cora\u00e7\u00e3o preenchido&#8217;"},"content":{"rendered":"<p>Na noite desta sexta-feira, 7,\u00a0<a href=\"https:\/\/caras.com.br\/tags\/patsy-zurita\" target=\"_blank\" rel=\"noopener nofollow\"><strong>Patsy Zurita<\/strong><\/a> anunciou nas redes sociais o nascimento de <strong>Vida<\/strong>, sua primeira filha com o piloto <strong>Nelson Piquet Jr<\/strong>.<\/p>\n<p>Em seu perfil oficial, ela compartilhou o primeiro registro com a herdeira logo ap\u00f3s o parto e se declarou:\u00a0\u201cBem-vinda ao mundo, Vida.\u00a0Papai e mam\u00e3e te amam tanto!!!! Que Deus te aben\u00e7oe e proteja sempre.\u00a0Cora\u00e7\u00e3o preenchido por aqui\u201d, se derreteu a mam\u00e3e na legenda da publica\u00e7\u00e3o.<\/p>\n<p>Nos coment\u00e1rios, os internautas parabenizaram o casal.\u00a0\u201cParab\u00e9ns e que Deus aben\u00e7oe muito a vida dela e a de voc\u00eas como fam\u00edlia. Felicidades\u201d, disse a atriz Sophia Valverde. \u201cParab\u00e9ns!!! Maior amor do mundo\u201d, escreveu Schynaider Moura.\u00a0\u201cParab\u00e9ns, papais!!! Bem-vinda, Vida!\u201d, falou uma seguidora.\u00a0\u201cAaaaaaaa que lindeza! Parab\u00e9ns, casal. Que papai do c\u00e9u aben\u00e7oe essa fam\u00edlia linda\u201d, comentou mais uma.\u00a0\u201cParab\u00e9ns!! Que Deus aben\u00e7oe voc\u00eas sempre!\u201d, desejou uma f\u00e3.<\/p>\n<p>Neson Piquet Jr e Patsy Zurita se casaram em uma cerim\u00f4nia luxuosa em Itatiba, no interior de S\u00e3o Paulo, em dezembro de 2023. O casamento contou com a presen\u00e7a de diversos famosos do automobilismo internacional, incluindo o piloto holand\u00eas <strong>Max Verstappen<\/strong>, que namorada a irm\u00e3 do piloto, <strong>Kelly Piquet<\/strong>. Em maio deste ano, <a href=\"https:\/\/caras.com.br\/bebe\/nasce-primeira-filha-de-kelly-piquet-e-max-verstappen-nosso-maior-presente.phtml\" target=\"_blank\" rel=\"noopener nofollow\">o casal anunciou o nascimento da primeira filha<\/a>. \u201cBem-vinda ao mundo, doce Lily. Os nossos cora\u00e7\u00f5es est\u00e3o mais cheios do que nunca \u2013 \u00e9s o nosso maior presente. N\u00f3s te amamos muito\u201d, escreveu o piloto da F1.<\/p>\n<p><strong>Confira:<\/strong><\/p>\n<blockquote class=\"instagram-media\" style=\"background: #FFF; border: 0; border-radius: 3px; box-shadow: 0 0 1px 0 rgba(0,0,0,0.5),0 1px 10px 0 rgba(0,0,0,0.15); margin: 1px; max-width: 540px; min-width: 326px; padding: 0; width: calc(100% - 2px);\" data-instgrm-permalink=\"https:\/\/www.instagram.com\/p\/DQxhFVbj7DD\/?utm_source=ig_embed&amp;utm_campaign=loading\" data-instgrm-version=\"14\"><\/blockquote>\n<p>A atriz e apresentadora Mariana Rios est\u00e1 \u00e0 espera de Palo, fruto de seu relacionamento com o empres\u00e1rio Juca Diniz.\u00a0 Recentemente, ela aproveitou um momento para interagir com os seguidores nas redes sociais e revelou algumas curiosidades, como a data prevista para o nascimento e se tem prefer\u00eancia em rela\u00e7\u00e3o ao parto.<\/p>\n<p>\u201cQual \u00e9 a data prov\u00e1vel para o parto?\u201d, quis saber uma internauta. \u201cFinal de dezembro! Mas eu quero deixar tudo pronto o quanto antes\u201d, disse ela, referindo-se ao enxoval do pequeno. Depois Mariana respondeu sobre o parto.\u00a0\u201cO que for melhor para o beb\u00ea e para mim!\u201d. <a href=\"https:\/\/caras.com.br\/bebe\/mariana-rios-revela-quando-o-filho-deve-nascer-e-qual-tipo-de-parto-deseja.phtml\" target=\"_blank\" rel=\"noopener nofollow\"><strong>Saiba mais!<\/strong><\/a><\/p>\n<p><strong>Leia tamb\u00e9m:<\/strong> <a href=\"https:\/\/caras.com.br\/kids\/kelly-piquet-encanta-ao-mostrar-fotos-ineditas-das-duas-filhas-anjos.phtml\" target=\"_blank\" rel=\"noopener nofollow\">Kelly Piquet encanta ao mostrar fotos in\u00e9ditas das duas filhas: \u2018Anjos\u2019<\/a><\/p>\n<p>        <a href=\"https:\/\/caras.com.br\/autor\/daniela-santos\" rel=\"nofollow noopener\" target=\"_blank\">&#13;<br \/>\n          <img loading=\"lazy\" decoding=\"async\" alt=\"Daniela Santos\" src=\"https:\/\/www.europesays.com\/pt\/wp-content\/uploads\/2025\/09\/1758949148_187_daniela-santos_sqmd.jpg\" class=\"avatar avatar-115 photo rounded-circle\" height=\"115\" width=\"115\"\/>        <\/a><\/p>\n<p><b>Daniela Santos<\/b> \u00e9 rep\u00f3rter do site CARAS. Formada em jornalismo pela FIAM FAAM, atua na \u00e1rea de celebridades e TV desde 2018<\/p>\n<p>\t                                            <script async src=\"\/\/www.instagram.com\/embed.js\"><\/script><\/p>\n","protected":false},"excerpt":{"rendered":"Na noite desta sexta-feira, 7,\u00a0Patsy Zurita anunciou nas redes sociais o nascimento de Vida, sua primeira filha com&hellip;\n","protected":false},"author":2,"featured_media":143916,"comment_status":"","ping_status":"","sticky":false,"template":"","format":"standard","meta":{"footnotes":""},"categories":[145],"tags":[211,210,114,115,1127,4897,31700,31701,32,33],"class_list":{"0":"post-143915","1":"post","2":"type-post","3":"status-publish","4":"format-standard","5":"has-post-thumbnail","7":"category-celebridades","8":"tag-celebridades","9":"tag-celebrities","10":"tag-entertainment","11":"tag-entretenimento","12":"tag-filha","13":"tag-nascimento","14":"tag-nelson-piquet-jr","15":"tag-patsy-zurita","16":"tag-portugal","17":"tag-pt"},"share_on_mastodon":{"url":"https:\/\/pubeurope.com\/@pt\/115512878426825124","error":""},"_links":{"self":[{"href":"https:\/\/www.europesays.com\/pt\/wp-json\/wp\/v2\/posts\/143915","targetHints":{"allow":["GET"]}}],"collection":[{"href":"https:\/\/www.europesays.com\/pt\/wp-json\/wp\/v2\/posts"}],"about":[{"href":"https:\/\/www.europesays.com\/pt\/wp-json\/wp\/v2\/types\/post"}],"author":[{"embeddable":true,"href":"https:\/\/www.europesays.com\/pt\/wp-json\/wp\/v2\/users\/2"}],"replies":[{"embeddable":true,"href":"https:\/\/www.europesays.com\/pt\/wp-json\/wp\/v2\/comments?post=143915"}],"version-history":[{"count":0,"href":"https:\/\/www.europesays.com\/pt\/wp-json\/wp\/v2\/posts\/143915\/revisions"}],"wp:featuredmedia":[{"embeddable":true,"href":"https:\/\/www.europesays.com\/pt\/wp-json\/wp\/v2\/media\/143916"}],"wp:attachment":[{"href":"https:\/\/www.europesays.com\/pt\/wp-json\/wp\/v2\/media?parent=143915"}],"wp:term":[{"taxonomy":"category","embeddable":true,"href":"https:\/\/www.europesays.com\/pt\/wp-json\/wp\/v2\/categories?post=143915"},{"taxonomy":"post_tag","embeddable":true,"href":"https:\/\/www.europesays.com\/pt\/wp-json\/wp\/v2\/tags?post=143915"}],"curies":[{"name":"wp","href":"https:\/\/api.w.org\/{rel}","templated":true}]}}