{"id":143924,"date":"2025-11-08T07:50:14","date_gmt":"2025-11-08T07:50:14","guid":{"rendered":"https:\/\/www.europesays.com\/pt\/143924\/"},"modified":"2025-11-08T07:50:14","modified_gmt":"2025-11-08T07:50:14","slug":"georgina-rodriguez-deslumbra-em-jato-privado-apos-cristiano-ronaldo-revelar-compra-milionaria","status":"publish","type":"post","link":"https:\/\/www.europesays.com\/pt\/143924\/","title":{"rendered":"Georgina Rodriguez &#8211; Deslumbra em jato privado ap\u00f3s Cristiano Ronaldo revelar compra milion\u00e1ria"},"content":{"rendered":"<p>Depois de <strong>Cristiano Ronaldo<\/strong> ter confessado, na sua mais recente entrevista a Piers Morgan, <a href=\"https:\/\/www.novagente.pt\/cristiano-ronaldo-confessa-qual-foi-coisa-mais-cara-que-ja-comprou-nao-foi-uma-casa-carro-ou-joias\" rel=\"nofollow noopener\" target=\"_blank\">que a coisa mais cara que j\u00e1 comprou foi um avi\u00e3o<\/a>, a companheira do craque, <strong>Georgina Rodr\u00edguez<\/strong>, mostrou que tamb\u00e9m sabe aproveitar (e com muito estilo)\u00a0os luxos da vida que leva&#8230;<\/p>\n<p>A modelo e influenciadora partilhou nas redes sociais v\u00e1rias fotografias a bordo de um jato privado, onde surge descontra\u00edda e elegante, desfrutando do conforto de uma viagem exclusiva. Numa das imagens, <strong>Gio aparece at\u00e9 deitada na cama da aeronave.<\/strong><\/p>\n<p>O internacional portugu\u00eas, que comprou o seu primeiro jato aos 30 anos, \u00e9 agora dono de um modelo ainda mais sofisticado:<strong> o Bombardier Global Express, nas vers\u00f5es 6500 ou XRS,<\/strong>\u00a0um dos avi\u00f5es privados mais caros e potentes do mundo.<\/p>\n<p>Contudo, tudo indica que o jato utilizado por Georgina Rodr\u00edguez durante esta viagem n\u00e3o \u00e9 o mesmo do craque. A companheira de CR7 foi apanhada a bordo de um Bombardier Challenger 850, um modelo tamb\u00e9m de luxo, conhecido pelo interior espa\u00e7oso e conforto de primeira classe.<\/p>\n<p><strong>Leia ainda:<\/strong> <a href=\"https:\/\/www.novagente.pt\/cristiano-ronaldo-reencontro-de-cr7-com-mulher-que-lhe-dava-hamburgueres-quando-tinha-fome-pensou\" rel=\"nofollow noopener\" target=\"_blank\">O encontro de Ronaldo com a mulher que lhe dava hamb\u00fargueres quando ele tinha fome: &#8220;Pensou que nem ia falar com ela&#8221;<\/a><\/p>\n<p>Veja as fotos na galeria<\/p>\n<p>\u00a0<\/p>\n<p>Texto: Tiago Miguel Sim\u00f5es; Fotos: Instagram<\/p>\n<p>\u00a0<\/p>\n<p class=\"intagram-text\">Siga a Nova Gente no Instagram<\/p>\n<p>                        <a href=\"https:\/\/www.instagram.com\/revistanovagente\/\" target=\"_blank\" aria-label=\"instagram\" rel=\"noopener nofollow\"><img decoding=\"async\" style=\"display: block; margin-left: auto; margin-right: auto; width: 250px; height: 83px;\" src=\"https:\/\/www.europesays.com\/pt\/wp-content\/uploads\/2025\/10\/Instagram_NG.png\" alt=\"instagram\"\/><\/a><br \/>\n                    <script async src=\"\/\/www.instagram.com\/embed.js\"><\/script><\/p>\n","protected":false},"excerpt":{"rendered":"Depois de Cristiano Ronaldo ter confessado, na sua mais recente entrevista a Piers Morgan, que a coisa mais&hellip;\n","protected":false},"author":2,"featured_media":143925,"comment_status":"","ping_status":"","sticky":false,"template":"","format":"standard","meta":{"footnotes":""},"categories":[145],"tags":[211,210,668,31702,114,115,3509,32,33],"class_list":{"0":"post-143924","1":"post","2":"type-post","3":"status-publish","4":"format-standard","5":"has-post-thumbnail","7":"category-celebridades","8":"tag-celebridades","9":"tag-celebrities","10":"tag-cr7","11":"tag-cristiao-ronaldo","12":"tag-entertainment","13":"tag-entretenimento","14":"tag-georgina-rodriguez","15":"tag-portugal","16":"tag-pt"},"share_on_mastodon":{"url":"https:\/\/pubeurope.com\/@pt\/115512988508201386","error":""},"_links":{"self":[{"href":"https:\/\/www.europesays.com\/pt\/wp-json\/wp\/v2\/posts\/143924","targetHints":{"allow":["GET"]}}],"collection":[{"href":"https:\/\/www.europesays.com\/pt\/wp-json\/wp\/v2\/posts"}],"about":[{"href":"https:\/\/www.europesays.com\/pt\/wp-json\/wp\/v2\/types\/post"}],"author":[{"embeddable":true,"href":"https:\/\/www.europesays.com\/pt\/wp-json\/wp\/v2\/users\/2"}],"replies":[{"embeddable":true,"href":"https:\/\/www.europesays.com\/pt\/wp-json\/wp\/v2\/comments?post=143924"}],"version-history":[{"count":0,"href":"https:\/\/www.europesays.com\/pt\/wp-json\/wp\/v2\/posts\/143924\/revisions"}],"wp:featuredmedia":[{"embeddable":true,"href":"https:\/\/www.europesays.com\/pt\/wp-json\/wp\/v2\/media\/143925"}],"wp:attachment":[{"href":"https:\/\/www.europesays.com\/pt\/wp-json\/wp\/v2\/media?parent=143924"}],"wp:term":[{"taxonomy":"category","embeddable":true,"href":"https:\/\/www.europesays.com\/pt\/wp-json\/wp\/v2\/categories?post=143924"},{"taxonomy":"post_tag","embeddable":true,"href":"https:\/\/www.europesays.com\/pt\/wp-json\/wp\/v2\/tags?post=143924"}],"curies":[{"name":"wp","href":"https:\/\/api.w.org\/{rel}","templated":true}]}}