{"id":143926,"date":"2025-11-08T07:53:05","date_gmt":"2025-11-08T07:53:05","guid":{"rendered":"https:\/\/www.europesays.com\/pt\/143926\/"},"modified":"2025-11-08T07:53:05","modified_gmt":"2025-11-08T07:53:05","slug":"mariana-revela-a-sanjay-a-minha-avo-pediu-que-te-desse-algum-dinheiro-novelas","status":"publish","type":"post","link":"https:\/\/www.europesays.com\/pt\/143926\/","title":{"rendered":"Mariana revela a Sanjay: \u00abA minha av\u00f3 pediu que te desse algum dinheiro\u00bb &#8211; Novelas"},"content":{"rendered":"<p>Em \u00abA Protegida\u00bb, Mariana (Matilde Reym\u00e3o) conta a Sanjay (M\u00e1rio Oliveira) que a av\u00f3 lhe pediu para lhe dar algum dinheiro e refere que ela gostava muito dele e de Aruna (Noua Wong). Sanjay n\u00e3o quer aceitar o dinheiro, mas fica feliz por Benedita (Maria do C\u00e9u Guerra) se ter lembrado deles. Mariana insiste para que ele aceite e tem muita pena do que aconteceu aos seus pais. Sanjay diz que Aruna est\u00e1 muito perturbada.<\/p>\n","protected":false},"excerpt":{"rendered":"Em \u00abA Protegida\u00bb, Mariana (Matilde Reym\u00e3o) conta a Sanjay (M\u00e1rio Oliveira) que a av\u00f3 lhe pediu para lhe&hellip;\n","protected":false},"author":2,"featured_media":143927,"comment_status":"","ping_status":"","sticky":false,"template":"","format":"standard","meta":{"footnotes":""},"categories":[142],"tags":[168,160,166,114,115,157,167,164,2931,161,158,165,159,32,33,156,163,151,162],"class_list":{"0":"post-143926","1":"post","2":"type-post","3":"status-publish","4":"format-standard","5":"has-post-thumbnail","7":"category-tv","8":"tag-a-protegida","9":"tag-ana-guiomar","10":"tag-cristina-ferreira","11":"tag-entertainment","12":"tag-entretenimento","13":"tag-festa-e-festa","14":"tag-ficcao","15":"tag-jose-fidalgo","16":"tag-novela","17":"tag-novelas","18":"tag-para-sempre","19":"tag-pedro-sousa","20":"tag-pedro-teixeira","21":"tag-portugal","22":"tag-pt","23":"tag-queridos-papas","24":"tag-tiago-teotonio-pereira","25":"tag-tv","26":"tag-tvi"},"share_on_mastodon":{"url":"https:\/\/pubeurope.com\/@pt\/115513000113469136","error":""},"_links":{"self":[{"href":"https:\/\/www.europesays.com\/pt\/wp-json\/wp\/v2\/posts\/143926","targetHints":{"allow":["GET"]}}],"collection":[{"href":"https:\/\/www.europesays.com\/pt\/wp-json\/wp\/v2\/posts"}],"about":[{"href":"https:\/\/www.europesays.com\/pt\/wp-json\/wp\/v2\/types\/post"}],"author":[{"embeddable":true,"href":"https:\/\/www.europesays.com\/pt\/wp-json\/wp\/v2\/users\/2"}],"replies":[{"embeddable":true,"href":"https:\/\/www.europesays.com\/pt\/wp-json\/wp\/v2\/comments?post=143926"}],"version-history":[{"count":0,"href":"https:\/\/www.europesays.com\/pt\/wp-json\/wp\/v2\/posts\/143926\/revisions"}],"wp:featuredmedia":[{"embeddable":true,"href":"https:\/\/www.europesays.com\/pt\/wp-json\/wp\/v2\/media\/143927"}],"wp:attachment":[{"href":"https:\/\/www.europesays.com\/pt\/wp-json\/wp\/v2\/media?parent=143926"}],"wp:term":[{"taxonomy":"category","embeddable":true,"href":"https:\/\/www.europesays.com\/pt\/wp-json\/wp\/v2\/categories?post=143926"},{"taxonomy":"post_tag","embeddable":true,"href":"https:\/\/www.europesays.com\/pt\/wp-json\/wp\/v2\/tags?post=143926"}],"curies":[{"name":"wp","href":"https:\/\/api.w.org\/{rel}","templated":true}]}}