{"id":143938,"date":"2025-11-08T08:14:11","date_gmt":"2025-11-08T08:14:11","guid":{"rendered":"https:\/\/www.europesays.com\/pt\/143938\/"},"modified":"2025-11-08T08:14:11","modified_gmt":"2025-11-08T08:14:11","slug":"prefeito-eleito-de-nova-york-mora-em-apartamento-de-um-quarto-mas-pode-se-mudar-para-mansao-de-1-000-m%c2%b2","status":"publish","type":"post","link":"https:\/\/www.europesays.com\/pt\/143938\/","title":{"rendered":"Prefeito eleito de Nova York mora em apartamento de um quarto, mas pode se mudar para mans\u00e3o de 1.000 m\u00b2"},"content":{"rendered":"\n<p class=\" content-text__container \" data-track-category=\"Link no Texto\" data-track-links=\"\"> \u201cMinha mulher e eu acabamos de conversar sobre o fato de que um apartamento de um quarto \u00e9 um pouco pequeno demais para n\u00f3s agora\u201d, disse ele recentemente no programa \u201cThe New Yorker Radio Hour\u201d, ap\u00f3s detalhar os problemas de encanamento. Supondo que Mamdani decida se mudar para a Gracie Mansion, resid\u00eancia oficial do prefeito de Nova York, \u00e9 improv\u00e1vel que ele tenha que lidar pessoalmente com esses problemas cotidianos por muito mais tempo. E seu novo lar tamb\u00e9m n\u00e3o ser\u00e1 t\u00e3o aconchegante. <\/p>\n<p class=\" content-text__container \" data-track-category=\"Link no Texto\" data-track-links=\"\"> \u00c9 dif\u00edcil medir a diferen\u00e7a entre a atual resid\u00eancia de Mamdani, um modesto apartamento com aluguel controlado em Astoria, no Queens, e a Gracie Mansion, uma casa de 226 anos e aproximadamente 1.022 m\u00b2 no Upper East Side, com espelhos reluzentes que refletem a luz de lustres, portas de imita\u00e7\u00e3o de mogno, um vasto gramado com macieiras e figueiras e uma horta ocasionalmente infestada por coelhos. <\/p>\n<p class=\" content-text__container \" data-track-category=\"Link no Texto\" data-track-links=\"\"> Dante de Blasio, que era adolescente quando seu pai, Bill de Blasio, se tornou prefeito, lembrou-se de se sentir &#8220;o garoto mais sortudo da Am\u00e9rica&#8221; \u200b\u200bquando sua fam\u00edlia se mudou para a casa em 2014. <\/p>\n<p class=\" content-text__container \" data-track-category=\"Link no Texto\" data-track-links=\"\"> \u201cCrescendo em Nova York, voc\u00ea n\u00e3o considera o espa\u00e7o como algo garantido\u201d, disse ele. \u201cE de repente voc\u00ea tinha um gramado e um sal\u00e3o de baile.\u201d Mas ele disse que isso tamb\u00e9m poderia ser alienante. &#8220;Voc\u00ea fica distante da realidade cotidiana de viver na cidade de Nova York, com toda a gl\u00f3ria e as indignidades&#8221;, disse ele. <\/p>\n<p class=\" content-text__container \" data-track-category=\"Link no Texto\" data-track-links=\"\"> Embora Mamdani tenha dito h\u00e1 meses que planeja se mudar de seu apartamento atual, ele se esquivou quando questionado na manh\u00e3 de quarta-feira se se mudaria para Gracie. <\/p>\n<p class=\" content-text__container \" data-track-category=\"Link no Texto\" data-track-links=\"\"> &#8220;Ainda n\u00e3o sei onde vou morar&#8221;, disse ele durante uma entrevista na televis\u00e3o, &#8220;mas posso dizer onde vou trabalhar: na Prefeitura&#8221;. <\/p>\n<p>      <img decoding=\"async\" class=\"content-media__image\"  src=\"https:\/\/www.europesays.com\/pt\/wp-content\/uploads\/2025\/11\/00met-mayor-gracie-qfgj-superjumbo.webp.jpeg\" alt=\"Gracie Mansion, com 226 anos, tem espelhos reluzentes que refletem a luz de lustres, vasto gramado com macieiras e figueiras e horta ocasionalmente infestada por coelhos \u2014 Foto: Vincent Alban\/The New York Times\" width=\"2048\" height=\"1365\" loading=\"lazy\"\/>  Gracie Mansion, com 226 anos, tem espelhos reluzentes que refletem a luz de lustres, vasto gramado com macieiras e figueiras e horta ocasionalmente infestada por coelhos \u2014 Foto: Vincent Alban\/The New York Times        <\/p>\n<p class=\" content-text__container \" data-track-category=\"Link no Texto\" data-track-links=\"\"> Em uma coletiva de imprensa realizada na quarta-feira, o prefeito eleito brincou dizendo que havia recebido uma mensagem de texto do seu zelador no meio da noite. Mas \u00e9 em Gracie que quase todos os prefeitos acabam \u2014 devido \u00e0 forte seguran\u00e7a e ao amplo espa\u00e7o para reuni\u00f5es \u2014, quer queiram ou n\u00e3o. Aqui est\u00e3o algumas das maneiras pelas quais o apartamento atual de Mamdani difere de sua prov\u00e1vel futura resid\u00eancia. <\/p>\n<p>Aquecimento e \u00e1gua quente inclu\u00eddos<\/p>\n<p class=\" content-text__container \" data-track-category=\"Link no Texto\" data-track-links=\"\"> Quando o apartamento de Mamdani no Queens foi anunciado pela \u00faltima vez, em 2018, o an\u00fancio destacava uma vantagem atraente, na verdade, exigida por lei na cidade de Nova York: aquecimento e \u00e1gua quente inclu\u00eddos no aluguel. Mas isso n\u00e3o foi tudo. A cozinha tinha uma janela. O quarto individual tinha dois arm\u00e1rios. E o zelador morava no pr\u00e9dio. <\/p>\n<p class=\" content-text__container \" data-track-category=\"Link no Texto\" data-track-links=\"\"> Embora n\u00e3o houvesse m\u00e1quina de lavar ou secar roupa no apartamento, havia uma lavanderia comunit\u00e1ria no pr\u00e9dio. O pr\u00e9dio baixo, de tijolos claros e sem grandes atrativos, constru\u00eddo em 1929, possui um elevador, o que, segundo corretores, \u00e9 uma raridade em Astoria. Embora a equipe de campanha de Mamdani tenha se recusado a comentar, corretores estimaram que a unidade tenha, no m\u00e1ximo, cerca de 74 metros quadrados. <\/p>\n<p>Ou um chef em tempo integral e um sal\u00e3o de festas no local?<\/p>\n<p class=\" content-text__container \" data-track-category=\"Link no Texto\" data-track-links=\"\"> A Gracie Mansion, por outro lado, foi certa vez descrita por um rep\u00f3rter do New York Times como uma &#8220;casa cor de bolo de lim\u00e3o p\u00e1lido&#8221;. Ela fica no topo do Carl Schurz Park, ao lado da FDR Drive, e oferece vistas panor\u00e2micas do East River a partir de sua varanda durante o ver\u00e3o. <\/p>\n<p class=\" content-text__container \" data-track-category=\"Link no Texto\" data-track-links=\"\"> Ap\u00f3s um dia de trabalho no centro da cidade, os prefeitos s\u00e3o levados de carro pelo port\u00e3o de seguran\u00e7a de Gracie e entram pela porta da frente, que \u00e9 adornada com uma mezuz\u00e1, um pergaminho com vers\u00edculos da Tor\u00e1 guardado em um pequeno estojo, instalado pela primeira vez pelo prefeito Abraham Beame, que atuou na d\u00e9cada de 1970. <\/p>\n<p>       <img decoding=\"async\" class=\"content-media__image\"  src=\"https:\/\/www.europesays.com\/pt\/wp-content\/uploads\/2025\/11\/112927367-new-york-new-york-november-04-new-york-city-democratic-mayoral-candidate-zohran-mamdani.jp.jpeg\" alt=\"Mamdani agradece aos eleitores ap\u00f3s vit\u00f3ria na vota\u00e7\u00e3o para Prefeito de Nova York, na ter\u00e7a-feira \u2014 Foto: Spencer Platt\/Getty Images\/AFP\" width=\"7279\" height=\"4855\" loading=\"lazy\"\/>  Mamdani agradece aos eleitores ap\u00f3s vit\u00f3ria na vota\u00e7\u00e3o para Prefeito de Nova York, na ter\u00e7a-feira \u2014 Foto: Spencer Platt\/Getty Images\/AFP       <\/p>\n<p class=\" content-text__container \" data-track-category=\"Link no Texto\" data-track-links=\"\"> O andar t\u00e9rreo \u00e9 muito ornamentado, muito no estilo federal, e \u00e9 totalmente proibido que o prefeito mexa. H\u00e1 uma sala de estar com uma lareira imponente, onde os filhos do prefeito John Lindsay penduravam suas meias de Natal no final da d\u00e9cada de 1960, uma sala de estar e uma sala de jantar revestidas com papel de parede que retrata jardins parisienses. <\/p>\n<p class=\" content-text__container \" data-track-category=\"Link no Texto\" data-track-links=\"\"> Os prefeitos podem fazer suas refei\u00e7\u00f5es aqui, preparadas pelo chef em tempo integral da Gracie. Quando o sal\u00e3o de baile do outro lado do corredor foi inaugurado em 1966, o Times observou que o espa\u00e7o era &#8220;t\u00e3o formal e equilibrado quanto um quarteto de Haydn&#8221;. No andar superior ficam cinco quartos. <\/p>\n<p class=\" content-text__container \" data-track-category=\"Link no Texto\" data-track-links=\"\"> Diversos prefeitos t\u00eam procurado tornar esta parte da mans\u00e3o, de car\u00e1ter bastante formal, um pouco mais acolhedora. A fam\u00edlia de De Blasio contratou um decorador da West Elm para modernizar a resid\u00eancia, transformando um dos c\u00f4modos em um escrit\u00f3rio. A fam\u00edlia de Beame converteu outro c\u00f4modo em uma sala de jantar, onde sua mulher podia fazer um lanche da meia-noite de vez em quando. <\/p>\n<p class=\" content-text__container \" data-track-category=\"Link no Texto\" data-track-links=\"\"> As filhas de Lindsay, Rudy Giuliani e Michael Bloomberg gravaram seus nomes em um vidro da janela no andar de baixo. O mesmo fez Chirlane McCray, ent\u00e3o mulher de de Blasio. <\/p>\n<p>       <img decoding=\"async\" class=\"content-media__image\"  src=\"https:\/\/www.europesays.com\/pt\/wp-content\/uploads\/2025\/11\/00met-mayor-gracie-cpgt-jumbo.webp.jpeg\" alt=\"As filhas de Lindsay, Rudy Giuliani e Michael Bloomberg gravaram seus nomes em um vidro da janela no andar de baixo. O mesmo fez Chirlane McCray, ent\u00e3o mulher de de Blasio \u2014 Foto: Vincent Alban\/The New York Times\" width=\"1024\" height=\"683\" loading=\"lazy\"\/>  As filhas de Lindsay, Rudy Giuliani e Michael Bloomberg gravaram seus nomes em um vidro da janela no andar de baixo. O mesmo fez Chirlane McCray, ent\u00e3o mulher de de Blasio \u2014 Foto: Vincent Alban\/The New York Times       <\/p>\n<p>A maior vantagem: espa\u00e7o para festas<\/p>\n<p class=\" content-text__container \" data-track-category=\"Link no Texto\" data-track-links=\"\"> N\u00e3o \u00e9 f\u00e1cil dar uma festa animada em um apartamento de um quarto como o de Mamdani, com vizinhos por todos os lados. Mas a Gracie Mansion foi feita para festas. O prefeito Eric Adams ofereceu recep\u00e7\u00f5es em homenagem a nova-iorquinos de origem \u00e1rabe, equatoriana e guianense em um intervalo de poucas semanas neste ano, al\u00e9m de uma festa para dar in\u00edcio \u00e0 Semana da Marinha, ao M\u00eas da Hist\u00f3ria da Mulher e ao Nowruz. <\/p>\n<p class=\" content-text__container \" data-track-category=\"Link no Texto\" data-track-links=\"\"> O filho de Adams, Jordan Coleman, um rapper, tamb\u00e9m deu uma festa de fim de ano l\u00e1 certa vez, apresentando m\u00fasicas de seu novo \u00e1lbum. Giuliani foi expulso de casa por sua ent\u00e3o mulher, Donna Hanover, depois de anunciar o div\u00f3rcio em uma coletiva de imprensa surpresa. Ele se casou novamente no gramado alguns anos depois de deixar a prefeitura, com a presen\u00e7a de Donald Trump, de smoking. <\/p>\n<p class=\" content-text__container \" data-track-category=\"Link no Texto\" data-track-links=\"\"> Dante de Blasio incentivou Mamdani a aproveitar a casa e us\u00e1-la de verdade, em vez de trat\u00e1-la como um museu. <\/p>\n<p class=\" content-text__container \" data-track-category=\"Link no Texto\" data-track-links=\"\"> \u201cVoc\u00ea deveria dar festas\u201d, aconselhou Dante. \u201cEu j\u00e1 dei umas festas de anivers\u00e1rio muito boas.\u201d <\/p>\n<p>Astoria x Upper East Side<\/p>\n<p class=\" content-text__container \" data-track-category=\"Link no Texto\" data-track-links=\"\"> Astoria, que Mamdani representa na Assembleia, tem sido um basti\u00e3o de acessibilidade para jovens e fam\u00edlias que se estabeleceram em seus tranquilos quarteir\u00f5es residenciais, desfrutam de seu parque \u00e0 beira-mar e matriculam seus filhos em suas boas escolas p\u00fablicas. O bairro abriga imigrantes de Gr\u00e9cia, Egito e Marrocos, e tem uma grande popula\u00e7\u00e3o latina. \u00c9 uma parte agrad\u00e1vel da cidade, sem nenhum luxo especial. <\/p>\n<p class=\" content-text__container \" data-track-category=\"Link no Texto\" data-track-links=\"\"> E depois h\u00e1 o Upper East Side. H\u00e1 muito tempo \u00e9 um dos bairros mais ricos e elitistas de Nova York. Abriga alguns dos museus mais famosos do mundo e pontos tur\u00edsticos imperd\u00edveis para o Instagram, como o Bemelmans Bar, no Hotel Carlyle, onde os clientes podem pedir martinis de US$ 28 e passar a noite por US$ 1.000 ou mais. <\/p>\n<p class=\" content-text__container \" data-track-category=\"Link no Texto\" data-track-links=\"\"> \u00c9 um lugar tranquilo, \u00e0s vezes quase deserto durante os fins de semana de ver\u00e3o, quando muitos moradores se mudam para os Hamptons ou Nantucket. \u00c9 f\u00e1cil encontrar um cheeseburger ou um espaguete ao pomodoro, mas \u00e9 preciso um pouco mais de esfor\u00e7o para encontrar o tipo de comida que Mamdani procurou em Astoria, um dos melhores bairros da cidade para comer. <\/p>\n<p>      <img decoding=\"async\" class=\"content-media__image\"  src=\"https:\/\/www.europesays.com\/pt\/wp-content\/uploads\/2025\/11\/10ba5547-ba3d-45da-b87a-747e2624f85c.jpg\" alt=\"Algumas partes da mans\u00e3o possuem colunas ornamentadas e molduras de teto requintadas \u2014 Foto: Vincent Alban\/The New York Times\" width=\"1067\" height=\"1600\" loading=\"lazy\"\/>  Algumas partes da mans\u00e3o possuem colunas ornamentadas e molduras de teto requintadas \u2014 Foto: Vincent Alban\/The New York Times       <\/p>\n<p class=\" content-text__container \" data-track-category=\"Link no Texto\" data-track-links=\"\"> Mamdani recomendou recentemente a carne crua apimentada do Pye Boat Noodle, um restaurante tailand\u00eas em seu bairro, e alterna entre seus restaurantes de frutos do mar favoritos na regi\u00e3o: Bahari Estiatorio, Elias Corner e Abuqir, onde um robalo inteiro custa US$ 23,99. No Upper East Side, no restaurante do Hotel Mark, perto do Central Park, um peda\u00e7o de robalo negro grelhado custa US$ 72. <\/p>\n<p>Seguran\u00e7a em primeiro lugar<\/p>\n<p class=\" content-text__container \" data-track-category=\"Link no Texto\" data-track-links=\"\"> O apartamento atual de Mamdani n\u00e3o possui porteiro nem equipamento de seguran\u00e7a especial. O verdadeiro atrativo da Gracie Mansion talvez seja sua alta cerca, ladeada por c\u00e2meras, e a equipe de policiais de plant\u00e3o do lado de fora. Foi por isso que os de Blasio acabaram se mudando para l\u00e1, e o ex-prefeito incentivou Mamdani a fazer o mesmo: &#8220;Ele precisa absolutamente ir para Gracie.&#8221; <\/p>\n<p class=\" content-text__container \" data-track-category=\"Link no Texto\" data-track-links=\"\"> Fiorello LaGuardia, o primeiro prefeito a residir em Gracie, mudou-se a contragosto de seu apartamento no East Harlem para o outro lado da cidade, a pedido de Robert Moses, o urbanista que reconstruiu Nova York, que estava preocupado com a seguran\u00e7a do prefeito durante a Segunda Guerra Mundial. <\/p>\n<p class=\" content-text__container \" data-track-category=\"Link no Texto\" data-track-links=\"\"> LaGuardia tentou renomear a Gracie Mansion para a mais simples Gracie Farm. O nome n\u00e3o pegou, mas sua mulher continuou cuidando de toda a limpeza da casa e secando as roupas da fam\u00edlia no gramado. O prefeito Eric Adams identificou uma amea\u00e7a completamente diferente. <\/p>\n<p class=\" content-text__container \" data-track-category=\"Link no Texto\" data-track-links=\"\"> &#8220;H\u00e1 fantasmas l\u00e1 dentro, cara&#8221;, disse ele a um rep\u00f3rter durante seu primeiro ano no cargo. <\/p>\n<p class=\" content-text__container \" data-track-category=\"Link no Texto\" data-track-links=\"\"> O prefeito, que normalmente passa apenas algumas noites por semana em Gracie, de acordo com dados de celular obtidos por promotores federais, n\u00e3o estava em casa por volta das 4h da manh\u00e3 do dia de Ano Novo deste ano, quando um homem escalou a cerca externa e entrou na mans\u00e3o, desarmado, e levou um enfeite de Natal. <\/p>\n<p class=\" content-text__container \" data-track-category=\"Link no Texto\" data-track-links=\"\"> Michael Bloomberg rejeitou Gracie completamente, preferindo sua casa geminada pr\u00f3xima, que de alguma forma \u00e9 ainda mais agrad\u00e1vel. Ed Koch continuou morando em seu apartamento com aluguel controlado em Greenwich Village mesmo depois de ser eleito prefeito, mas logo foi bombardeado por liga\u00e7\u00f5es de eleitores, j\u00e1 que n\u00e3o havia mudado seu n\u00famero de telefone residencial. Eventualmente, ele optou pelo pragmatismo e se mudou para o bairro de Gracie, na parte alta da cidade, embora tenha mantido seu apartamento. <\/p>\n<p class=\" content-text__container \" data-track-category=\"Link no Texto\" data-track-links=\"\"> &#8220;Eu disse que voc\u00ea se acostuma com a ostenta\u00e7\u00e3o muito rapidamente&#8221;, disse Koch ap\u00f3s perder sua candidatura \u00e0 reelei\u00e7\u00e3o em 1989. &#8220;E eu me acostumei.&#8221; <\/p>\n","protected":false},"excerpt":{"rendered":"\u201cMinha mulher e eu acabamos de conversar sobre o fato de que um apartamento de um quarto \u00e9&hellip;\n","protected":false},"author":2,"featured_media":143939,"comment_status":"","ping_status":"","sticky":false,"template":"","format":"standard","meta":{"footnotes":""},"categories":[141],"tags":[114,115,319,149,150,32,33,318],"class_list":{"0":"post-143938","1":"post","2":"type-post","3":"status-publish","4":"format-standard","5":"has-post-thumbnail","7":"category-musica","8":"tag-entertainment","9":"tag-entretenimento","10":"tag-hard-news","11":"tag-music","12":"tag-musica","13":"tag-portugal","14":"tag-pt","15":"tag-radar"},"share_on_mastodon":{"url":"https:\/\/pubeurope.com\/@pt\/115513082926441164","error":""},"_links":{"self":[{"href":"https:\/\/www.europesays.com\/pt\/wp-json\/wp\/v2\/posts\/143938","targetHints":{"allow":["GET"]}}],"collection":[{"href":"https:\/\/www.europesays.com\/pt\/wp-json\/wp\/v2\/posts"}],"about":[{"href":"https:\/\/www.europesays.com\/pt\/wp-json\/wp\/v2\/types\/post"}],"author":[{"embeddable":true,"href":"https:\/\/www.europesays.com\/pt\/wp-json\/wp\/v2\/users\/2"}],"replies":[{"embeddable":true,"href":"https:\/\/www.europesays.com\/pt\/wp-json\/wp\/v2\/comments?post=143938"}],"version-history":[{"count":0,"href":"https:\/\/www.europesays.com\/pt\/wp-json\/wp\/v2\/posts\/143938\/revisions"}],"wp:featuredmedia":[{"embeddable":true,"href":"https:\/\/www.europesays.com\/pt\/wp-json\/wp\/v2\/media\/143939"}],"wp:attachment":[{"href":"https:\/\/www.europesays.com\/pt\/wp-json\/wp\/v2\/media?parent=143938"}],"wp:term":[{"taxonomy":"category","embeddable":true,"href":"https:\/\/www.europesays.com\/pt\/wp-json\/wp\/v2\/categories?post=143938"},{"taxonomy":"post_tag","embeddable":true,"href":"https:\/\/www.europesays.com\/pt\/wp-json\/wp\/v2\/tags?post=143938"}],"curies":[{"name":"wp","href":"https:\/\/api.w.org\/{rel}","templated":true}]}}