{"id":14395,"date":"2025-08-03T16:14:14","date_gmt":"2025-08-03T16:14:14","guid":{"rendered":"https:\/\/www.europesays.com\/pt\/14395\/"},"modified":"2025-08-03T16:14:14","modified_gmt":"2025-08-03T16:14:14","slug":"viva-a-inteligencia-interna-de-cura-03-08-2025-marcelo-leite","status":"publish","type":"post","link":"https:\/\/www.europesays.com\/pt\/14395\/","title":{"rendered":"Viva a intelig\u00eancia interna de cura &#8211; 03\/08\/2025 &#8211; Marcelo Leite"},"content":{"rendered":"<p>Tenho uma amante que, ap\u00f3s meio s\u00e9culo de cumplicidade, n\u00e3o para de me surpreender. A pesquisa cient\u00edfica tem essa capacidade inesgot\u00e1vel de cativar. Ela ajuda a revelar aspectos maravilhosos do mundo natural, como a intelig\u00eancia interna de cura em corpos humanos e de outros animais.<\/p>\n<p>A controversa faculdade inata de pessoas secretarem <a href=\"https:\/\/www1.folha.uol.com.br\/folha-topicos\/saude\/\" rel=\"nofollow noopener\" target=\"_blank\">sa\u00fade<\/a> veio \u00e0 mente ao ler no peri\u00f3dico<a href=\"https:\/\/www.nature.com\/neuro\/\" rel=\"nofollow noopener\" target=\"_blank\"> Nature Neuroscience<\/a> o <a href=\"https:\/\/www.nature.com\/articles\/s41593-025-02008-y\" rel=\"nofollow noopener\" target=\"_blank\">trabalho <\/a>de Andrea Serino da <a href=\"https:\/\/www1.folha.uol.com.br\/folha-topicos\/universidade\/\" rel=\"nofollow noopener\" target=\"_blank\">Universidade<\/a> de Lausanne (Su\u00ed\u00e7a). O grupo reuniu v\u00e1rias t\u00e9cnicas para mostrar que contemplar faces aparentando infec\u00e7\u00e3o basta para ativar defesas do organismo.<\/p>\n<p>Do ponto de vista evolutivo, faz sentido evitar contato com pessoas acometidas por doen\u00e7as infecciosas, gra\u00e7as \u00e0 avers\u00e3o inata por sinais vis\u00edveis, como p\u00fastulas. Menos cr\u00edvel seria que vis\u00f5es aversivas disparassem a produ\u00e7\u00e3o de c\u00e9lulas do sistema imune para predispor o corpo ao combate contra pat\u00f3genos.<\/p>\n<p>&#13;<br \/>\nSerino formulou a hip\u00f3tese de que respostas neurais antecipat\u00f3rias p\u00f5em o sistema imune de prontid\u00e3o. Empregando \u00f3culos de realidade virtual, apresentaram-se a alguns volunt\u00e1rios imagens de faces com sinais de infec\u00e7\u00e3o, a v\u00e1rias dist\u00e2ncias aparentes, enquanto outros encaravam rostos saud\u00e1veis.<\/p>\n<p>Aparelhos de eletroencefalografia e de resson\u00e2ncia magn\u00e9tica funcional, em paralelo, captavam quais \u00e1reas do c\u00e9rebro dessas pessoas se ativavam. Um padr\u00e3o detectado foi o acionamento da chamada rede de sali\u00eancia, interconex\u00e3o de regi\u00f5es cerebrais encarregada de detectar e filtrar est\u00edmulos incomuns, incluindo amea\u00e7as.<\/p>\n<p>Tamb\u00e9m se mostraram ativas \u00e1reas associadas com respostas imunol\u00f3gicas. A equipe colheu ainda sangue dos participantes para verificar se aumentava o n\u00edvel de horm\u00f4nios e biomarcadores indicativos de inflama\u00e7\u00e3o.<\/p>\n<p>Este \u00e9 um resumo muito pobre da pletora de vari\u00e1veis e indicadores controlados no estudo, que tem 19 p\u00e1ginas. Os autores concluem que a infec\u00e7\u00e3o fict\u00edcia apresentada por realidade virtual foi capaz de levar a mente a exercer um efeito direto sobre o corpo, ativando defesas contra doen\u00e7as.<\/p>\n<p>    Colunas e Blogs<\/p>\n<p class=\"c-newsletter__subtitle\">Receba no seu email uma sele\u00e7\u00e3o de colunas e blogs da Folha<\/p>\n<p>&#8220;O sistema imune comportamental evoluiu para minimizar respostas de falsos-negativos e \u00e9 sofisticadamente sens\u00edvel a ind\u00edcios que se assemelham superficialmente aos sintomas e sinais de infec\u00e7\u00f5es patog\u00eanicas&#8221;, escreveram.<\/p>\n<p>Estamos todos aprisionados na dicotomia mente\/corpo, como dois planos de realidade com pouca ou nenhuma intera\u00e7\u00e3o causal m\u00fatua. \u00c9 comum falar em males psicossom\u00e1ticos, verdade, mas bem mais raro que o c\u00e9rebro \u2013afinal, um \u00f3rg\u00e3o como qualquer outro\u2013 possa agir no sentido oposto, produzindo sa\u00fade e n\u00e3o doen\u00e7a.<\/p>\n<p>Na<a href=\"https:\/\/www1.folha.uol.com.br\/cotidiano\/2024\/08\/fda-rejeita-psicoterapia-psicodelica-com-mdma.shtml\" rel=\"nofollow noopener\" target=\"\"> rejei\u00e7\u00e3o da ag\u00eancia reguladora norte-americana FDA para a psicoterapia assistida por MDMA (ecstasy)<\/a>, h\u00e1 um ano, terapeutas da empresa Lykos foram criticados por pressupor uma &#8220;intelig\u00eancia interna de cura&#8221;. Foram acusados de promover um culto m\u00edstico, em lugar de fazer <a href=\"https:\/\/www1.folha.uol.com.br\/folha-topicos\/ciencia\/\" rel=\"nofollow noopener\" target=\"_blank\">ci\u00eancia<\/a>.<\/p>\n<p>Talvez os defensores de terapias psicod\u00e9licas n\u00e3o estivessem t\u00e3o distantes assim da realidade. Se o c\u00e9rebro tem capacidade inata de combater amea\u00e7as f\u00edsicas, por que n\u00e3o seria tamb\u00e9m inteligente o bastante para dissolver traumas com ajuda de compostos qu\u00edmicos? \u2013ocorreu-me ao ler o lindo artigo de Serino &amp;cia.<\/p>\n<p class=\"c-context__content\">&#13;<br \/>\n    <strong>LINK PRESENTE:<\/strong> Gostou deste texto? Assinante pode liberar sete acessos gratuitos de qualquer link por dia. Basta clicar no F azul abaixo.&#13;\n  <\/p>\n","protected":false},"excerpt":{"rendered":"Tenho uma amante que, ap\u00f3s meio s\u00e9culo de cumplicidade, n\u00e3o para de me surpreender. A pesquisa cient\u00edfica tem&hellip;\n","protected":false},"author":2,"featured_media":14396,"comment_status":"","ping_status":"","sticky":false,"template":"","format":"standard","meta":{"footnotes":""},"categories":[86],"tags":[4288,109,236,116,5806,3536,32,33,117,3062],"class_list":{"0":"post-14395","1":"post","2":"type-post","3":"status-publish","4":"format-standard","5":"has-post-thumbnail","7":"category-saude","8":"tag-cerebro","9":"tag-ciencia","10":"tag-folha","11":"tag-health","12":"tag-nature","13":"tag-pesquisa-cientifica","14":"tag-portugal","15":"tag-pt","16":"tag-saude","17":"tag-universidade"},"share_on_mastodon":{"url":"","error":""},"_links":{"self":[{"href":"https:\/\/www.europesays.com\/pt\/wp-json\/wp\/v2\/posts\/14395","targetHints":{"allow":["GET"]}}],"collection":[{"href":"https:\/\/www.europesays.com\/pt\/wp-json\/wp\/v2\/posts"}],"about":[{"href":"https:\/\/www.europesays.com\/pt\/wp-json\/wp\/v2\/types\/post"}],"author":[{"embeddable":true,"href":"https:\/\/www.europesays.com\/pt\/wp-json\/wp\/v2\/users\/2"}],"replies":[{"embeddable":true,"href":"https:\/\/www.europesays.com\/pt\/wp-json\/wp\/v2\/comments?post=14395"}],"version-history":[{"count":0,"href":"https:\/\/www.europesays.com\/pt\/wp-json\/wp\/v2\/posts\/14395\/revisions"}],"wp:featuredmedia":[{"embeddable":true,"href":"https:\/\/www.europesays.com\/pt\/wp-json\/wp\/v2\/media\/14396"}],"wp:attachment":[{"href":"https:\/\/www.europesays.com\/pt\/wp-json\/wp\/v2\/media?parent=14395"}],"wp:term":[{"taxonomy":"category","embeddable":true,"href":"https:\/\/www.europesays.com\/pt\/wp-json\/wp\/v2\/categories?post=14395"},{"taxonomy":"post_tag","embeddable":true,"href":"https:\/\/www.europesays.com\/pt\/wp-json\/wp\/v2\/tags?post=14395"}],"curies":[{"name":"wp","href":"https:\/\/api.w.org\/{rel}","templated":true}]}}