{"id":143956,"date":"2025-11-08T08:36:11","date_gmt":"2025-11-08T08:36:11","guid":{"rendered":"https:\/\/www.europesays.com\/pt\/143956\/"},"modified":"2025-11-08T08:36:11","modified_gmt":"2025-11-08T08:36:11","slug":"a-aproximacao-eua-bielorrussia-que-fez-yauhen-sair-da-prisao-observador","status":"publish","type":"post","link":"https:\/\/www.europesays.com\/pt\/143956\/","title":{"rendered":"A aproxima\u00e7\u00e3o EUA-Bielorr\u00fassia que fez Yauhen sair da pris\u00e3o \u2013 Observador"},"content":{"rendered":"<p>A col\u00f3nia penal \u00e9 composta por um conjunto de \u201cbarracas\u201d onde moram cerca de \u201c70 pessoas\u201d. \u201cTamb\u00e9m h\u00e1 contagens militares, como cinco pessoas por linha. Tem de se cumprimentar todos os guardas. Como num ex\u00e9rcito\u201d, descreve o jornalista. Ainda assim, quando em setembro de 2023 foi transferido para aquele estabelecimento penal em Shklov, pensava que ia ser pior. \u201cEu lembrava-me de todos os filmes e s\u00e9ries dos anos 90 do que era uma t\u00edpica col\u00f3nia sovi\u00e9tica. E as modernas col\u00f3nias bielorrussas s\u00e3o um pouco melhor. Foram renovadas. Quando se olha para as fotografias, tudo est\u00e1 limpo, tudo parece estar bem.\u201d<\/p>\n<p>\u201cTudo \u00e9 novo, at\u00e9 havia remodela\u00e7\u00f5es no pavimento. [A col\u00f3nia] era limpa e boa. Mas o problema n\u00e3o era esse\u201d, diz, clarificando: \u201cPor um lado, sofre-se todos os dias, mas por outro, tem-se um plasma grande dentro da unidade. Essa televis\u00e3o foi comprada com o dinheiro dos reclusos, n\u00e3o \u00e9 dada pelo Estado\u201d. Yauhen Merkis recordou que a televis\u00e3o at\u00e9 tinha \u201cfilmes e s\u00e9ries pirateadas\u201d. \u201c\u00c9 uma mistura estranha\u201d, classifica, esclarecendo tamb\u00e9m que, nas atuais col\u00f3nias penais bielorrussas, n\u00e3o h\u00e1 espancamentos. \u201cN\u00e3o \u00e9 porque os guardas se tornaram bons subitamente. Est\u00e1 relacionado com o facto de haver c\u00e2maras por todo o lado. E isso cria problemas adicionais.\u201d<\/p>\n<p>Apesar destas condi\u00e7\u00f5es, o quotidiano \u00e9 marcado por uma s\u00e9rie de desafios para os reclusos. \u201cTem de se trabalhar. N\u00e3o se pode recusar, a n\u00e3o ser que se tenha problemas m\u00e9dicos ou que se seja um reformado. Tem-se direito a cinco chamadas todos os meses\u201d, elenca Yauhen Merkis. O trabalho em obras e remodela\u00e7\u00f5es \u00e9 a parte que o jornalista recorda como sendo a mais inc\u00f3moda. \u201cA parte mais complicada era partir grandes pedras, partes de bet\u00e3o ou asfalto sem qualquer instrumentos profissionais, apenas grandes martelos.\u201d<\/p>\n","protected":false},"excerpt":{"rendered":"A col\u00f3nia penal \u00e9 composta por um conjunto de \u201cbarracas\u201d onde moram cerca de \u201c70 pessoas\u201d. \u201cTamb\u00e9m h\u00e1&hellip;\n","protected":false},"author":2,"featured_media":143957,"comment_status":"","ping_status":"","sticky":false,"template":"","format":"standard","meta":{"footnotes":""},"categories":[50],"tags":[19763,27,28,445,15,16,1123,14,25,26,21,22,62,12,13,19,20,23,24,3879,17,18,1124,29,30,31,63,64,65],"class_list":{"0":"post-143956","1":"post","2":"type-post","3":"status-publish","4":"format-standard","5":"has-post-thumbnail","7":"category-mundo","8":"tag-bielorru00fassia","9":"tag-breaking-news","10":"tag-breakingnews","11":"tag-europa","12":"tag-featured-news","13":"tag-featurednews","14":"tag-guerra-na-ucru00e2nia","15":"tag-headlines","16":"tag-latest-news","17":"tag-latestnews","18":"tag-main-news","19":"tag-mainnews","20":"tag-mundo","21":"tag-news","22":"tag-noticias","23":"tag-noticias-principais","24":"tag-noticiasprincipais","25":"tag-principais-noticias","26":"tag-principaisnoticias","27":"tag-ru00fassia","28":"tag-top-stories","29":"tag-topstories","30":"tag-ucru00e2nia","31":"tag-ultimas","32":"tag-ultimas-noticias","33":"tag-ultimasnoticias","34":"tag-world","35":"tag-world-news","36":"tag-worldnews"},"share_on_mastodon":{"url":"https:\/\/pubeurope.com\/@pt\/115513169212948161","error":""},"_links":{"self":[{"href":"https:\/\/www.europesays.com\/pt\/wp-json\/wp\/v2\/posts\/143956","targetHints":{"allow":["GET"]}}],"collection":[{"href":"https:\/\/www.europesays.com\/pt\/wp-json\/wp\/v2\/posts"}],"about":[{"href":"https:\/\/www.europesays.com\/pt\/wp-json\/wp\/v2\/types\/post"}],"author":[{"embeddable":true,"href":"https:\/\/www.europesays.com\/pt\/wp-json\/wp\/v2\/users\/2"}],"replies":[{"embeddable":true,"href":"https:\/\/www.europesays.com\/pt\/wp-json\/wp\/v2\/comments?post=143956"}],"version-history":[{"count":0,"href":"https:\/\/www.europesays.com\/pt\/wp-json\/wp\/v2\/posts\/143956\/revisions"}],"wp:featuredmedia":[{"embeddable":true,"href":"https:\/\/www.europesays.com\/pt\/wp-json\/wp\/v2\/media\/143957"}],"wp:attachment":[{"href":"https:\/\/www.europesays.com\/pt\/wp-json\/wp\/v2\/media?parent=143956"}],"wp:term":[{"taxonomy":"category","embeddable":true,"href":"https:\/\/www.europesays.com\/pt\/wp-json\/wp\/v2\/categories?post=143956"},{"taxonomy":"post_tag","embeddable":true,"href":"https:\/\/www.europesays.com\/pt\/wp-json\/wp\/v2\/tags?post=143956"}],"curies":[{"name":"wp","href":"https:\/\/api.w.org\/{rel}","templated":true}]}}