{"id":143972,"date":"2025-11-08T09:00:16","date_gmt":"2025-11-08T09:00:16","guid":{"rendered":"https:\/\/www.europesays.com\/pt\/143972\/"},"modified":"2025-11-08T09:00:16","modified_gmt":"2025-11-08T09:00:16","slug":"se-puder-volte-para-italia-por-emprestimo","status":"publish","type":"post","link":"https:\/\/www.europesays.com\/pt\/143972\/","title":{"rendered":"\u00abSe puder, volte para It\u00e1lia por empr\u00e9stimo\u00bb"},"content":{"rendered":"<p>&#8211; Advertisement &#8211;<\/p>\n<p><strong>Ruud Gullit falou sobre a perda de protagonismo e de rendimento de Joshua Zirzkee no Manchester United.<\/strong><\/p>\n<p>Ruud Gullit abordou a fase atual de <a href=\"https:\/\/bolanarede.pt\/etiqueta\/joshua-zirkzee\/\" target=\"_blank\" rel=\"noreferrer noopener nofollow\">Joshua Zirkzee <\/a>no Manchester United e aconselhou o avan\u00e7ado neerland\u00eas a sair dos red devils. Segundo a lenda do AC Milan e da sele\u00e7\u00e3o dos Pa\u00edses Baixos, a ida para o clube ingl\u00eas foi uma m\u00e1 decis\u00e3o:<\/p>\n<p>\u00abEle estava a fazer uma excelente \u00e9poca no Bolonha e esperava que fosse para o Milan. Penso que, assim que se transferiu para o Manchester United, foi uma m\u00e1 decis\u00e3o. Ali\u00e1s, para muitos jogadores, mudar-se para o Manchester United tem sido uma m\u00e1 decis\u00e3o. E todos os que saem acabam por jogar bem em outros clubes da Europa\u00bb.<\/p>\n<p>O antigo internacional neerland\u00eas aconselhou ainda Joshua Zirkzee a regressar a It\u00e1lia:<\/p>\n<p>\u00abS\u00f3 espero que encontre uma solu\u00e7\u00e3o. Se puder, volte para It\u00e1lia por empr\u00e9stimo. O importante \u00e9 jogar futebol. \u00c9 um bom jogador. Mas, neste momento, \u00e9 dif\u00edcil no Manchester United. A equipa tem mostrado alguma melhoria nas \u00faltimas semanas e espero que continue assim, porque um Manchester United forte tamb\u00e9m \u00e9 bom para a Premier League\u00bb.<\/p>\n<p>Na presente temporada, o avan\u00e7ado de 24 anos soma cinco jogos ao servi\u00e7o do Manchester United, sem qualquer golo ou assist\u00eancia at\u00e9 ao momento.<\/p>\n<p><img fetchpriority=\"high\" decoding=\"async\" width=\"1024\" height=\"683\" src=\"data:image\/svg+xml,%3Csvg%20xmlns=\" http:=\"\" alt=\"Ruud Gullit nos Laureus\" class=\"wp-image-391049 ewww_webp_lazy_load\" data-lazy- data-lazy- data-lazy-src=\"https:\/\/www.europesays.com\/pt\/wp-content\/uploads\/2025\/11\/0x060a2b340101010201010f1213f18430d6809c0422040680a2f5000D3AB833BA-1024x683.jpg\" data-lazy-src-webp=\"https:\/\/www.europesays.com\/pt\/wp-content\/uploads\/2025\/11\/0x060a2b340101010201010f1213f18430d6809c0422040680a2f5000D3AB833BA-1024x683.jpg.webp\" data-lazy-srcset-webp=\"https:\/\/www.europesays.com\/pt\/wp-content\/uploads\/2025\/11\/0x060a2b340101010201010f1213f18430d6809c0422040680a2f5000D3AB833BA-1024x683.jpg.webp 1024w, https:\/\/binny-bolanarede.b-cdn.net\/wp-content\/uploads\/2025\/04\/0x060a2b340101010201010f1213f18430d6809c0422040680a2f5000D3AB833BA-300x200.jpg.webp 300w, https:\/\/binny-bolanarede.b-cdn.net\/wp-content\/uploads\/2025\/04\/0x060a2b340101010201010f1213f18430d6809c0422040680a2f5000D3AB833BA-768x512.jpg.webp 768w, https:\/\/binny-bolanarede.b-cdn.net\/wp-content\/uploads\/2025\/04\/0x060a2b340101010201010f1213f18430d6809c0422040680a2f5000D3AB833BA-150x100.jpg.webp 150w, https:\/\/binny-bolanarede.b-cdn.net\/wp-content\/uploads\/2025\/04\/0x060a2b340101010201010f1213f18430d6809c0422040680a2f5000D3AB833BA-696x464.jpg.webp 696w, https:\/\/binny-bolanarede.b-cdn.net\/wp-content\/uploads\/2025\/04\/0x060a2b340101010201010f1213f18430d6809c0422040680a2f5000D3AB833BA-1068x712.jpg.webp 1068w, https:\/\/binny-bolanarede.b-cdn.net\/wp-content\/uploads\/2025\/04\/0x060a2b340101010201010f1213f18430d6809c0422040680a2f5000D3AB833BA.jpg.webp 1080w\"\/>Fonte: Angel Martinez\/Getty Images for Laureus)<\/p>\n","protected":false},"excerpt":{"rendered":"&#8211; Advertisement &#8211; Ruud Gullit falou sobre a perda de protagonismo e de rendimento de Joshua Zirzkee no&hellip;\n","protected":false},"author":2,"featured_media":81056,"comment_status":"","ping_status":"","sticky":false,"template":"","format":"standard","meta":{"footnotes":""},"categories":[87],"tags":[260,135,31711,663,32,666,33,31712,134],"class_list":{"0":"post-143972","1":"post","2":"type-post","3":"status-publish","4":"format-standard","5":"has-post-thumbnail","7":"category-desporto","8":"tag-atualidade","9":"tag-desporto","10":"tag-joshua-zirkzee","11":"tag-manchester-united","12":"tag-portugal","13":"tag-premier-league","14":"tag-pt","15":"tag-ruud-gullit","16":"tag-sports"},"share_on_mastodon":{"url":"https:\/\/pubeurope.com\/@pt\/115513264697345388","error":""},"_links":{"self":[{"href":"https:\/\/www.europesays.com\/pt\/wp-json\/wp\/v2\/posts\/143972","targetHints":{"allow":["GET"]}}],"collection":[{"href":"https:\/\/www.europesays.com\/pt\/wp-json\/wp\/v2\/posts"}],"about":[{"href":"https:\/\/www.europesays.com\/pt\/wp-json\/wp\/v2\/types\/post"}],"author":[{"embeddable":true,"href":"https:\/\/www.europesays.com\/pt\/wp-json\/wp\/v2\/users\/2"}],"replies":[{"embeddable":true,"href":"https:\/\/www.europesays.com\/pt\/wp-json\/wp\/v2\/comments?post=143972"}],"version-history":[{"count":0,"href":"https:\/\/www.europesays.com\/pt\/wp-json\/wp\/v2\/posts\/143972\/revisions"}],"wp:featuredmedia":[{"embeddable":true,"href":"https:\/\/www.europesays.com\/pt\/wp-json\/wp\/v2\/media\/81056"}],"wp:attachment":[{"href":"https:\/\/www.europesays.com\/pt\/wp-json\/wp\/v2\/media?parent=143972"}],"wp:term":[{"taxonomy":"category","embeddable":true,"href":"https:\/\/www.europesays.com\/pt\/wp-json\/wp\/v2\/categories?post=143972"},{"taxonomy":"post_tag","embeddable":true,"href":"https:\/\/www.europesays.com\/pt\/wp-json\/wp\/v2\/tags?post=143972"}],"curies":[{"name":"wp","href":"https:\/\/api.w.org\/{rel}","templated":true}]}}