{"id":143976,"date":"2025-11-08T09:08:10","date_gmt":"2025-11-08T09:08:10","guid":{"rendered":"https:\/\/www.europesays.com\/pt\/143976\/"},"modified":"2025-11-08T09:08:10","modified_gmt":"2025-11-08T09:08:10","slug":"foi-a-quinta-serie-record","status":"publish","type":"post","link":"https:\/\/www.europesays.com\/pt\/143976\/","title":{"rendered":"\u2018Foi a quinta s\u00e9rie\u2019 \u2013 Record"},"content":{"rendered":"<p><img decoding=\"async\" data-chromatic=\"ignore\" alt=\"\" class=\"c-image\" loading=\"lazy\" src=\"https:\/\/www.europesays.com\/pt\/wp-content\/uploads\/2025\/11\/DHTLTETHO5FOJPKWVLT37R7HF4.png\"  width=\"677\" height=\"339\"\/>Shia Phoenix questiona Carol Lekker sobre o doce desaparecido Reprodu\u00e7\u00e3o\/RecordPlus <\/p>\n<p class=\"jarvics:base-text-neutral-high-400 base-text-[calc(theme(fontSize.xs)_*_var(--font-size,_1))] base-font-normal base-font-primary base-text-neutral-low-500 base-text-left\">Mais um cap\u00edtulo da guerra das comidas em <a href=\"https:\/\/record.r7.com\/a-fazenda\/a-fazenda-17\/\" rel=\"nofollow noopener\" title=\"https:\/\/record.r7.com\/a-fazenda\/a-fazenda-17\/\" target=\"_blank\"><b>A Fazenda 17<\/b><\/a>! Desta vez, o disputado doce de leite virou assunto na sede ap\u00f3s desaparecer. Na tarde desta sexta (7), <a href=\"https:\/\/record.r7.com\/a-fazenda\/a-fazenda-17\/peoes\/shia-phoenix\" target=\"_blank\" rel=\"noreferrer nofollow noopener\" title=\"https:\/\/record.r7.com\/a-fazenda\/a-fazenda-17\/peoes\/shia-phoenix\"><b>Shia Phoenix<\/b><\/a> se queixou sobre o sumi\u00e7o de dois potes que estavam na despensa. <\/p>\n<ul class=\"b-article-body__list-unordered\">\n<li><b>Quer ficar por dentro de tudo que est\u00e1 acontecendo em\u00a0<\/b><b>A Fazenda 17<\/b><b>?\u00a0<\/b><a href=\"https:\/\/www.whatsapp.com\/channel\/0029Va2cJIR1noz2ahzX0D1N\" target=\"_blank\" rel=\"noreferrer nofollow noopener\" title=\"https:\/\/www.whatsapp.com\/channel\/0029Va2cJIR1noz2ahzX0D1N\"><b>Clique aqui<\/b><\/a><b>\u00a0e fa\u00e7a parte do nosso canal no WhatsApp!<\/b><\/li>\n<\/ul>\n<p class=\"jarvics:base-text-neutral-high-400 base-text-[calc(theme(fontSize.xs)_*_var(--font-size,_1))] base-font-normal base-font-primary base-text-neutral-low-500 base-text-left\">Em conversa com <a href=\"https:\/\/record.r7.com\/a-fazenda\/a-fazenda-17\/peoes\/kathy-maravilha\" target=\"_blank\" rel=\"noreferrer nofollow noopener\" title=\"https:\/\/record.r7.com\/a-fazenda\/a-fazenda-17\/peoes\/kathy-maravilha\"><b>Kathy Maravilha<\/b><\/a>, o ator reclamou sobre o sumi\u00e7o do doce: \u201cPegaram o doce de leite e j\u00e1 esconderam em algum lugar\u201d. A cantora perguntou se o produto n\u00e3o havia acabado, mas Shia rebateu: \u201cImposs\u00edvel! Tinha um fechado at\u00e9 a hora do almo\u00e7o. Algu\u00e9m pegou e guardou. Deve ter sido o infantojuvenil\u201d.<\/p>\n<p><b>Confira o momento:<\/b><\/p>\n<p class=\"jarvics:base-text-neutral-high-400 base-text-[calc(theme(fontSize.xs)_*_var(--font-size,_1))] base-font-normal base-font-primary base-text-neutral-low-500 base-text-left\">No quarto da sede, o doce de leite desaparecido voltou a ser assunto. <a href=\"https:\/\/record.r7.com\/a-fazenda\/a-fazenda-17\/peoes\/tamires-assis\" target=\"_blank\" rel=\"noreferrer nofollow noopener\" title=\"https:\/\/record.r7.com\/a-fazenda\/a-fazenda-17\/peoes\/tamires-assis\"><b>T\u00e0mires Ass\u00ees<\/b><\/a> ouviu o desabafo de Shia e comentou com <a href=\"https:\/\/record.r7.com\/a-fazenda\/a-fazenda-17\/peoes\/duda-wendling\" target=\"_blank\" rel=\"noreferrer nofollow noopener\" title=\"https:\/\/record.r7.com\/a-fazenda\/a-fazenda-17\/peoes\/duda-wendling\"><b>Duda Wedling<\/b><\/a> e <a href=\"https:\/\/record.r7.com\/a-fazenda\/a-fazenda-17\/peoes\/luiz-mesquita\" target=\"_blank\" rel=\"noreferrer nofollow noopener\" title=\"https:\/\/record.r7.com\/a-fazenda\/a-fazenda-17\/peoes\/luiz-mesquita\"><b>Luiz Mesquita<\/b><\/a> que parecem saber o paradeiro do doce. \u201cDo nosso grupo ningu\u00e9m comeu semana passada\u201d, justificou Duda. <\/p>\n<p class=\"jarvics:base-text-neutral-high-400 base-text-[calc(theme(fontSize.xs)_*_var(--font-size,_1))] base-font-normal base-font-primary base-text-neutral-low-500 base-text-left\">Ap\u00f3s descobrir o paradeiro da sobremesa, T\u00e0mires pediu para os pe\u00f5es guardarem segredo para Shia: \u201cMas \u00e9 isso, depois voc\u00eas me d\u00e3o uma colher\u201d. <\/p>\n<p><b>Veja:<\/b><\/p>\n<p class=\"jarvics:base-text-neutral-high-400 base-text-[calc(theme(fontSize.xs)_*_var(--font-size,_1))] base-font-normal base-font-primary base-text-neutral-low-500 base-text-left\">Shia n\u00e3o esqueceu do doce desaparecido e partiu para interrogar os pe\u00f5es da sede. Ap\u00f3s questionar <a href=\"https:\/\/record.r7.com\/a-fazenda\/a-fazenda-17\/peoes\/matheus-martins\" target=\"_blank\" rel=\"noreferrer nofollow noopener\" title=\"https:\/\/record.r7.com\/a-fazenda\/a-fazenda-17\/peoes\/matheus-martins\"><b>Matheus Martins<\/b><\/a> e <a href=\"https:\/\/record.r7.com\/a-fazenda\/a-fazenda-17\/peoes\/maria-caporusso\" target=\"_blank\" rel=\"noreferrer nofollow noopener\" title=\"https:\/\/record.r7.com\/a-fazenda\/a-fazenda-17\/peoes\/maria-caporusso\"><b>Maria Caporusso<\/b><\/a>, foi a vez de <a href=\"https:\/\/record.r7.com\/a-fazenda\/a-fazenda-17\/peoes\/carol-lekker\" target=\"_blank\" rel=\"noreferrer nofollow noopener\" title=\"https:\/\/record.r7.com\/a-fazenda\/a-fazenda-17\/peoes\/carol-lekker\"><b>Carol Lekker<\/b><\/a> entrar na mira do ator: \u201cFalei com todo mundo, eles falam: \u2018N\u00e3o pegamos\u2019. Acho que foi a quinta s\u00e9rie, a galera que anda com voc\u00ea\u201d, disparou Shia.<\/p>\n<p class=\"jarvics:base-text-neutral-high-400 base-text-[calc(theme(fontSize.xs)_*_var(--font-size,_1))] base-font-normal base-font-primary base-text-neutral-low-500 base-text-left\">Carol garantiu que n\u00e3o sabe do paradeiro do produto, mas que vai perguntar para o grupo: \u201cSe foi os meus eu vou perguntar\u201d. Ser\u00e1 que essa hist\u00f3ria vai render ainda mais na sede?<\/p>\n<p class=\"jarvics:base-text-neutral-high-400 base-text-[calc(theme(fontSize.xs)_*_var(--font-size,_1))] base-font-normal base-font-primary base-text-neutral-low-500 base-text-left\">Fique ligado! <a href=\"https:\/\/record.r7.com\/a-fazenda\/a-fazenda-17\/\" rel=\"nofollow noopener\" title=\"https:\/\/record.r7.com\/a-fazenda\/a-fazenda-17\/\" target=\"_blank\"><b>A Fazenda 17<\/b><\/a> vai ao ar de segunda a domingo, \u00e0s 22h30, na tela da <a href=\"https:\/\/record.r7.com\/\" rel=\"nofollow noopener\" target=\"_blank\"><b>RECORD<\/b><\/a>. Assine o <a href=\"https:\/\/www.recordplus.com\/home\" rel=\"nofollow noopener\" title=\"https:\/\/www.recordplus.com\/home\" target=\"_blank\"><b>RecordPlus<\/b><\/a> e tenha acesso \u00e0s c\u00e2meras 24 horas.<\/p>\n<p><b>Hairstyle! Veja as mudan\u00e7as de visual dos pe\u00f5es em A Fazenda 17<\/b><\/p>\n<p class=\"jarvics:base-text-neutral-high-400 base-text-[calc(theme(fontSize.xxs)_*_var(--font-size,_1))] base-font-semibold base-font-primary base-text-neutral-low-500 base-text-left\">Na falta de um cabeleireiro profissional, os pe\u00f5es precisam se virar para manter o visual atualizado em A Fazenda 17! E eles n\u00e3o t\u00eam medo de ousar: pintam, cortam, tiram apliques, e desfilam com o resultado. Relembre!<\/p>\n<p class=\"jarvics:base-text-neutral-high-400 base-text-[calc(theme(fontSize.little)_*_var(--font-size,_1))] base-font-normal base-font-primary base-text-neutral-low-500 base-text-left\">Arte\/R7<\/p>\n","protected":false},"excerpt":{"rendered":"Shia Phoenix questiona Carol Lekker sobre o doce desaparecido Reprodu\u00e7\u00e3o\/RecordPlus Mais um cap\u00edtulo da guerra das comidas em&hellip;\n","protected":false},"author":2,"featured_media":143977,"comment_status":"","ping_status":"","sticky":false,"template":"","format":"standard","meta":{"footnotes":""},"categories":[145],"tags":[657,211,210,22553,114,115,32,33,26042,24066],"class_list":{"0":"post-143976","1":"post","2":"type-post","3":"status-publish","4":"format-standard","5":"has-post-thumbnail","7":"category-celebridades","8":"tag-a-fazenda","9":"tag-celebridades","10":"tag-celebrities","11":"tag-duda-wendling","12":"tag-entertainment","13":"tag-entretenimento","14":"tag-portugal","15":"tag-pt","16":"tag-shia-phoenix","17":"tag-tamires-assis"},"share_on_mastodon":{"url":"https:\/\/pubeurope.com\/@pt\/115513295336454005","error":""},"_links":{"self":[{"href":"https:\/\/www.europesays.com\/pt\/wp-json\/wp\/v2\/posts\/143976","targetHints":{"allow":["GET"]}}],"collection":[{"href":"https:\/\/www.europesays.com\/pt\/wp-json\/wp\/v2\/posts"}],"about":[{"href":"https:\/\/www.europesays.com\/pt\/wp-json\/wp\/v2\/types\/post"}],"author":[{"embeddable":true,"href":"https:\/\/www.europesays.com\/pt\/wp-json\/wp\/v2\/users\/2"}],"replies":[{"embeddable":true,"href":"https:\/\/www.europesays.com\/pt\/wp-json\/wp\/v2\/comments?post=143976"}],"version-history":[{"count":0,"href":"https:\/\/www.europesays.com\/pt\/wp-json\/wp\/v2\/posts\/143976\/revisions"}],"wp:featuredmedia":[{"embeddable":true,"href":"https:\/\/www.europesays.com\/pt\/wp-json\/wp\/v2\/media\/143977"}],"wp:attachment":[{"href":"https:\/\/www.europesays.com\/pt\/wp-json\/wp\/v2\/media?parent=143976"}],"wp:term":[{"taxonomy":"category","embeddable":true,"href":"https:\/\/www.europesays.com\/pt\/wp-json\/wp\/v2\/categories?post=143976"},{"taxonomy":"post_tag","embeddable":true,"href":"https:\/\/www.europesays.com\/pt\/wp-json\/wp\/v2\/tags?post=143976"}],"curies":[{"name":"wp","href":"https:\/\/api.w.org\/{rel}","templated":true}]}}