{"id":144008,"date":"2025-11-08T09:43:23","date_gmt":"2025-11-08T09:43:23","guid":{"rendered":"https:\/\/www.europesays.com\/pt\/144008\/"},"modified":"2025-11-08T09:43:23","modified_gmt":"2025-11-08T09:43:23","slug":"mais-de-40-das-pessoas-desta-idade-na-europa-tem-falta-de-proteina-alerta-medico-noticias-de-hoje","status":"publish","type":"post","link":"https:\/\/www.europesays.com\/pt\/144008\/","title":{"rendered":"Mais de 40% das pessoas desta idade na Europa t\u00eam falta de prote\u00edna, alerta m\u00e9dico &#8211; Not\u00edcias de hoje"},"content":{"rendered":"<p data-end=\"565\" data-start=\"217\">Um problema silencioso afeta muitos idosos na Europa: a falta de prote\u00ednas. O m\u00e9dico\u00a0Jos\u00e9 Vi\u00f1a, alerta que 40% das pessoas com mais de 65 anos n\u00e3o consomem prote\u00edna suficiente, algo que se torna ainda mais cr\u00edtico com o avan\u00e7ar da idade, podendo comprometer a for\u00e7a muscular, aumentar o risco de quedas e reduzir a autonomia.<\/p>\n<p data-end=\"791\" data-start=\"567\">Numa entrevista citada pelo site <a href=\"https:\/\/www.elconfidencial.com\/amp\/alma-corazon-vida\/2025-11-05\/jose-vina-medico-deficit-proteinas-vejez-1qrt_4240701\/\" target=\"_blank\" rel=\"nofollow noopener\">El Confidencial,<\/a> o m\u00e9dico explica que enquanto um adulto jovem precisa de cerca de 0,8 gramas de prote\u00edna por quilo de peso corporal por dia, os idosos necessitam <strong data-end=\"706\" data-start=\"692\">50% a mais,<\/strong>\u00a0aproximadamente 1,2 gramas, para manter m\u00fasculos fortes e prevenir fragilidade.<\/p>\n<p data-end=\"1179\" data-start=\"793\">O especialista sublinha ainda que esta defici\u00eancia n\u00e3o se limita a pa\u00edses com car\u00eancias alimentares, afetando tamb\u00e9m quem tem acesso a dietas equilibradas. \u201c\u00c0 medida que envelhecemos, o corpo precisa de mais recursos para reparar tecidos e conservar a for\u00e7a. Se essas necessidades n\u00e3o forem supridas, o risco de quedas, fraqueza e perda de autonomia aumenta significativamente\u201d, explica.<\/p>\n<p data-end=\"1454\" data-start=\"1181\">Para evitar este problema, o m\u00e9dico recomenda uma alimenta\u00e7\u00e3o equilibrada, rica em prote\u00ednas de qualidade, como peixe, ovos, leguminosas e latic\u00ednios.\u00a0<\/p>\n<p data-end=\"1657\" data-start=\"1456\">\u00a0<\/p>\n","protected":false},"excerpt":{"rendered":"Um problema silencioso afeta muitos idosos na Europa: a falta de prote\u00ednas. O m\u00e9dico\u00a0Jos\u00e9 Vi\u00f1a, alerta que 40%&hellip;\n","protected":false},"author":2,"featured_media":144009,"comment_status":"","ping_status":"","sticky":false,"template":"","format":"standard","meta":{"footnotes":""},"categories":[86],"tags":[116,3385,488,13,32,4466,33,117],"class_list":{"0":"post-144008","1":"post","2":"type-post","3":"status-publish","4":"format-standard","5":"has-post-thumbnail","7":"category-saude","8":"tag-health","9":"tag-idosos","10":"tag-iol","11":"tag-noticias","12":"tag-portugal","13":"tag-proteina","14":"tag-pt","15":"tag-saude"},"share_on_mastodon":{"url":"https:\/\/pubeurope.com\/@pt\/115513432939808845","error":""},"_links":{"self":[{"href":"https:\/\/www.europesays.com\/pt\/wp-json\/wp\/v2\/posts\/144008","targetHints":{"allow":["GET"]}}],"collection":[{"href":"https:\/\/www.europesays.com\/pt\/wp-json\/wp\/v2\/posts"}],"about":[{"href":"https:\/\/www.europesays.com\/pt\/wp-json\/wp\/v2\/types\/post"}],"author":[{"embeddable":true,"href":"https:\/\/www.europesays.com\/pt\/wp-json\/wp\/v2\/users\/2"}],"replies":[{"embeddable":true,"href":"https:\/\/www.europesays.com\/pt\/wp-json\/wp\/v2\/comments?post=144008"}],"version-history":[{"count":0,"href":"https:\/\/www.europesays.com\/pt\/wp-json\/wp\/v2\/posts\/144008\/revisions"}],"wp:featuredmedia":[{"embeddable":true,"href":"https:\/\/www.europesays.com\/pt\/wp-json\/wp\/v2\/media\/144009"}],"wp:attachment":[{"href":"https:\/\/www.europesays.com\/pt\/wp-json\/wp\/v2\/media?parent=144008"}],"wp:term":[{"taxonomy":"category","embeddable":true,"href":"https:\/\/www.europesays.com\/pt\/wp-json\/wp\/v2\/categories?post=144008"},{"taxonomy":"post_tag","embeddable":true,"href":"https:\/\/www.europesays.com\/pt\/wp-json\/wp\/v2\/tags?post=144008"}],"curies":[{"name":"wp","href":"https:\/\/api.w.org\/{rel}","templated":true}]}}