{"id":144018,"date":"2025-11-08T09:56:14","date_gmt":"2025-11-08T09:56:14","guid":{"rendered":"https:\/\/www.europesays.com\/pt\/144018\/"},"modified":"2025-11-08T09:56:14","modified_gmt":"2025-11-08T09:56:14","slug":"lamine-yamal-e-incrivel-mas-gostava-que-a-selecao-de-espanha-gerisse-melhor-o-seu-tempo-de-jogo","status":"publish","type":"post","link":"https:\/\/www.europesays.com\/pt\/144018\/","title":{"rendered":"\u00abLamine Yamal \u00e9 incr\u00edvel, mas gostava que a sele\u00e7\u00e3o de Espanha gerisse melhor o seu tempo de jogo\u00bb"},"content":{"rendered":"<p>&#8211; Advertisement &#8211;<\/p>\n<p>Joan Laporta comentou o regresso de Lamine Yamal \u00e0 Sele\u00e7\u00e3o Espanhola e deixou um pedido claro relativamente \u00e0 gest\u00e3o do jovem jogador. O presidente do Barcelona apelou a uma maior aten\u00e7\u00e3o ao esfor\u00e7o f\u00edsico do avan\u00e7ado, que tem lidado com uma pubalgia:<\/p>\n<p>\u00abO Lamine Yamal est\u00e1 a fazer um enorme esfor\u00e7o para lidar com a pubalgia. \u00c9 um jogador fant\u00e1stico e muito comprometido. Ir \u00e0 sele\u00e7\u00e3o \u00e9 uma honra. O Lamine \u00e9 incr\u00edvel, mas gostava que a sele\u00e7\u00e3o de Espanha gerisse melhor o seu tempo de jogo. Considero que o Lamine tem qualidades excecionais\u00bb.<\/p>\n<p>Recorde-se que<a href=\"https:\/\/bolanarede.pt\/especial-bola-na-rede\/atualidade\/hansi-flick-confirma-baixa-de-lamine-yamal-e-ataca-selecao-espanhola-isso-nao-e-cuidar-dos-jogadores\/\" target=\"_blank\" rel=\"noreferrer noopener nofollow\"> Hansi Flick j\u00e1 havia deixado cr\u00edticas \u00e0 gest\u00e3o feita pela Sele\u00e7\u00e3o Espanhola em rela\u00e7\u00e3o ao extremo de 18 anos<\/a>.<\/p>\n<blockquote class=\"twitter-tweet\" data-width=\"550\" data-dnt=\"true\">\n<p lang=\"en\" dir=\"ltr\">\ud83d\udea8 Laporta: \u201cLamine Yamal is making an enormous effort with the pubalgia. He&#8217;s a fantastic and committed player\u201d.<\/p>\n<p>\u201cGoing to the national team is an honor. Lamine is incredible. But I&#8217;d like Spain to manage his playing time better. I consider Lamine to have exceptional skills\u201d. <a href=\"https:\/\/t.co\/woTQ6IGbyl\" rel=\"nofollow\">pic.twitter.com\/woTQ6IGbyl<\/a><\/p>\n<p>\u2014 Fabrizio Romano (@FabrizioRomano) <a href=\"https:\/\/twitter.com\/FabrizioRomano\/status\/1986795069500788930?ref_src=twsrc%5Etfw\" rel=\"nofollow noopener\" target=\"_blank\">November 7, 2025<\/a><\/p><\/blockquote>\n<p><script async src=\"https:\/\/platform.twitter.com\/widgets.js\" charset=\"utf-8\"><\/script><\/p>\n","protected":false},"excerpt":{"rendered":"&#8211; Advertisement &#8211; Joan Laporta comentou o regresso de Lamine Yamal \u00e0 Sele\u00e7\u00e3o Espanhola e deixou um pedido&hellip;\n","protected":false},"author":2,"featured_media":144019,"comment_status":"","ping_status":"","sticky":false,"template":"","format":"standard","meta":{"footnotes":""},"categories":[87],"tags":[260,1235,135,640,31715,7912,32,33,134],"class_list":{"0":"post-144018","1":"post","2":"type-post","3":"status-publish","4":"format-standard","5":"has-post-thumbnail","7":"category-desporto","8":"tag-atualidade","9":"tag-barcelona","10":"tag-desporto","11":"tag-espanha","12":"tag-joan-laporta","13":"tag-lamine-yamal","14":"tag-portugal","15":"tag-pt","16":"tag-sports"},"share_on_mastodon":{"url":"https:\/\/pubeurope.com\/@pt\/115513483893844336","error":""},"_links":{"self":[{"href":"https:\/\/www.europesays.com\/pt\/wp-json\/wp\/v2\/posts\/144018","targetHints":{"allow":["GET"]}}],"collection":[{"href":"https:\/\/www.europesays.com\/pt\/wp-json\/wp\/v2\/posts"}],"about":[{"href":"https:\/\/www.europesays.com\/pt\/wp-json\/wp\/v2\/types\/post"}],"author":[{"embeddable":true,"href":"https:\/\/www.europesays.com\/pt\/wp-json\/wp\/v2\/users\/2"}],"replies":[{"embeddable":true,"href":"https:\/\/www.europesays.com\/pt\/wp-json\/wp\/v2\/comments?post=144018"}],"version-history":[{"count":0,"href":"https:\/\/www.europesays.com\/pt\/wp-json\/wp\/v2\/posts\/144018\/revisions"}],"wp:featuredmedia":[{"embeddable":true,"href":"https:\/\/www.europesays.com\/pt\/wp-json\/wp\/v2\/media\/144019"}],"wp:attachment":[{"href":"https:\/\/www.europesays.com\/pt\/wp-json\/wp\/v2\/media?parent=144018"}],"wp:term":[{"taxonomy":"category","embeddable":true,"href":"https:\/\/www.europesays.com\/pt\/wp-json\/wp\/v2\/categories?post=144018"},{"taxonomy":"post_tag","embeddable":true,"href":"https:\/\/www.europesays.com\/pt\/wp-json\/wp\/v2\/tags?post=144018"}],"curies":[{"name":"wp","href":"https:\/\/api.w.org\/{rel}","templated":true}]}}