{"id":144043,"date":"2025-11-08T10:23:15","date_gmt":"2025-11-08T10:23:15","guid":{"rendered":"https:\/\/www.europesays.com\/pt\/144043\/"},"modified":"2025-11-08T10:23:15","modified_gmt":"2025-11-08T10:23:15","slug":"superman-warner-fara-campanha-de-melhor-filme-de-drama-para-globo-de-ouro","status":"publish","type":"post","link":"https:\/\/www.europesays.com\/pt\/144043\/","title":{"rendered":"Superman: Warner far\u00e1 campanha de Melhor Filme de Drama para Globo de Ouro"},"content":{"rendered":"<p>  <img width=\"76\" height=\"40\"   alt=\"Capa da Publica\u00e7\u00e3o\" class=\"article-cover__image\"\/><\/p>\n<p class=\"post__tagline\">Filme vai buscar grandes conquistas<\/p>\n<p><strong>James Gunn<\/strong> quer mostrar que <strong>Superman<\/strong> \u00e9 mais do que um filme de superher\u00f3i! De acordo com a <a href=\"https:\/\/variety.com\/2025\/film\/awards\/superman-golden-globes-drama-submission-1236570525\/\" target=\"_blank\" rel=\"noopener nofollow\">Variety<\/a>, a <strong>Warner Bros.<\/strong> inscreveu o filme para as categorias de drama no <strong>Globo de Ouro<\/strong>.<\/p>\n<p>Al\u00e9m de <strong>Melhor Filme de Drama<\/strong>, tamb\u00e9m foram submetidas inscri\u00e7\u00f5es para <strong>David Corenswet<\/strong> como Melhor Ator de Drama, <strong>Rachel Brosnahan<\/strong> como Melhor Atriz Coadjuvante e <strong>Nicholas Hoult<\/strong> como Melhor Ator Coadjuvante, todos na \u00e1rea de drama da premia\u00e7\u00e3o.<\/p>\n<p>Al\u00e9m disso, James Gunn tamb\u00e9m foi inclu\u00eddo para Melhor Diretor e Melhor Roteiro, ambos tamb\u00e9m nas categorias da drama, assim como Melhor Can\u00e7\u00e3o Original para\u00a0\u201cThe Mighty Crabjoy\u2019s Theme\u201cde Gunn, Eric Nally e Devin Williams.<\/p>\n<p>Os indicados ao Globo de Ouro 2026 ser\u00e3o revelados dia 8 de dezembro e a premia\u00e7\u00e3o vai acontecer dia 11 de janeiro de 2026.<\/p>\n<p>Aproveite para ver:<\/p>\n","protected":false},"excerpt":{"rendered":"Filme vai buscar grandes conquistas James Gunn quer mostrar que Superman \u00e9 mais do que um filme de&hellip;\n","protected":false},"author":2,"featured_media":144044,"comment_status":"","ping_status":"","sticky":false,"template":"","format":"standard","meta":{"footnotes":""},"categories":[140],"tags":[114,115,147,148,36,15714,146,32,33,1248],"class_list":{"0":"post-144043","1":"post","2":"type-post","3":"status-publish","4":"format-standard","5":"has-post-thumbnail","7":"category-filmes","8":"tag-entertainment","9":"tag-entretenimento","10":"tag-film","11":"tag-filmes","12":"tag-liga","13":"tag-lobo","14":"tag-movies","15":"tag-portugal","16":"tag-pt","17":"tag-superman"},"share_on_mastodon":{"url":"https:\/\/pubeurope.com\/@pt\/115513590122340190","error":""},"_links":{"self":[{"href":"https:\/\/www.europesays.com\/pt\/wp-json\/wp\/v2\/posts\/144043","targetHints":{"allow":["GET"]}}],"collection":[{"href":"https:\/\/www.europesays.com\/pt\/wp-json\/wp\/v2\/posts"}],"about":[{"href":"https:\/\/www.europesays.com\/pt\/wp-json\/wp\/v2\/types\/post"}],"author":[{"embeddable":true,"href":"https:\/\/www.europesays.com\/pt\/wp-json\/wp\/v2\/users\/2"}],"replies":[{"embeddable":true,"href":"https:\/\/www.europesays.com\/pt\/wp-json\/wp\/v2\/comments?post=144043"}],"version-history":[{"count":0,"href":"https:\/\/www.europesays.com\/pt\/wp-json\/wp\/v2\/posts\/144043\/revisions"}],"wp:featuredmedia":[{"embeddable":true,"href":"https:\/\/www.europesays.com\/pt\/wp-json\/wp\/v2\/media\/144044"}],"wp:attachment":[{"href":"https:\/\/www.europesays.com\/pt\/wp-json\/wp\/v2\/media?parent=144043"}],"wp:term":[{"taxonomy":"category","embeddable":true,"href":"https:\/\/www.europesays.com\/pt\/wp-json\/wp\/v2\/categories?post=144043"},{"taxonomy":"post_tag","embeddable":true,"href":"https:\/\/www.europesays.com\/pt\/wp-json\/wp\/v2\/tags?post=144043"}],"curies":[{"name":"wp","href":"https:\/\/api.w.org\/{rel}","templated":true}]}}