{"id":144069,"date":"2025-11-08T10:45:19","date_gmt":"2025-11-08T10:45:19","guid":{"rendered":"https:\/\/www.europesays.com\/pt\/144069\/"},"modified":"2025-11-08T10:45:19","modified_gmt":"2025-11-08T10:45:19","slug":"chamada-a-selecao-valida-melhor-momento-da-carreira-de-carlos-forbs","status":"publish","type":"post","link":"https:\/\/www.europesays.com\/pt\/144069\/","title":{"rendered":"Chamada \u00e0 Sele\u00e7\u00e3o valida melhor momento da carreira de Carlos Forbs"},"content":{"rendered":"<p style=\"margin-bottom:11px\">Principal novidade na convocat\u00f3ria do selecionador nacional para os jogos com a Rep\u00fablica da Irlanda e a Arm\u00e9nia, de qualifica\u00e7\u00e3o para o Mundial, Carlos Forbs vive o melhor momento da carreira, <a href=\"https:\/\/maisfutebol.iol.pt\/portugal\/selecao-nacional\/martinez-carlos-forbs-esta-no-melhor-momento-da-carreira\" target=\"_blank\" rel=\"nofollow noopener\">tal como Roberto Mart\u00ednez afirmou<\/a>. E isso n\u00e3o \u00e9 verdade apenas pela <a href=\"https:\/\/maisfutebol.iol.pt\/made-in\/liga-campeoes\/video-carlos-forbs-com-noite-de-sonho-no-empate-entre-brugge-e-barcelona\" target=\"_blank\" rel=\"nofollow noopener\">exibi\u00e7\u00e3o not\u00e1vel frente ao Barcelona (3-3), ao servi\u00e7o do Club Brugge, na Liga dos Campe\u00f5es<\/a>. S\u00e3o mesmo os detalhes que o comprovam.<\/p>\n<p>Os dados compilados pelo <strong><a href=\"https:\/\/www.sofascore.com\/\" target=\"_blank\" rel=\"nofollow noopener\">SofaScore<\/a><\/strong>, parceiro do <strong>Maisfutebol<\/strong>, s\u00e3o elucidativos. Em 19 jogos pela equipa belga, Forbs j\u00e1 marcou mais golos (5) e igualou o n\u00famero de assist\u00eancias (5) que conseguiu nas 38 vezes que representou o Ajax, <a href=\"https:\/\/maisfutebol.iol.pt\/transferencias\/ajax\/oficial-ajax-contrata-carlos-borges-ou-sera-forbs-ao-man-city\" target=\"_blank\" rel=\"nofollow noopener\">onde se estreou enquanto s\u00e9nior<\/a>.<\/p>\n<p>Pelo meio <a href=\"https:\/\/maisfutebol.iol.pt\/inglaterra\/internacional\/oficial-carlos-forbs-no-wolverhampton-por-emprestimo-do-ajax\" target=\"_blank\" rel=\"nofollow noopener\">viveu uma experi\u00eancia globalmente positiva na Premier League, pelo Wolverhampton<\/a>, mesmo n\u00e3o tento tido participa\u00e7\u00e3o direta em golos dos Wolves. Ela deu-lhe, sobretudo, embalo para um arranque poderoso em Brugge.<\/p>\n<p>Para al\u00e9m dos golos e das assist\u00eancias, o avan\u00e7ado portugu\u00eas vive o seu melhor ano em remates (1,4), passes-chave (1,4), dribles bem sucedidos (1) e duelos ganhos (2,7) por jogo. S\u00f3 lhe falta subir na m\u00e9trica das grandes oportunidades criadas (4) para igualar o seu melhor registo, que data da experi\u00eancia no Ajax (7).<\/p>\n<p><img loading=\"lazy\" decoding=\"async\" alt=\"\" height=\"1250\" src=\"https:\/\/www.europesays.com\/pt\/wp-content\/uploads\/2025\/11\/1762598719_192_1000.webp\" width=\"1000\"\/><\/p>\n<p>O recente jogo com o Barcelona para a Champions, em que bisou e fez a assist\u00eancia para o restante golo dos belgas, ajuda a destacar estes dados, com todo o \u201cmediatismo\u201d que envolve qualquer fa\u00e7anha diante do gigante catal\u00e3o.<\/p>\n<p>Aos 21 anos, Carlos Borges, que adotou o apelido Forbs em honra \u00e0 sua m\u00e3e, continua a dar nas vistas longe de Portugal, de onde saiu, ainda adolescente, para jogar no Manchester City, <a href=\"https:\/\/maisfutebol.iol.pt\/manchester-city\/carlos-borges\/man-city-carlos-borges-eleito-o-jogador-do-ano-da-premier-league-2\" target=\"_blank\" rel=\"nofollow noopener\">onde foi eleito o jogador do ano na Premier League 2<\/a>, competi\u00e7\u00e3o equivalente \u00e0 Liga Revela\u00e7\u00e3o.<\/p>\n<p>Descoberto pelo Sporting no futsal do N\u00facleo de Sintra, Carlos Forbs passou oito anos no City. Em 2023, saiu para o Ajax, <a href=\"https:\/\/maisfutebol.iol.pt\/mercado-de-transferencias\/ajax\/ajax-dispensa-carlos-forbs-e-mais-seis-jogadores-por-whatsapp\" target=\"_blank\" rel=\"nofollow noopener\">que o dispensaria, dois anos depois, atrav\u00e9s de uma mensagem no Whatsapp<\/a>, ap\u00f3s o meio ano em que esteve cedido ao Wolverhampton.<\/p>\n<p>Ainda assim, no \u00faltimo ver\u00e3o, <a href=\"https:\/\/maisfutebol.iol.pt\/transferencias\/carlos-forbs\/oficial-depois-da-dispensa-por-whatsapp-forbs-assina-pelo-club-brugge\" target=\"_blank\" rel=\"nofollow noopener\">o Club Brugge n\u00e3o hesitou em pagar pelo seu passe 8,5 milh\u00f5es de euros<\/a>, um investimento com retorno j\u00e1 garantido. \u00abAcho que as experi\u00eancias que tive no futebol me deram maturidade, consegui adaptar-me em cada pa\u00eds e isso ajuda\u00bb, reconheceu o avan\u00e7ado, ao Canal 11.<\/p>\n<p>F\u00e3 de Cristiano Ronaldo, Forbs, que \u00e9 internacional sub-21 por Portugal, contou ainda que <a href=\"https:\/\/maisfutebol.iol.pt\/portugal\/selecao-nacional\/forbs-mora-ligou-me-a-dizer-que-tinha-sido-chamado-a-selecao-a\" target=\"_blank\" rel=\"nofollow noopener\">foi Rodrigo Mora quem lhe disse que tinha sido convocado por Roberto Mart\u00ednez<\/a> para a Sele\u00e7\u00e3o nacional. \u00abN\u00e3o achei que fosse poss\u00edvel jogar ao lado de Ronaldo. Sempre foi um sonho meu e n\u00e3o tenho palavras para descrever o que estou a sentir\u00bb, confessou.<\/p>\n","protected":false},"excerpt":{"rendered":"Principal novidade na convocat\u00f3ria do selecionador nacional para os jogos com a Rep\u00fablica da Irlanda e a Arm\u00e9nia,&hellip;\n","protected":false},"author":2,"featured_media":144070,"comment_status":"","ping_status":"","sticky":false,"template":"","format":"standard","meta":{"footnotes":""},"categories":[8],"tags":[1069,1235,27,28,11705,11704,667,15,16,524,14,25,26,21,22,1356,46,1382,12,13,19,20,32,23,24,33,47,5420,34,17,18,29,30,31,4157],"class_list":{"0":"post-144069","1":"post","2":"type-post","3":"status-publish","4":"format-standard","5":"has-post-thumbnail","7":"category-principais-noticias","8":"tag-ajax","9":"tag-barcelona","10":"tag-breaking-news","11":"tag-breakingnews","12":"tag-carlos-forbs","13":"tag-club-brugge","14":"tag-cristiano-ronaldo","15":"tag-featured-news","16":"tag-featurednews","17":"tag-futebol","18":"tag-headlines","19":"tag-latest-news","20":"tag-latestnews","21":"tag-main-news","22":"tag-mainnews","23":"tag-mais-futebol","24":"tag-maisfutebol","25":"tag-manchester-city","26":"tag-news","27":"tag-noticias","28":"tag-noticias-principais","29":"tag-noticiasprincipais","30":"tag-portugal","31":"tag-principais-noticias","32":"tag-principaisnoticias","33":"tag-pt","34":"tag-pura-paixao","35":"tag-selecao-nacional","36":"tag-sporting","37":"tag-top-stories","38":"tag-topstories","39":"tag-ultimas","40":"tag-ultimas-noticias","41":"tag-ultimasnoticias","42":"tag-wolverhampton"},"share_on_mastodon":{"url":"","error":"Validation failed: Text character limit of 500 exceeded"},"_links":{"self":[{"href":"https:\/\/www.europesays.com\/pt\/wp-json\/wp\/v2\/posts\/144069","targetHints":{"allow":["GET"]}}],"collection":[{"href":"https:\/\/www.europesays.com\/pt\/wp-json\/wp\/v2\/posts"}],"about":[{"href":"https:\/\/www.europesays.com\/pt\/wp-json\/wp\/v2\/types\/post"}],"author":[{"embeddable":true,"href":"https:\/\/www.europesays.com\/pt\/wp-json\/wp\/v2\/users\/2"}],"replies":[{"embeddable":true,"href":"https:\/\/www.europesays.com\/pt\/wp-json\/wp\/v2\/comments?post=144069"}],"version-history":[{"count":0,"href":"https:\/\/www.europesays.com\/pt\/wp-json\/wp\/v2\/posts\/144069\/revisions"}],"wp:featuredmedia":[{"embeddable":true,"href":"https:\/\/www.europesays.com\/pt\/wp-json\/wp\/v2\/media\/144070"}],"wp:attachment":[{"href":"https:\/\/www.europesays.com\/pt\/wp-json\/wp\/v2\/media?parent=144069"}],"wp:term":[{"taxonomy":"category","embeddable":true,"href":"https:\/\/www.europesays.com\/pt\/wp-json\/wp\/v2\/categories?post=144069"},{"taxonomy":"post_tag","embeddable":true,"href":"https:\/\/www.europesays.com\/pt\/wp-json\/wp\/v2\/tags?post=144069"}],"curies":[{"name":"wp","href":"https:\/\/api.w.org\/{rel}","templated":true}]}}