{"id":144099,"date":"2025-11-08T11:14:07","date_gmt":"2025-11-08T11:14:07","guid":{"rendered":"https:\/\/www.europesays.com\/pt\/144099\/"},"modified":"2025-11-08T11:14:07","modified_gmt":"2025-11-08T11:14:07","slug":"rui-costa-ou-noronha-lopes-socios-do-benfica-decidem-hoje-quem-e-o-presidente","status":"publish","type":"post","link":"https:\/\/www.europesays.com\/pt\/144099\/","title":{"rendered":"Rui Costa ou Noronha Lopes. S\u00f3cios do Benfica decidem hoje quem \u00e9 o presidente"},"content":{"rendered":"<p>&#13;<br \/>\nJos\u00e9 Pereira da Costa aos jornalistas, 15.340 s\u00f3cios exerceram o direito ao voto entre as 08:30 e as 10:00 nas 108 sec\u00e7\u00f5es, o que, segundo o pr\u00f3prio, corresponde a cerca &#8220;do dobro&#8221; do que sucedeu no mesmo periodo h\u00e1 duas semanas, na primeira volta.&#13;\n<\/p>\n<p>&#13;<br \/>\n&#13;<\/p>\n<p>&#13;<br \/>\nO dirigente afirmou que &#8220;est\u00e1 tudo a correr bem&#8221;, sendo que existe &#8220;apenas uma sec\u00e7\u00e3o de voto que ultrapassa os 30 minutos de espera para votar, na Quinta do Conde&#8221;, no distrito de Set\u00fabal.&#13;\n<\/p>\n<p>&#13;<br \/>\n&#13;<\/p>\n<p>&#13;<br \/>\n&#8220;Acreditamos que os s\u00f3cios v\u00eam votar em grande n\u00famero, mas n\u00e3o temos uma meta. Temos tudo preparado para que os 160.000 possam votar&#8221;, assinalou Jos\u00e9 Pereira da Costa, referindo-se ao n\u00famero de s\u00f3cios eleg\u00edveis para votar neste ato eleitoral.&#13;\n<\/p>\n<p>&#13;<\/p>\n","protected":false},"excerpt":{"rendered":"&#13; Jos\u00e9 Pereira da Costa aos jornalistas, 15.340 s\u00f3cios exerceram o direito ao voto entre as 08:30 e&hellip;\n","protected":false},"author":2,"featured_media":144100,"comment_status":"","ping_status":"","sticky":false,"template":"","format":"standard","meta":{"footnotes":""},"categories":[8],"tags":[27,28,15,16,14,25,26,21,22,12,13,19,20,32,23,24,33,420,421,17,18,29,30,31],"class_list":{"0":"post-144099","1":"post","2":"type-post","3":"status-publish","4":"format-standard","5":"has-post-thumbnail","7":"category-principais-noticias","8":"tag-breaking-news","9":"tag-breakingnews","10":"tag-featured-news","11":"tag-featurednews","12":"tag-headlines","13":"tag-latest-news","14":"tag-latestnews","15":"tag-main-news","16":"tag-mainnews","17":"tag-news","18":"tag-noticias","19":"tag-noticias-principais","20":"tag-noticiasprincipais","21":"tag-portugal","22":"tag-principais-noticias","23":"tag-principaisnoticias","24":"tag-pt","25":"tag-rtp","26":"tag-rtp-noticias","27":"tag-top-stories","28":"tag-topstories","29":"tag-ultimas","30":"tag-ultimas-noticias","31":"tag-ultimasnoticias"},"share_on_mastodon":{"url":"https:\/\/pubeurope.com\/@pt\/115513790914261434","error":""},"_links":{"self":[{"href":"https:\/\/www.europesays.com\/pt\/wp-json\/wp\/v2\/posts\/144099","targetHints":{"allow":["GET"]}}],"collection":[{"href":"https:\/\/www.europesays.com\/pt\/wp-json\/wp\/v2\/posts"}],"about":[{"href":"https:\/\/www.europesays.com\/pt\/wp-json\/wp\/v2\/types\/post"}],"author":[{"embeddable":true,"href":"https:\/\/www.europesays.com\/pt\/wp-json\/wp\/v2\/users\/2"}],"replies":[{"embeddable":true,"href":"https:\/\/www.europesays.com\/pt\/wp-json\/wp\/v2\/comments?post=144099"}],"version-history":[{"count":0,"href":"https:\/\/www.europesays.com\/pt\/wp-json\/wp\/v2\/posts\/144099\/revisions"}],"wp:featuredmedia":[{"embeddable":true,"href":"https:\/\/www.europesays.com\/pt\/wp-json\/wp\/v2\/media\/144100"}],"wp:attachment":[{"href":"https:\/\/www.europesays.com\/pt\/wp-json\/wp\/v2\/media?parent=144099"}],"wp:term":[{"taxonomy":"category","embeddable":true,"href":"https:\/\/www.europesays.com\/pt\/wp-json\/wp\/v2\/categories?post=144099"},{"taxonomy":"post_tag","embeddable":true,"href":"https:\/\/www.europesays.com\/pt\/wp-json\/wp\/v2\/tags?post=144099"}],"curies":[{"name":"wp","href":"https:\/\/api.w.org\/{rel}","templated":true}]}}