{"id":144105,"date":"2025-11-08T11:19:09","date_gmt":"2025-11-08T11:19:09","guid":{"rendered":"https:\/\/www.europesays.com\/pt\/144105\/"},"modified":"2025-11-08T11:19:09","modified_gmt":"2025-11-08T11:19:09","slug":"relembre-famosos-que-cancelaram-vinda-ao-brasil-r7-entretenimento","status":"publish","type":"post","link":"https:\/\/www.europesays.com\/pt\/144105\/","title":{"rendered":"relembre famosos que cancelaram vinda ao Brasil \u2013 R7 Entretenimento"},"content":{"rendered":"<p>LEIA AQUI O RESUMO DA NOT\u00cdCIA<\/p>\n<ul class=\"b-article-body-custom-embed-brief-news__list\" style=\"margin: 0; padding-left: 20px; list-style-type: disc;\">\n<li>Ariana Grande cancelou sua vinda ao Brasil para o lan\u00e7amento de &#8220;Wicked: Parte 2&#8221; por problemas log\u00edsticos.<\/li>\n<li>Lady Gaga tamb\u00e9m cancelou sua apresenta\u00e7\u00e3o no Rock in Rio 2017 a um dia do evento, gerando frustra\u00e7\u00e3o entre os f\u00e3s.<\/li>\n<li>Coldplay adiou shows no Brasil em 2022 devido \u00e0 doen\u00e7a do vocalista Chris Martin, mas voltou em mar\u00e7o de 2023 com novos shows.<\/li>\n<li>Taylor Swift cancelou apresenta\u00e7\u00f5es em 2020 por conta da pandemia, mas retornou em 2023 com shows esgotados no Brasil.<\/li>\n<\/ul>\n<p style=\"font-size: 0.8em; font-style: italic; text-align: right; margin-top: 15px; padding-bottom: 5px; margin-bottom: 0;\">Produzido pela Ri7a &#8211; a Intelig\u00eancia Artificial do R7<\/p>\n<p><img decoding=\"async\" data-chromatic=\"ignore\" alt=\"\" class=\"c-image\" loading=\"lazy\" src=\"https:\/\/www.europesays.com\/pt\/wp-content\/uploads\/2025\/11\/5URPUUTKXRC6ZNFLMFN2C7YJXI.jpg\"  width=\"1920\" height=\"1080\"\/>Ariana Grande, Chris Martin, do Coldplay, e Lady Gaga j\u00e1 frustraram as expectativas dos f\u00e3s brasileiros Reprodu\u00e7\u00e3o\/Instagram <\/p>\n<p class=\"jarvics:base-text-neutral-high-400 base-text-[calc(theme(fontSize.xs)_*_var(--font-size,_1))] base-font-normal base-font-primary base-text-neutral-low-500 base-text-left\">Na \u00faltima segunda-feira (3), <a href=\"https:\/\/entretenimento.r7.com\/musica\/tmj-brazil\/ariana-grande-revela-que-nunca-largara-carreira-musical-06112025\/\" target=\"_self\" rel=\"nofollow noopener\" title=\"https:\/\/entretenimento.r7.com\/musica\/tmj-brazil\/ariana-grande-revela-que-nunca-largara-carreira-musical-06112025\/\">Ariana Grande<\/a> causou pol\u00eamica nas redes sociais ao cancelar a vinda ao Brasil, onde participaria do evento de lan\u00e7amento do filme <a href=\"https:\/\/entretenimento.r7.com\/prisma\/r7-teatro\/atrizes-do-musical-wicked-sao-barradas-de-tirar-fotos-com-elenco-internacional-no-brasil-05112025\/\" target=\"_self\" rel=\"nofollow noopener\" title=\"https:\/\/entretenimento.r7.com\/prisma\/r7-teatro\/atrizes-do-musical-wicked-sao-barradas-de-tirar-fotos-com-elenco-internacional-no-brasil-05112025\/\">Wicked: Parte 2<\/a>, por quest\u00f5es log\u00edsticas. A atriz n\u00e3o foi a \u00fanica a precisar desmarcar um compromisso com os f\u00e3s brasileiros de \u00faltima hora.<\/p>\n<p class=\"jarvics:base-text-neutral-high-400 base-text-[calc(theme(fontSize.xs)_*_var(--font-size,_1))] base-font-normal base-font-primary base-text-neutral-low-500 base-text-left\">Em 2017, <a href=\"https:\/\/www.r7.com\/tudo-sobre\/lady-gaga\/\" target=\"_self\" rel=\"nofollow noopener\" title=\"https:\/\/www.r7.com\/tudo-sobre\/lady-gaga\/\">Lady Gaga<\/a>, que era uma das atra\u00e7\u00f5es principais do Rock in Rio, cancelou o show um dia antes, deixando os f\u00e3s frustrados. O epis\u00f3dio ficou marcado pelo pronunciamento da artista, e a frase \u201cBrazil, I\u2019m devastated!\u201d (\u201cBrasil, estou devastada\u201d) virou piada na internet.<\/p>\n<p>Ariana Grande<\/p>\n<p class=\"jarvics:base-text-neutral-high-400 base-text-[calc(theme(fontSize.xs)_*_var(--font-size,_1))] base-font-normal base-font-primary base-text-neutral-low-500 base-text-left\">\u201cH\u00e1 algumas horas, eu e minha equipe tivemos que desembarcar do nosso voo, pois tiveram que fazer uma manuten\u00e7\u00e3o no avi\u00e3o por causa de um problema de seguran\u00e7a e ele n\u00e3o decolar\u00e1 at\u00e9 11h de amanh\u00e3, o que significa que eu n\u00e3o chegaria a tempo da estreia de \u2018Wicked: Parte 2\u2019, em S\u00e3o Paulo\u201d, explicou Ariana um dia antes do evento.<\/p>\n<p class=\"jarvics:base-text-neutral-high-400 base-text-[calc(theme(fontSize.xs)_*_var(--font-size,_1))] base-font-normal base-font-primary base-text-neutral-low-500 base-text-left\">A cantora e atriz disse que sua equipe tentou de tudo para realizar a viagem, mas n\u00e3o havia nenhuma alternativa. \u201cProcuramos outros voos, noturnos, de manh\u00e3 cedo, voos com conex\u00e3o, op\u00e7\u00f5es comerciais e tamb\u00e9m privadas, e absolutamente nada estava dispon\u00edvel ou seria poss\u00edvel para nos levar l\u00e1 a tempo. Mesmo ao tentar uma op\u00e7\u00e3o privada, h\u00e1 uma permiss\u00e3o necess\u00e1ria para um voo aqui que leva tempo para ser obtida\u201d, escreveu nas redes sociais.<\/p>\n<p class=\"jarvics:base-text-neutral-high-400 base-text-[calc(theme(fontSize.xs)_*_var(--font-size,_1))] base-font-normal base-font-primary base-text-neutral-low-500 base-text-left\">Horas depois do pronunciamento de Ariana, a outra protagonista de Wicked, Cynthia Erivo, desembarcou no Brasil e tirou foto ao lado da tripula\u00e7\u00e3o de um voo comercial, o que gerou debate nas redes sociais. \u201cN\u00e3o acho que seja t\u00e3o dif\u00edcil se locomover dos EUA para o Brasil\u201d, escreveu um internauta.<\/p>\n<blockquote class=\"twitter-tweet\">\n<p lang=\"pt\" dir=\"ltr\">Pois a Cynthia Erivo veio ao Brasil em um voo comercial da Latam, junto de pessoas que n\u00e3o conhecia e inclusive est\u00e1 sendo elogiada por sua carisma e simpatia com todos do voo. N\u00e3o acho que seja t\u00e3o dif\u00edcil se locomover dos eua para o Brasil assim como a Ariana disse.<\/p>\n<p>\u2014 excuse me, i love you (@bludarques) <a href=\"https:\/\/twitter.com\/bludarques\/status\/1985740229714579535?ref_src=twsrc%5Etfw\" rel=\"nofollow noopener\" target=\"_blank\">November 4, 2025<\/a><\/p><\/blockquote>\n<p>Lady Gaga<\/p>\n<p class=\"jarvics:base-text-neutral-high-400 base-text-[calc(theme(fontSize.xs)_*_var(--font-size,_1))] base-font-normal base-font-primary base-text-neutral-low-500 base-text-left\">Embora na \u00e9poca os f\u00e3s tenham ficado chateados, hoje o pronunciamento de Lady Gaga virou meme nas redes sociais. Frequentemente, f\u00e3s de artistas pop usam o termo \u201cBrazil, I\u2019m devastated!\u201d quando alguma celebridade cancela um compromisso no Brasil.<\/p>\n<p class=\"jarvics:base-text-neutral-high-400 base-text-[calc(theme(fontSize.xs)_*_var(--font-size,_1))] base-font-normal base-font-primary base-text-neutral-low-500 base-text-left\">Gaga era uma das atra\u00e7\u00f5es principais do Rock in Rio 2017, mas cancelou o show um dia antes. Quem substituiu a apresenta\u00e7\u00e3o da estrela do pop foi a banda Maroon 5. \u201cBrasil, estou devastada por n\u00e3o estar bem o suficiente para ir ao Rock in Rio. Eu faria qualquer coisa por voc\u00eas, mas preciso cuidar do meu corpo agora\u201d, escreveu a cantora, que estava sofrendo com os sintomas da fibromialgia.<\/p>\n<blockquote class=\"twitter-tweet\">\n<p lang=\"en\" dir=\"ltr\">Brazil, I&#8217;m devastated that I&#8217;m not well enough 2 come to Rock In Rio. I would do anything 4 u but I have to take care of my body right now.<\/p>\n<p>\u2014 Lady Gaga (@ladygaga) <a href=\"https:\/\/twitter.com\/ladygaga\/status\/908396468821774336?ref_src=twsrc%5Etfw\" rel=\"nofollow noopener\" target=\"_blank\">September 14, 2017<\/a><\/p><\/blockquote>\n<p>Coldplay<\/p>\n<p class=\"jarvics:base-text-neutral-high-400 base-text-[calc(theme(fontSize.xs)_*_var(--font-size,_1))] base-font-normal base-font-primary base-text-neutral-low-500 base-text-left\">Em 2022, a banda Coldplay informou que adiaria os shows no Brasil devido a uma infec\u00e7\u00e3o pulmonar do vocalista Chris Martin. \u201cPara todos no Brasil que estavam ansiosos por esses shows, sentimos muito pela decep\u00e7\u00e3o e inconveniente, e somos muito gratos por sua compreens\u00e3o neste momento desafiador em que precisamos priorizar a sa\u00fade do Chris. Por favor, guarde seus ingressos, pois eles ser\u00e3o v\u00e1lidos para as novas datas reagendadas. Elas acontecer\u00e3o no in\u00edcio de 2023 e ser\u00e3o anunciadas muito em breve. No entanto, atenderemos a todas as solicita\u00e7\u00f5es de reembolso de ingressos &#8211; que estar\u00e1 dispon\u00edvel no ponto de venda\u201d, dizia o comunicado.<\/p>\n<p class=\"jarvics:base-text-neutral-high-400 base-text-[calc(theme(fontSize.xs)_*_var(--font-size,_1))] base-font-normal base-font-primary base-text-neutral-low-500 base-text-left\">Conforme prometido, a banda retomou a turn\u00ea e veio ao Brasil em mar\u00e7o de 2023, incluindo novos shows. Ao todo, foram 11 apresenta\u00e7\u00f5es em territ\u00f3rio brasileiro, sendo seis em S\u00e3o Paulo, tr\u00eas no Rio de Janeiro e duas em Curitiba.<\/p>\n<p>Taylor Swift<\/p>\n<p class=\"jarvics:base-text-neutral-high-400 base-text-[calc(theme(fontSize.xs)_*_var(--font-size,_1))] base-font-normal base-font-primary base-text-neutral-low-500 base-text-left\">Os f\u00e3s brasileiros de Taylor Swift quase puderam v\u00ea-la ao vivo em 2020, mas os planos foram interrompidos pela pandemia. Na \u00e9poca, a equipe da cantora optou por n\u00e3o remarcar as apresenta\u00e7\u00f5es e preferiu cancelar, j\u00e1 que n\u00e3o se sabia quanto tempo o isolamento social duraria.<\/p>\n<p class=\"jarvics:base-text-neutral-high-400 base-text-[calc(theme(fontSize.xs)_*_var(--font-size,_1))] base-font-normal base-font-primary base-text-neutral-low-500 base-text-left\">A frustra\u00e7\u00e3o dos f\u00e3s s\u00f3 aumentou a expectativa. Ap\u00f3s o an\u00fancio de novas datas, quem j\u00e1 tinha adquirido ingresso para o show cancelado teve prioridade na compra, e, em 2023, Taylor fez seis apresenta\u00e7\u00f5es esgotadas no Brasil.<\/p>\n<p><video controls=\"\" class=\"video-js\" preload=\"metadata\" poster=\"https:\/\/d22yf0mxeu0gma.cloudfront.net\/09-05-2025\/t_1e61201ea75b4701ab1eba39884bd5fb_name_signal_2025_09_04_153633_002.jpeg\" title=\"Lady Gaga cancela show nos EUA pouco antes de subir ao palco; saiba o que aconteceu\" data-sprite-url=\"\" data-metadata=\"{&quot;title&quot;:&quot;Lady Gaga cancela show nos EUA pouco antes de subir ao palco; saiba o que aconteceu&quot;,&quot;sectionName&quot;:&quot;R7&quot;,&quot;mainSection&quot;:&quot;Famosos e TV&quot;,&quot;subSection&quot;:&quot;&quot;,&quot;views&quot;:&quot;&quot;,&quot;disableAdv&quot;:&quot;false&quot;,&quot;createdDate&quot;:&quot;2025-09-04T21:29:14Z&quot;,&quot;mainSectionUrl&quot;:&quot;https:\/\/entretenimento.r7.com\/prisma\/fabiola-reipert\/video\/lady-gaga-cancela-show-nos-eua-pouco-antes-de-subir-ao-palco-saiba-o-que-aconteceu-05092025\/&quot;,&quot;sectionPath&quot;:&quot;https:\/\/entretenimento.r7.com\/prisma\/fabiola-reipert&quot;,&quot;ageRating&quot;:&quot;&quot;,&quot;ageRatingDescription&quot;:&quot;&quot;,&quot;duration&quot;:86464,&quot;playerUrl&quot;:&quot;https:\/\/entretenimento.r7.com\/player\/ce6e22fd-0a5c-409d-a959-246f06a8dddb\/&quot;}\" data-player-params=\"{&quot;p&quot;:&quot;true&quot;,&quot;autoPlay&quot;:&quot;false&quot;,&quot;logo&quot;:&quot;true&quot;,&quot;playlistId&quot;:&quot;false&quot;,&quot;calhau&quot;:&quot;false&quot;,&quot;share&quot;:&quot;true&quot;,&quot;sz&quot;:&quot;false&quot;,&quot;full&quot;:&quot;true&quot;,&quot;customAdHash&quot;:&quot;\/7542\/R7entretenimento\/famosostv&quot;,&quot;referrerUrl&quot;:&quot;&quot;,&quot;externalLinks&quot;:&quot;true&quot;,&quot;debug&quot;:&quot;false&quot;,&quot;debugHash&quot;:&quot;false&quot;,&quot;debugRelated&quot;:&quot;false&quot;,&quot;timerRelated&quot;:&quot;true&quot;,&quot;logoRecord&quot;:&quot;false&quot;,&quot;contextModal&quot;:&quot;false&quot;,&quot;parentUrl&quot;:&quot;https:\/\/record.r7.com\/&quot;,&quot;t&quot;:&quot;0&quot;,&quot;noTitle&quot;:false,&quot;endBehavior&quot;:&quot;default&quot;}\" data-related-videos=\"[{&quot;title&quot;:&quot;Sonho distante? Cristiano Ronaldo imp&#xF5;e condi&#xE7;&#xE3;o para se casar com Georgina Rodr&#xED;guez&quot;,&quot;thumb&quot;:&quot;https:\/\/d22yf0mxeu0gma.cloudfront.net\/11-07-2025\/t_f9315459cef7453ba7adebd3e47e7e06_name_signal_2025_11_06_160227_006.jpeg&quot;,&quot;url&quot;:&quot;https:\/\/entretenimento.r7.com\/prisma\/fabiola-reipert\/video\/sonho-distante-cristiano-ronaldo-impoe-condicao-para-se-casar-com-georgina-rodriguez-07112025\/&quot;,&quot;embedUrl&quot;:&quot;https:\/\/entretenimento.r7.com\/player\/6e39e851-62f9-4f7d-b58c-fa09b63c08ed\/&quot;},{&quot;title&quot;:&quot;Gustavo Mioto gasta R$ 3 mil no supermercado em viagem com amigos&quot;,&quot;thumb&quot;:&quot;https:\/\/d22yf0mxeu0gma.cloudfront.net\/11-07-2025\/t_cc097969ff3748008e9d84db84a04812_name_signal_2025_11_05_155848_003.jpeg&quot;,&quot;url&quot;:&quot;https:\/\/entretenimento.r7.com\/prisma\/fabiola-reipert\/video\/gustavo-mioto-gasta-r-3-mil-no-supermercado-em-viagem-com-amigos-07112025\/&quot;,&quot;embedUrl&quot;:&quot;https:\/\/entretenimento.r7.com\/player\/f4524cb1-2af6-43f1-b8db-4a79aac4264e\/&quot;},{&quot;title&quot;:&quot;Luiza Possi revela que parou de beber para salvar o casamento&quot;,&quot;thumb&quot;:&quot;https:\/\/d22yf0mxeu0gma.cloudfront.net\/11-07-2025\/t_4556e7beb9d24a2f8f46249f813805fd_name_luiza_possi.jpeg&quot;,&quot;url&quot;:&quot;https:\/\/entretenimento.r7.com\/prisma\/fabiola-reipert\/video\/luiza-possi-revela-que-parou-de-beber-para-salvar-o-casamento-07112025\/&quot;,&quot;embedUrl&quot;:&quot;https:\/\/entretenimento.r7.com\/player\/98f46017-eb81-4d74-b335-84dd1d8de834\/&quot;}]\" data-player-url=\"https:\/\/entretenimento.r7.com\/player\/ce6e22fd-0a5c-409d-a959-246f06a8dddb\/\" data-arc-video=\"\" data-arc-id=\"ce6e22fd-0a5c-409d-a959-246f06a8dddb\" data-short=\"false\" style=\"visibility:hidden\"><\/video><\/p>\n<p class=\"jarvics:base-text-neutral-high-400 base-text-[calc(theme(fontSize.xs)_*_var(--font-size,_1))] base-font-normal base-font-primary base-text-neutral-low-500 base-text-left\"><b>Para saber tudo do mundo dos famosos, <\/b><a href=\"https:\/\/whatsapp.com\/channel\/0029Va9UfKcHQbRyCyhPt71R\" rel=\"nofollow noopener\" target=\"_blank\"><b>siga o canal de entretenimento do R7<\/b><\/a><b>, o portal de not\u00edcias da RECORD, no WhatsApp<\/b><\/p>\n<p><script async src=\"https:\/\/platform.twitter.com\/widgets.js\" charset=\"utf-8\"><\/script><\/p>\n","protected":false},"excerpt":{"rendered":"LEIA AQUI O RESUMO DA NOT\u00cdCIA Ariana Grande cancelou sua vinda ao Brasil para o lan\u00e7amento de &#8220;Wicked:&hellip;\n","protected":false},"author":2,"featured_media":144106,"comment_status":"","ping_status":"","sticky":false,"template":"","format":"standard","meta":{"footnotes":""},"categories":[141],"tags":[1940,114,115,3034,1277,149,150,32,33,574],"class_list":{"0":"post-144105","1":"post","2":"type-post","3":"status-publish","4":"format-standard","5":"has-post-thumbnail","7":"category-musica","8":"tag-ariana-grande","9":"tag-entertainment","10":"tag-entretenimento","11":"tag-famosos-e-celebridades","12":"tag-lady-gaga","13":"tag-music","14":"tag-musica","15":"tag-portugal","16":"tag-pt","17":"tag-show"},"share_on_mastodon":{"url":"https:\/\/pubeurope.com\/@pt\/115513810626897197","error":""},"_links":{"self":[{"href":"https:\/\/www.europesays.com\/pt\/wp-json\/wp\/v2\/posts\/144105","targetHints":{"allow":["GET"]}}],"collection":[{"href":"https:\/\/www.europesays.com\/pt\/wp-json\/wp\/v2\/posts"}],"about":[{"href":"https:\/\/www.europesays.com\/pt\/wp-json\/wp\/v2\/types\/post"}],"author":[{"embeddable":true,"href":"https:\/\/www.europesays.com\/pt\/wp-json\/wp\/v2\/users\/2"}],"replies":[{"embeddable":true,"href":"https:\/\/www.europesays.com\/pt\/wp-json\/wp\/v2\/comments?post=144105"}],"version-history":[{"count":0,"href":"https:\/\/www.europesays.com\/pt\/wp-json\/wp\/v2\/posts\/144105\/revisions"}],"wp:featuredmedia":[{"embeddable":true,"href":"https:\/\/www.europesays.com\/pt\/wp-json\/wp\/v2\/media\/144106"}],"wp:attachment":[{"href":"https:\/\/www.europesays.com\/pt\/wp-json\/wp\/v2\/media?parent=144105"}],"wp:term":[{"taxonomy":"category","embeddable":true,"href":"https:\/\/www.europesays.com\/pt\/wp-json\/wp\/v2\/categories?post=144105"},{"taxonomy":"post_tag","embeddable":true,"href":"https:\/\/www.europesays.com\/pt\/wp-json\/wp\/v2\/tags?post=144105"}],"curies":[{"name":"wp","href":"https:\/\/api.w.org\/{rel}","templated":true}]}}