{"id":144118,"date":"2025-11-08T11:28:09","date_gmt":"2025-11-08T11:28:09","guid":{"rendered":"https:\/\/www.europesays.com\/pt\/144118\/"},"modified":"2025-11-08T11:28:09","modified_gmt":"2025-11-08T11:28:09","slug":"apos-cancelamento-de-auditorio-grupo-extremista-reconquista-encontra-outro-local-para-congresso-no-porto","status":"publish","type":"post","link":"https:\/\/www.europesays.com\/pt\/144118\/","title":{"rendered":"Ap\u00f3s cancelamento de audit\u00f3rio, grupo extremista &#8216;Reconquista&#8217; encontra outro local para congresso no Porto"},"content":{"rendered":"<p>O grupo extremista Reconquista, investigado pela Pol\u00edcia Judici\u00e1ria (PJ), j\u00e1 encontrou outro local para realizar o congresso anual. Na tarde desta sexta-feira, 7 de novembro, o Audit\u00f3rio Francisco de Assis, no Porto, cancelou a reserva do espa\u00e7o para o evento. O congresso, que vai na terceira edi\u00e7\u00e3o, reunir\u00e1 nomes como <strong>Martin Sellner, l\u00edder do Movimento Identit\u00e1rio da \u00c1ustria, e o franc\u00eas Hilaire Bouy\u00e9, ambos defensores da deporta\u00e7\u00e3o em massa de imigrantes<\/strong>, tal como a Reconquista em Portugal.<\/p>\n<p>Num v\u00eddeo publicado perto das 19h00 no Telegram, o l\u00edder Afonso Gon\u00e7alves afirmou que j\u00e1 foi encontrado um novo local para o encontro. <strong>&#8220;J\u00e1 arranj\u00e1mos um espa\u00e7o alternativo. O congresso vai realizar-se!&#8221;<\/strong>, escreveu, acompanhado de um v\u00eddeo onde apela \u00e0 participa\u00e7\u00e3o &#8220;massiva de toda a gente&#8221;.<\/p>\n<p>Segundo Gon\u00e7alves, detido v\u00e1rias vezes <strong><a aria-label=\"content\" target=\"_blank\" href=\"https:\/\/www.dn.pt\/sociedade\/psp-det%C3%A9m-l%C3%ADder-e-manifestantes-do-grupo-reconquista-durante-a%C3%A7%C3%A3o-junto-a-templo-sikh\" rel=\"nofollow noopener\">por insultos xen\u00f3fobos contra imigrantes<\/a><\/strong> e <strong><a aria-label=\"content\" target=\"_blank\" href=\"https:\/\/www.dn.pt\/sociedade\/psp-trava-invas%C3%A3o-de-propriedade-e-discurso-xen%C3%B3fobo-de-l%C3%ADder-do-grupo-reconquista-no-martim-moniz-2\" rel=\"nofollow noopener\">invas\u00e3o de propriedade privada<\/a><\/strong><a aria-label=\"content\" target=\"_blank\" href=\"https:\/\/www.dn.pt\/sociedade\/psp-trava-invas%C3%A3o-de-propriedade-e-discurso-xen%C3%B3fobo-de-l%C3%ADder-do-grupo-reconquista-no-martim-moniz-2\" rel=\"nofollow noopener\">,<\/a> a nova morada ser\u00e1 enviada aos inscritos apenas este s\u00e1bado. &#8220;Por quest\u00f5es de seguran\u00e7a, o novo local ser\u00e1 enviado por e-mail amanh\u00e3 \u00e0s 09h00 da manh\u00e3 a todos aqueles que t\u00eam bilhete&#8221;, explicou na mensagem que acompanha o v\u00eddeo.<\/p>\n<p>Ao saber do cancelamento do local inicial, o l\u00edder do movimento,<strong> que est\u00e1 em articula\u00e7\u00e3o com outros grupos semelhantes europeus, afirmou que &#8220;n\u00e3o existe democracia em Portugal&#8221;<\/strong>. O audit\u00f3rio justificou o cancelamento com o facto de se tratar de um evento de car\u00e1ter pol\u00edtico, &#8220;por n\u00e3o respeitar o regulamento em vigor, que o pro\u00edbe expressamente&#8221;. Mais cedo, o Expresso noticiou que o partido Livre tamb\u00e9m teve um pedido de reserva do mesmo audit\u00f3rio recusado por raz\u00f5es pol\u00edticas.<\/p>\n<p>Esta n\u00e3o \u00e9 a primeira vez que o grupo Reconquista enfrenta dificuldades na realiza\u00e7\u00e3o de eventos. A segunda edi\u00e7\u00e3o do congresso, em novembro do ano passado, decorreu na sede da Assembleia Municipal. Depois do evento, <strong>surgiram cr\u00edticas pela ced\u00eancia do espa\u00e7o, com a presidente a afirmar que foi &#8220;enganada&#8221; sobre o encontro<\/strong>.<\/p>\n<p>Mais tarde, esclareceu que o pedido havia sido feito em nome da &#8220;juventude do Chega&#8221;, algo que, na altura, Afonso Gon\u00e7alves negou. &#8220;<strong>A Reconquista n\u00e3o s\u00f3 revelou a identidade como elencou todos os oradores em e-mails trocados com a AM, e jamais foi referido que fosse da juventude do partido<\/strong>&#8220;, afirmou.<\/p>\n<p>Ao mesmo tempo, a Reconquista mant\u00e9m v\u00e1rias liga\u00e7\u00f5es com o grupo partid\u00e1rio de Andr\u00e9 Ventura. Nas duas \u00faltimas elei\u00e7\u00f5es, membros da Reconquista participaram em campanhas eleitorais em favor do Chega. <strong><a aria-label=\"content\" target=\"_blank\" href=\"https:\/\/www.dn.pt\/sociedade\/grupos-de-odio-mobilizaram-campanha-do-chega-e-preparam-o-terreno-para-que-partido-tome-acoes-mais-radicais\" rel=\"nofollow noopener\">Tal como o DN revelou numa reportagem em maio de 2024<\/a>,<\/strong> um dos objetivos destes extremistas \u00e9 &#8220;preparar o terreno&#8221; para que o Chega adote posi\u00e7\u00f5es mais radicais, sobretudo na \u00e1rea da imigra\u00e7\u00e3o.<\/p>\n","protected":false},"excerpt":{"rendered":"O grupo extremista Reconquista, investigado pela Pol\u00edcia Judici\u00e1ria (PJ), j\u00e1 encontrou outro local para realizar o congresso anual.&hellip;\n","protected":false},"author":2,"featured_media":144119,"comment_status":"","ping_status":"","sticky":false,"template":"","format":"standard","meta":{"footnotes":""},"categories":[8],"tags":[27,28,1736,9041,31720,15,16,14,25,26,21,22,12,13,19,20,52,32,23,24,33,31721,17,18,29,30,31,21377],"class_list":{"0":"post-144118","1":"post","2":"type-post","3":"status-publish","4":"format-standard","5":"has-post-thumbnail","7":"category-principais-noticias","8":"tag-breaking-news","9":"tag-breakingnews","10":"tag-chega","11":"tag-extrema-direita","12":"tag-extremismo","13":"tag-featured-news","14":"tag-featurednews","15":"tag-headlines","16":"tag-latest-news","17":"tag-latestnews","18":"tag-main-news","19":"tag-mainnews","20":"tag-news","21":"tag-noticias","22":"tag-noticias-principais","23":"tag-noticiasprincipais","24":"tag-politica","25":"tag-portugal","26":"tag-principais-noticias","27":"tag-principaisnoticias","28":"tag-pt","29":"tag-remigracao","30":"tag-top-stories","31":"tag-topstories","32":"tag-ultimas","33":"tag-ultimas-noticias","34":"tag-ultimasnoticias","35":"tag-xenofobia"},"share_on_mastodon":{"url":"https:\/\/pubeurope.com\/@pt\/115513845711390089","error":""},"_links":{"self":[{"href":"https:\/\/www.europesays.com\/pt\/wp-json\/wp\/v2\/posts\/144118","targetHints":{"allow":["GET"]}}],"collection":[{"href":"https:\/\/www.europesays.com\/pt\/wp-json\/wp\/v2\/posts"}],"about":[{"href":"https:\/\/www.europesays.com\/pt\/wp-json\/wp\/v2\/types\/post"}],"author":[{"embeddable":true,"href":"https:\/\/www.europesays.com\/pt\/wp-json\/wp\/v2\/users\/2"}],"replies":[{"embeddable":true,"href":"https:\/\/www.europesays.com\/pt\/wp-json\/wp\/v2\/comments?post=144118"}],"version-history":[{"count":0,"href":"https:\/\/www.europesays.com\/pt\/wp-json\/wp\/v2\/posts\/144118\/revisions"}],"wp:featuredmedia":[{"embeddable":true,"href":"https:\/\/www.europesays.com\/pt\/wp-json\/wp\/v2\/media\/144119"}],"wp:attachment":[{"href":"https:\/\/www.europesays.com\/pt\/wp-json\/wp\/v2\/media?parent=144118"}],"wp:term":[{"taxonomy":"category","embeddable":true,"href":"https:\/\/www.europesays.com\/pt\/wp-json\/wp\/v2\/categories?post=144118"},{"taxonomy":"post_tag","embeddable":true,"href":"https:\/\/www.europesays.com\/pt\/wp-json\/wp\/v2\/tags?post=144118"}],"curies":[{"name":"wp","href":"https:\/\/api.w.org\/{rel}","templated":true}]}}