{"id":144122,"date":"2025-11-08T11:32:25","date_gmt":"2025-11-08T11:32:25","guid":{"rendered":"https:\/\/www.europesays.com\/pt\/144122\/"},"modified":"2025-11-08T11:32:25","modified_gmt":"2025-11-08T11:32:25","slug":"fora-de-secret-story-lidia-faz-esclarecimento-que-envolve-dylan-eu-nao-sou-assim","status":"publish","type":"post","link":"https:\/\/www.europesays.com\/pt\/144122\/","title":{"rendered":"Fora de &#8220;Secret Story&#8221;, L\u00eddia faz esclarecimento que envolve Dylan: &#8220;Eu n\u00e3o sou assim&#8221;"},"content":{"rendered":"<p>L\u00eddia Rodrigues exp\u00f4s, esta sexta-feira, dia 7, no Instagram, uma mensagem que recebeu de um telespectador da nona edi\u00e7\u00e3o de &#8220;<a href=\"https:\/\/tvi.iol.pt\/secretstory\/\" target=\"_blank\" rel=\"nofollow noopener\">Secret Story<\/a> &#8211; Casa dos Segredos&#8221;, que aponta o dedo \u00e0 ex-concorrente do reality show da <a href=\"https:\/\/tvi.iol.pt\/\" target=\"_blank\" rel=\"nofollow noopener\">TVI<\/a> por causa de Dylan Fonte.<\/p>\n<p>&#8220;Houve algu\u00e9m dentro da casa que disse que ia ajudar-te nesse sonho e o que tu fizeste? Por likes e por fama, passaste a rasgar a pessoa de alto abaixo e fazer quest\u00e3o de dizeres que ele \u00e9 m\u00e1 pessoa e oportunista e juntaste-te a algu\u00e9m que o agrediu e, com orgulho, disseste que mereceu.\u00a0Quando se julga os outros, temos de olhar para n\u00f3s, porque cada pessoa faz com o seu corpo o que quiser, seja por que motivo. Julgamentos, toda a gente faz. Pior \u00e9 quando o fazem por fama e likes ou porque se vai em carneiradas. Enfim, mais um aproveitamento&#8221;, acusou a pessoa em quest\u00e3o.<\/p>\n<p><a href=\"https:\/\/selfie.iol.pt\/famosos\/casa-dos-segredos-9\/fora-de-secret-story-lidia-revolta-se-com-afirmacao-de-ana-cristina-so-consigo-sentir-tristeza-e-desilusao\/20251107\/690e110ed34e3caad84b0753\" target=\"_blank\" rel=\"nofollow noopener\">L\u00eddia Rodrigues<\/a> n\u00e3o s\u00f3 mostrou a mensagem como a resposta que deu \u00e0 mesma. &#8220;O [facto de] Dylan ser meu amigo n\u00e3o significa que eu concorde com o jogo dele, da mesma forma que ele tamb\u00e9m j\u00e1 disse v\u00e1rias vezes que n\u00e3o concordava com o meu. E isso n\u00e3o o torna numa m\u00e1 pessoa&#8221;, salientou a tar\u00f3loga.<\/p>\n<p>&#8220;Dizer que acho o Dylan demasiado emocional n\u00e3o \u00e9 &#8216;rasg\u00e1-lo&#8217;, \u00e9 apenas uma opini\u00e3o e ele pr\u00f3prio sabe que \u00e9 uma caracter\u00edstica que tem. Sou amiga da Liliana [Oliveira] e do Z\u00e9 [Jos\u00e9 Andrade] e falar com um n\u00e3o significa estar contra o outro. \u00c9 exatamente o mesmo que se passa com a Vera [Cl\u00e1udia] e com o Dylan. Jamais me ouviste dizer que a agress\u00e3o foi &#8216;bem merecida&#8217;, porque agress\u00e3o \u00e9 agress\u00e3o e n\u00e3o \u00e9 merecida por ningu\u00e9m&#8221;, defendeu a ex-participante de &#8220;Secret Story &#8211; Casa dos Segredos&#8221;, rematando: &#8220;Lamento se, para ti, ser amigo \u00e9 &#8216;passar a m\u00e3o pelas costas&#8217; e fingir que se concorda com tudo. Eu n\u00e3o sou assim. Quando me mostram algo com que n\u00e3o concordo, fa\u00e7o quest\u00e3o de dar a minha opini\u00e3o com respeito, mas com verdade.&#8221;<\/p>\n<p>Veja, agora, v\u00eddeos de <a href=\"https:\/\/selfie.iol.pt\/famosos\/casa-dos-segredos-9\/secret-story-apos-rumores-familia-de-dylan-deixa-garantia-que-envolve-votacoes\/20251023\/68fa5868d34ee0c2fed19969\" target=\"_blank\" rel=\"nofollow noopener\">Dylan Fonte<\/a> em &#8220;Secret Story &#8211; Casa dos Segredos&#8221;.<\/p>\n<p style=\"text-align:center\"><img loading=\"lazy\" decoding=\"async\" alt=\"\" height=\"889\" src=\"https:\/\/www.europesays.com\/pt\/wp-content\/uploads\/2025\/11\/690e51b6d34e2bd5c6d3c376.webp\" width=\"500\"\/><\/p>\n<p>\u00a0<\/p>\n","protected":false},"excerpt":{"rendered":"L\u00eddia Rodrigues exp\u00f4s, esta sexta-feira, dia 7, no Instagram, uma mensagem que recebeu de um telespectador da nona&hellip;\n","protected":false},"author":2,"featured_media":144123,"comment_status":"","ping_status":"","sticky":false,"template":"","format":"standard","meta":{"footnotes":""},"categories":[142],"tags":[2632,13471,6338,19105,21040,114,115,6309,980,1015,24885,19044,26090,19016,24883,619,32,33,1315,6985,16687,16686,1012,6986,16688,151,162,11841,24887,975,12308],"class_list":{"0":"post-144122","1":"post","2":"type-post","3":"status-publish","4":"format-standard","5":"has-post-thumbnail","7":"category-tv","8":"tag-casa-dos-segredos","9":"tag-casa-dos-segredos-9","10":"tag-concorrente","11":"tag-dylan","12":"tag-dylan-fonte","13":"tag-entertainment","14":"tag-entretenimento","15":"tag-ex-concorrente","16":"tag-famosos","17":"tag-instagram","18":"tag-jose-andrade","19":"tag-lidia","20":"tag-lidia-rodrigues","21":"tag-liliana","22":"tag-liliana-oliveira","23":"tag-nacional","24":"tag-portugal","25":"tag-pt","26":"tag-secret-story","27":"tag-secret-story-casa-dos-segredos","28":"tag-secret-story-casa-dos-segredos-9","29":"tag-secret-story-9","30":"tag-selfie","31":"tag-ss","32":"tag-ss9","33":"tag-tv","34":"tag-tvi","35":"tag-vera","36":"tag-vera-claudia","37":"tag-ze","38":"tag-ze-pedro"},"share_on_mastodon":{"url":"https:\/\/pubeurope.com\/@pt\/115513861940473724","error":""},"_links":{"self":[{"href":"https:\/\/www.europesays.com\/pt\/wp-json\/wp\/v2\/posts\/144122","targetHints":{"allow":["GET"]}}],"collection":[{"href":"https:\/\/www.europesays.com\/pt\/wp-json\/wp\/v2\/posts"}],"about":[{"href":"https:\/\/www.europesays.com\/pt\/wp-json\/wp\/v2\/types\/post"}],"author":[{"embeddable":true,"href":"https:\/\/www.europesays.com\/pt\/wp-json\/wp\/v2\/users\/2"}],"replies":[{"embeddable":true,"href":"https:\/\/www.europesays.com\/pt\/wp-json\/wp\/v2\/comments?post=144122"}],"version-history":[{"count":0,"href":"https:\/\/www.europesays.com\/pt\/wp-json\/wp\/v2\/posts\/144122\/revisions"}],"wp:featuredmedia":[{"embeddable":true,"href":"https:\/\/www.europesays.com\/pt\/wp-json\/wp\/v2\/media\/144123"}],"wp:attachment":[{"href":"https:\/\/www.europesays.com\/pt\/wp-json\/wp\/v2\/media?parent=144122"}],"wp:term":[{"taxonomy":"category","embeddable":true,"href":"https:\/\/www.europesays.com\/pt\/wp-json\/wp\/v2\/categories?post=144122"},{"taxonomy":"post_tag","embeddable":true,"href":"https:\/\/www.europesays.com\/pt\/wp-json\/wp\/v2\/tags?post=144122"}],"curies":[{"name":"wp","href":"https:\/\/api.w.org\/{rel}","templated":true}]}}