{"id":144193,"date":"2025-11-08T12:46:15","date_gmt":"2025-11-08T12:46:15","guid":{"rendered":"https:\/\/www.europesays.com\/pt\/144193\/"},"modified":"2025-11-08T12:46:15","modified_gmt":"2025-11-08T12:46:15","slug":"casa-modernista-esta-abandonada-no-lago-sul","status":"publish","type":"post","link":"https:\/\/www.europesays.com\/pt\/144193\/","title":{"rendered":"casa modernista est\u00e1 abandonada no Lago Sul"},"content":{"rendered":"<p dir=\"ltr\">Paredes descascadas e pichadas, alambrado ca\u00eddo, buracos no port\u00e3o, telhas soltas, calhas prestes a desabar, piscina furada, um matagal que cresce onde antes havia um jardim agora \u00e9 ambiente prop\u00edcio para prolifera\u00e7\u00e3o de mosquitos. A cena chama a aten\u00e7\u00e3o de quem passa pela QL 8 do Lago Sul, onde est\u00e1 localizada a Resid\u00eancia C\u00e9sar Prates, uma das obras assinadas por um dos principais nomes da arquitetura brasileira, Jo\u00e3o Filgueiras Lima, o Lel\u00e9. Pertencente \u00e0 Embaixada da \u00c1frica do Sul, a casa est\u00e1 abandonada h\u00e1 mais de uma d\u00e9cada. Al\u00e9m do descuido com um <a href=\"https:\/\/www.correiobraziliense.com.br\/cidades-df\/2025\/07\/7188985-fundacao-athos-bulcao-ganha-casa-apos-16-anos-de-espera-no-df.html\" target=\"_blank\" rel=\"nofollow noopener\">patrim\u00f4nio de valor hist\u00f3rico e urban\u00edstico<\/a>, a situa\u00e7\u00e3o preocupa os moradores da regi\u00e3o, que temem pela seguran\u00e7a, sa\u00fade e desvaloriza\u00e7\u00e3o da quadra.<\/p>\n<p class=\"texto\">Projetada em 1961, essa foi a primeira resid\u00eancia constru\u00edda por Lel\u00e9 na capital, a pedido de\u00a0C\u00e9sar Prates, amigo e assessor do <a href=\"https:\/\/www.correiobraziliense.com.br\/cbradar\/a-cidade-brasileira-ideal-para-morar-bem-e-receber-salarios-acima-da-media\/\" target=\"_blank\" rel=\"nofollow noopener\">ex-presidente JK<\/a>.\u00a0Conhecido pelas obras da rede de hospitais Sarah, o arquiteto aplicou na resid\u00eancia, uma esp\u00e9cie de assinatura de seus projetos: os chamados \u201csheds\u201d, que proporcionam ilumina\u00e7\u00e3o e ventila\u00e7\u00e3o naturais. Al\u00e9m da integra\u00e7\u00e3o entre os espa\u00e7os internos e externos e o emprego de materiais aparentes, como pedra bruta, madeira e concreto.\u00a0<\/p>\n<p class=\"texto\">No t\u00e9rreo, est\u00e3o as \u00e1reas sociais e de servi\u00e7o. J\u00e1 no pavimento superior, ficam os quartos. O jardim interno que, antes garantia luminosidade e ventila\u00e7\u00e3o cruzada, hoje permanece tomado pelo mato. Al\u00e9m disso, os pain\u00e9is treli\u00e7ados de madeira, presente na maior parte da casa, eram caracter\u00edsticas da arquitetura moderna brasileira que filtravam a luz e asseguravam privacidade.<\/p>\n<p class=\"texto\">Para o arquiteto e urbanista Adalberto Vilela, professor da Universidade de Bras\u00edlia (UnB) e autor de um estudo de mestrado sobre o im\u00f3vel, a resid\u00eancia explica o in\u00edcio da trajet\u00f3ria de Lel\u00e9. \u201cO im\u00f3vel\u00a0mostra o momento em que ele estava muito vinculado\u00a0 a uma vertente da arquitetura brasileira que valorizava materiais naturais e uma espacialidade leve, fluida. O uso de madeira, pedra e muxarabi, aquelas venezianas de madeira, tudo est\u00e1 diretamente ligado a essa tradi\u00e7\u00e3o\u201d, completa.<\/p>\n<p class=\"texto\">O arquiteto lembra que, quando visitou o im\u00f3vel em 2011, j\u00e1 encontrou sinais do abandono que hoje se agravaram. \u201cA casa estava vazia, com caixas empilhadas no t\u00e9rreo, como se fosse um dep\u00f3sito. Mas ainda dava para ver a intelig\u00eancia do projeto. A escada, por exemplo, \u00e9 uma obra-prima de design. Ela \u00e9 toda suspensa, sem tocar o ch\u00e3o, apoiada por pinos met\u00e1licos. \u00c9 um exemplo de economia de material e leveza estrutural\u201d, lembra.<\/p>\n<p class=\"texto\">Outro destaque era o sistema criado por Lel\u00e9 para umidificar o ambiente interno, algo que considerava essencial em suas cria\u00e7\u00f5es pelo clima seco de Bras\u00edlia. \u201cUma das paredes da sala era revestida por pedras naturais, e nelas havia um sistema de gotejamento de \u00e1gua. Essa \u00e1gua escorria lentamente pelas rochas e era drenada por uma calha no rodap\u00e9, umidificando o ar do ambiente. Isso mostra como Lel\u00e9 se preocupava com o conforto e bem-estar clim\u00e1tico do morador, muito antes de se falar em sustentabilidade\u201d.<\/p>\n<p class=\"texto\">Filha de Lel\u00e9, Adriana Filgueiras Lima \u00e9 arquiteta como o pai, e\u00a0fica triste\u00a0ao ver a deteriora\u00e7\u00e3o da casa que ele projetou. Ela descreve a casa com carinho, lembrando dos detalhes como o espelho d&#8217;\u00e1gua e os jardins que apreciava na inf\u00e2ncia.\u00a0&#8220;Lamento o estado atual. \u00c9 um desrespeito ao trabalho do meu pai. Aquela casa era linda. Eu adorava ir com o meu pai visitar&#8221;.<\/p>\n<p class=\"texto\">Adriana teme que a Embaixada deixe a casa se deteriorar para demoli-la. Ela acredita que a casa merece ser restaurada, mantendo suas caracter\u00edsticas originais, e se disp\u00f5e a participar da restaura\u00e7\u00e3o.\u00a0&#8220;A sensa\u00e7\u00e3o que eu tenho \u00e9 que eles querem acabar com a casa para construir outra coisa. Eu gostaria que ela fosse restaurada. Ela tem um valor t\u00e3o grande&#8221;, observou.<\/p>\n<p>Inseguran\u00e7a<\/p>\n<p class=\"texto\">Mas, fora dos livros e das an\u00e1lises arquitet\u00f4nicas, o que resta hoje \u00e9 um cen\u00e1rio de deteriora\u00e7\u00e3o e inc\u00f4modo. A beleza foi substitu\u00edda por ferrugem, rachaduras, picha\u00e7\u00f5es e vandalismo.\u00a0<\/p>\n<p class=\"texto\">Entre os vizinhos, o sentimento \u00e9 de abandono e frustra\u00e7\u00e3o. A servidora p\u00fablica Andrea Pires Figueiredo, de 52 anos, mora ao lado da resid\u00eancia e convive de perto com os problemas causados pela falta de manuten\u00e7\u00e3o. \u201cN\u00f3s sentimos, diariamente, os transtornos decorrentes do abandono da casa. Temos que conviver com a falta de seguran\u00e7a e com os problemas sanit\u00e1rios como ac\u00famulo de \u00e1gua, rato, roubo. A gente reclama, mas nada acontece. Ou vendem o im\u00f3vel, ou reformam. \u00c9 isso que a gente espera\u201d, disse.<\/p>\n<p class=\"texto\">Andrea lembra que, h\u00e1 alguns anos, a casa chegou a ser usada como dep\u00f3sito. \u201cUm caminh\u00e3o parou aqui, eu pedi para o motorista cuidar da piscina, porque estava cheia de \u00e1gua parada. Ele disse que ia avisar. Dias depois, o pessoal da embaixada apareceu perguntando se t\u00ednhamos visto movimento na casa. Eu contei sobre o caminh\u00e3o, e eles disseram que n\u00e3o sabiam de nada. Quando voltaram, descobriram que o caminh\u00e3o estava roubando os m\u00f3veis da casa. Depois disso, a casa ficou completamente vazia, e sem nenhuma seguran\u00e7a. Roubaram lumin\u00e1rias, fia\u00e7\u00e3o, tudo o que podiam levar\u201d, conta.<\/p>\n<p class=\"texto\">A advogada Ana Cristina Santana, 67, expressa indigna\u00e7\u00e3o com o estado da casa, que tem causado doen\u00e7as em seus familiares, e em todos os vizinhos, com os focos de dengue pelos objetos que ficam com \u00e1gua empossada no local. Al\u00e9m de atrair ratos e baratas, aumentando a sensa\u00e7\u00e3o de inseguran\u00e7a na rua. \u201cEst\u00e1 causando muitos problemas para todos n\u00f3s, principalmente, dengue. Ano passado, meus netos e genros passaram mal. Todo ano essa doen\u00e7a pega os moradores porque o lote est\u00e1 completamente abandonado. Agora furaram o piso da piscina, mas ainda tem calha caindo, telha pendurada. A vizinha de muro jogava do andar de cima cloro na piscina, para evitar dengue\u201d.<\/p>\n<p class=\"texto\">Preocupada com os riscos \u00e0 sa\u00fade, Ana Cristina pede apoio do Estado para solucionar a situa\u00e7\u00e3o. \u201cN\u00f3s estamos correndo v\u00e1rios riscos. N\u00e3o sabemos o que fazer. \u00c9 uma falta de respeito. E isso desvaloriza o nosso im\u00f3vel. Ningu\u00e9m quer correr risco de vida\u201d.<\/p>\n<p>Veja como est\u00e1 a resid\u00eancia:<\/p>\n<ul class=\"glide__slides\" style=\"transition: transform 0ms cubic-bezier(0.165, 0.84, 0.44, 1) 0s; width: 2800px; transform: translate3d(0px, 0px, 0px);\">&#13;<br \/>\n            &#13;<\/p>\n<li class=\"glide__slide glide__slide--active\" style=\"width: 685px; margin-right: 10px;\">&#13;<br \/>\n                <img decoding=\"async\" src=\"https:\/\/www.europesays.com\/pt\/wp-content\/uploads\/2025\/11\/1_mj3010-13-60470605.jpg\" loading=\"lazy\" width=\"685\" height=\"470\" alt=\"Nos fundos da casa, alambrado desabou ap\u00f3s chuva\"\/>&#13;<\/p>\n<p>                    &#13;<br \/>\n                        &#13;<\/p>\n<p>Nos fundos da casa, alambrado desabou ap\u00f3s chuva&#13;<br \/>\n                        Minervino J\u00fanior\/CB\/D.A.Press&#13;\n                    <\/p>\n<p>                &#13;\n            <\/li>\n<p>&#13;<br \/>\n&#13;<\/p>\n<li class=\"glide__slide glide__slide--active\" style=\"width: 685px; margin-right: 10px;\">&#13;<br \/>\n                <img decoding=\"async\" src=\"https:\/\/www.europesays.com\/pt\/wp-content\/uploads\/2025\/11\/1_mj3010-24-60470681.jpg\" loading=\"lazy\" width=\"685\" height=\"470\" alt=\"Buraco no port\u00e3o permite a passagem de pessoas\"\/>&#13;<\/p>\n<p>                    &#13;<br \/>\n                        &#13;<\/p>\n<p>Buraco no port\u00e3o permite a passagem de pessoas&#13;<br \/>\n                        Minervino J\u00fanior\/CB\/D.A.Press&#13;\n                    <\/p>\n<p>                &#13;\n            <\/li>\n<p>&#13;<br \/>\n&#13;<\/p>\n<li class=\"glide__slide glide__slide--active\" style=\"width: 685px; margin-right: 10px;\">&#13;<br \/>\n                <img decoding=\"async\" src=\"https:\/\/www.europesays.com\/pt\/wp-content\/uploads\/2025\/11\/1_mj3010-34-60470701.jpg\" loading=\"lazy\" width=\"685\" height=\"470\" alt=\"Propriedade da Embaixada da \u00c1frica do Sul est\u00e1 depredada\"\/>&#13;<\/p>\n<p>                    &#13;<br \/>\n                        &#13;<\/p>\n<p>Propriedade da Embaixada da \u00c1frica do Sul est\u00e1 depredada&#13;<br \/>\n                        Minervino J\u00fanior\/CB\/D.A.Press&#13;\n                    <\/p>\n<p>                &#13;\n            <\/li>\n<p>&#13;<br \/>\n&#13;<\/p>\n<li id=\"taboola-widget-1-photo-gallery\" class=\"glide__slide taboola-widget\"\/>&#13;<br \/>\n            &#13;<br \/>\n            &#13;<br \/>\n            &#13;<br \/>\n            &#13;<\/p>\n<li class=\"glide__slide glide__slide--active\" style=\"width: 685px; margin-right: 10px;\">&#13;<br \/>\n                <img decoding=\"async\" src=\"https:\/\/www.europesays.com\/pt\/wp-content\/uploads\/2025\/11\/1_mj3010-35-60470703.jpg\" loading=\"lazy\" width=\"685\" height=\"470\" alt=\"Vizinhos reclamam de inseguran\u00e7a e descaso da Embaixada\"\/>&#13;<\/p>\n<p>                    &#13;<br \/>\n                        &#13;<\/p>\n<p>Vizinhos reclamam de inseguran\u00e7a e descaso da Embaixada&#13;<br \/>\n                        Minervino J\u00fanior\/CB\/D.A.Press&#13;\n                    <\/p>\n<p>                &#13;\n            <\/li>\n<p>&#13;<br \/>\n&#13;<\/p>\n<li class=\"glide__slide glide__slide--active\" style=\"width: 685px; margin-right: 10px;\">&#13;<br \/>\n                <img decoding=\"async\" src=\"https:\/\/www.europesays.com\/pt\/wp-content\/uploads\/2025\/11\/1_mj3010-39-60470711.jpg\" loading=\"lazy\" width=\"685\" height=\"470\" alt=\"Propriedade da Embaixada da \u00c1frica do Sul est\u00e1 depredada\"\/>&#13;<\/p>\n<p>                    &#13;<br \/>\n                        &#13;<\/p>\n<p>Propriedade da Embaixada da \u00c1frica do Sul est\u00e1 depredada&#13;<br \/>\n                        Minervino J\u00fanior\/CB\/D.A.Press&#13;\n                    <\/p>\n<p>                &#13;\n            <\/li>\n<p>&#13;<br \/>\n&#13;<\/p>\n<li class=\"glide__slide glide__slide--active\" style=\"width: 685px; margin-right: 10px;\">&#13;<br \/>\n                <img decoding=\"async\" src=\"https:\/\/www.europesays.com\/pt\/wp-content\/uploads\/2025\/11\/1_mj3010-40-60470713.jpg\" loading=\"lazy\" width=\"685\" height=\"470\" alt=\"Casa est\u00e1 completamente abandonada\"\/>&#13;<\/p>\n<p>                    &#13;<br \/>\n                        &#13;<\/p>\n<p>Casa est\u00e1 completamente abandonada&#13;<br \/>\n                        Minervino J\u00fanior\/CB\/D.A.Press&#13;\n                    <\/p>\n<p>                &#13;\n            <\/li>\n<p>&#13;<br \/>\n&#13;<\/p>\n<li id=\"taboola-widget-2-photo-gallery\" class=\"glide__slide taboola-widget\"\/>&#13;<br \/>\n            &#13;<br \/>\n            &#13;<br \/>\n            &#13;<br \/>\n            &#13;<\/p>\n<li class=\"glide__slide glide__slide--active\" style=\"width: 685px; margin-right: 10px;\">&#13;<br \/>\n                <img decoding=\"async\" src=\"https:\/\/www.europesays.com\/pt\/wp-content\/uploads\/2025\/11\/1_mj3010-41-60470715.jpg\" loading=\"lazy\" width=\"685\" height=\"470\" alt=\"Ferrugem tomou conta da casa\"\/>&#13;<\/p>\n<p>                    &#13;<br \/>\n                        &#13;<\/p>\n<p>Ferrugem tomou conta da casa&#13;<br \/>\n                        Minervino J\u00fanior\/CB\/D.A.Press&#13;\n                    <\/p>\n<p>                &#13;\n            <\/li>\n<p>&#13;<br \/>\n&#13;\n                                <\/ul>\n<p class=\"texto\">A m\u00e9dica Simone Corr\u00eaa, 58, mudou-se h\u00e1 apenas tr\u00eas meses para uma casa quase em frente \u00e0 Resid\u00eancia C\u00e9sar Prates. Para ela, al\u00e9m dos problemas de manuten\u00e7\u00e3o, a falta de cuidado transformou o local em ponto de vulnerabilidade. \u201cEssa semana, eu vi um homem entrando e saindo da casa duas vezes, provavelmente um morador de rua que j\u00e1 est\u00e1 habitando o im\u00f3vel. Isso nos deixa muito preocupados com a seguran\u00e7a. Com as primeiras chuvas, a cerca caiu e o quintal ficou completamente exposto. Tamb\u00e9m abriram um buraco no port\u00e3o, por onde uma pessoa consegue passar.\u201d<\/p>\n<p class=\"texto\">Simone ainda conta que os moradores j\u00e1 tentaram oferecer ajuda \u00e0 Embaixada, mas n\u00e3o obtiveram retorno. \u201cEstamos no cora\u00e7\u00e3o da capital, vendo uma obra de arte sendo totalmente depredada. \u00c9 de posse de uma Embaixada que n\u00e3o toma provid\u00eancias nem responde aos moradores. O arquiteto projetou s\u00edmbolos importantes de Bras\u00edlia, e essa casa deveria estar sendo preservada, n\u00e3o esquecida\u201d, relata.<\/p>\n<p class=\"texto\">Para o advogado H\u00e9lio Figueiredo J\u00fanior, 60, o caso ultrapassa o inc\u00f4modo da vizinhan\u00e7a e representa uma falta de respeito com o patrim\u00f4nio cultural de Bras\u00edlia. \u201cO que a gente pede \u00e9 que a Embaixada leve em considera\u00e7\u00e3o e tenha algum respeito com o pa\u00eds e com a cidade, porque essa casa tem uma caracter\u00edstica de patrim\u00f4nio cultural. \u00c9 um absurdo um pa\u00eds estrangeiro deixar como est\u00e1. Eu espero, sinceramente, que eles tomem uma provid\u00eancia, que eles respeitem o sentimento do cidad\u00e3o de Bras\u00edlia e das pessoas que lamentam o estado de degrada\u00e7\u00e3o desse im\u00f3vel, que \u00e9 muito relevante em termos arquitet\u00f4nicos.\u201d<\/p>\n<p class=\"texto\">O\u00a0<strong>Correio<\/strong>\u00a0entrou em contato com a Embaixada, que informou ter recebido, na manh\u00e3 seguinte, uma liga\u00e7\u00e3o do senhor Alcindo Li, representante do Cerimonial do Itamaraty. Segundo a resposta enviada, \u201ctodas as perguntas foram devidamente respondidas, e foram prestados esclarecimentos sobre a situa\u00e7\u00e3o atual do im\u00f3vel e o que ocorrer\u00e1 com ele\u201d. No entanto, a reportagem n\u00e3o obteve explica\u00e7\u00f5es detalhadas sobre a resid\u00eancia, e o Itamaraty n\u00e3o se responsabilizou por fornecer um retorno oficial sobre o caso.<\/p>\n<p class=\"texto\">A Secretaria de Sa\u00fade informou que \u00f3rg\u00e3os de fiscaliza\u00e7\u00e3o da sa\u00fade do DF n\u00e3o t\u00eam autoriza\u00e7\u00e3o para ingressar em territ\u00f3rio nacional sem a permiss\u00e3o do pa\u00eds ao qual pertence a embaixada. A Defesa Civil tamb\u00e9m n\u00e3o possui autoriza\u00e7\u00e3o para entrar na resid\u00eancia.<\/p>\n<p class=\"texto\"><strong><a href=\"https:\/\/whatsapp.com\/channel\/0029VaB1U9a002T64ex1Sy2w\" rel=\"nofollow noopener\" target=\"_blank\">Siga o canal do Correio no WhatsApp e receba as principais not\u00edcias do dia no seu celular<\/a><\/strong><\/p>\n<p dir=\"ltr\">\u00a0<\/p>\n<ul>\n<li><a href=\"https:\/\/wa.me\/?text=Legado+arquitet%C3%B4nico%3A+casa+modernista+est%C3%A1+abandonada+no+Lago+Sul%20https:\/\/www.correiobraziliense.com.br\/cidades-df\/2025\/11\/7283071-legado-arquitetonico-casa-modernista-esta-abandonada-no-lago-sul.html\" target=\"_blank\" title=\"Whatsapp\" aria-label=\"WhatsApp\" rel=\"nofollow noopener\"><\/a><\/li>\n<li><a href=\"https:\/\/www.facebook.com\/sharer.php?u=https:\/\/www.correiobraziliense.com.br%2Fcidades-df%2F2025%2F11%2F7283071-legado-arquitetonico-casa-modernista-esta-abandonada-no-lago-sul.html&amp;text=Legado+arquitet%C3%B4nico%3A+casa+modernista+est%C3%A1+abandonada+no+Lago+Sul\" target=\"_blank\" title=\"Facebook\" aria-label=\"Facebook\" rel=\"nofollow noopener\"><\/a><\/li>\n<li><a href=\"https:\/\/twitter.com\/intent\/tweet?url=https:\/\/www.correiobraziliense.com.br%2Fcidades-df%2F2025%2F11%2F7283071-legado-arquitetonico-casa-modernista-esta-abandonada-no-lago-sul.html&amp;text=Legado+arquitet%C3%B4nico%3A+casa+modernista+est%C3%A1+abandonada+no+Lago+Sul\" target=\"_blank\" title=\"Twitter\" aria-label=\"Twitter\" rel=\"nofollow noopener\"><\/a><\/li>\n<li><a href=\"https:\/\/profile.google.com\/cp\/CgovbS8wNzZ0dms1\" title=\"Google Discover\" target=\"_blank\" aria-label=\"Google Discover\" rel=\"nofollow noopener\"><img decoding=\"async\" src=\"https:\/\/www.europesays.com\/pt\/wp-content\/uploads\/2025\/10\/1761263228_86_google-discover-icon.png\" style=\"height: 25px; margin: 0 !important; margin-left: 3px;\" alt=\"Google Discover Icon\"\/><\/a><\/li>\n<\/ul>\n<p>              <a href=\"https:\/\/www.correiobraziliense.com.br\/autor\/giovanna-sfalsin\/page\/1\/\" style=\"height: 100%;\" rel=\"nofollow noopener\" target=\"_blank\"><img decoding=\"async\" class=\"hidden-print author-circle d-block h6 mt-0 mb-0 mr-6 text-center\" src=\"https:\/\/www.europesays.com\/pt\/wp-content\/uploads\/2025\/08\/a109cf55-e10f-49f9-ad91-760cef64074a-58631669.jpeg\" alt=\"\" width=\"40\" height=\"40\" loading=\"lazy\" style=\"object-fit:cover; width: 40px; height: 40px; margin-right:10px;\"\/><\/a><a href=\"https:\/\/www.correiobraziliense.com.br\/autor\/giovanna-sfalsin\/page\/1\/\" rel=\"nofollow noopener\" target=\"_blank\"><img decoding=\"async\" class=\"hidden-print author-circle d-block h6 mt-0 mb-0 mr-6 text-center\" src=\"https:\/\/www.europesays.com\/pt\/wp-content\/uploads\/2025\/08\/a109cf55-e10f-49f9-ad91-760cef64074a-58631669.jpeg\" alt=\"\" width=\"40\" height=\"40\" loading=\"lazy\" style=\"object-fit:cover; width: 40px; height: 40px; margin-right:10px;\"\/><\/a>Giovanna Sfalsin  <strong class=\"entryStrongAuthor\">Rep\u00f3rter<\/strong><\/p>\n<p class=\"entryDescricaoAuthor\">Graduanda de Jornalismo no Centro Universit\u00e1rio IESB, com experi\u00eancia na editoria de Cidades do Correio Braziliense e em assessoria de imprensa. Atualmente, rep\u00f3rter do CB-Online<\/p>\n<p><a href=\"https:\/\/www.correiobraziliense.com.br\/autor\/vitoria-torres\/page\/1\/\" style=\"height: 100%;\" rel=\"nofollow noopener\" target=\"_blank\"><img decoding=\"async\" class=\"hidden-print author-circle d-block h6 mt-0 mb-0 mr-6 text-center\" src=\"https:\/\/www.europesays.com\/pt\/wp-content\/uploads\/2025\/11\/img-1263--1--60671081.jpeg\" alt=\"\" width=\"40\" height=\"40\" loading=\"lazy\" style=\"object-fit:cover; width: 40px; height: 40px; margin-right:10px;\"\/><\/a><a href=\"https:\/\/www.correiobraziliense.com.br\/autor\/vitoria-torres\/page\/1\/\" rel=\"nofollow noopener\" target=\"_blank\"><img decoding=\"async\" class=\"hidden-print author-circle d-block h6 mt-0 mb-0 mr-6 text-center\" src=\"https:\/\/www.europesays.com\/pt\/wp-content\/uploads\/2025\/11\/img-1263--1--60671081.jpeg\" alt=\"\" width=\"40\" height=\"40\" loading=\"lazy\" style=\"object-fit:cover; width: 40px; height: 40px; margin-right:10px;\"\/><\/a>Vit\u00f3ria Torres  <strong class=\"entryStrongAuthor\">Rep\u00f3rter<\/strong><\/p>\n<p class=\"entryDescricaoAuthor\">Rep\u00f3rter na editoria de Cidades. Jornalista em forma\u00e7\u00e3o pela Universidade Cat\u00f3lica de Bras\u00edlia (UCB). Atuou nas editorias de Pol\u00edtica, Economia e Brasil.<\/p>\n<p>                          <script async src=\"https:\/\/platform.twitter.com\/widgets.js\" charset=\"utf-8\"><\/script><\/p>\n","protected":false},"excerpt":{"rendered":"Paredes descascadas e pichadas, alambrado ca\u00eddo, buracos no port\u00e3o, telhas soltas, calhas prestes a desabar, piscina furada, um&hellip;\n","protected":false},"author":2,"featured_media":144194,"comment_status":"","ping_status":"","sticky":false,"template":"","format":"standard","meta":{"footnotes":""},"categories":[144],"tags":[459,304,207,205,206,203,201,202,2019,31727,20671,315,204,114,115,16814,31730,31729,20672,11528,11529,419,32,19941,33,31728],"class_list":{"0":"post-144193","1":"post","2":"type-post","3":"status-publish","4":"format-standard","5":"has-post-thumbnail","7":"category-arte-e-design","8":"tag-arquiteto","9":"tag-arquitetura","10":"tag-arte","11":"tag-arte-e-design","12":"tag-artedesign","13":"tag-arts","14":"tag-arts-and-design","15":"tag-artsanddesign","16":"tag-casa","17":"tag-casa-abandonada","18":"tag-correio-braziliense","19":"tag-cultura","20":"tag-design","21":"tag-entertainment","22":"tag-entretenimento","23":"tag-historico","24":"tag-lago-sul","25":"tag-lele","26":"tag-noticias-do-df","27":"tag-noticias-do-dia","28":"tag-noticias-perto-de-mim","29":"tag-patrimonio","30":"tag-portugal","31":"tag-preservacao","32":"tag-pt","33":"tag-residencia"},"share_on_mastodon":{"url":"https:\/\/pubeurope.com\/@pt\/115514152606606504","error":""},"_links":{"self":[{"href":"https:\/\/www.europesays.com\/pt\/wp-json\/wp\/v2\/posts\/144193","targetHints":{"allow":["GET"]}}],"collection":[{"href":"https:\/\/www.europesays.com\/pt\/wp-json\/wp\/v2\/posts"}],"about":[{"href":"https:\/\/www.europesays.com\/pt\/wp-json\/wp\/v2\/types\/post"}],"author":[{"embeddable":true,"href":"https:\/\/www.europesays.com\/pt\/wp-json\/wp\/v2\/users\/2"}],"replies":[{"embeddable":true,"href":"https:\/\/www.europesays.com\/pt\/wp-json\/wp\/v2\/comments?post=144193"}],"version-history":[{"count":0,"href":"https:\/\/www.europesays.com\/pt\/wp-json\/wp\/v2\/posts\/144193\/revisions"}],"wp:featuredmedia":[{"embeddable":true,"href":"https:\/\/www.europesays.com\/pt\/wp-json\/wp\/v2\/media\/144194"}],"wp:attachment":[{"href":"https:\/\/www.europesays.com\/pt\/wp-json\/wp\/v2\/media?parent=144193"}],"wp:term":[{"taxonomy":"category","embeddable":true,"href":"https:\/\/www.europesays.com\/pt\/wp-json\/wp\/v2\/categories?post=144193"},{"taxonomy":"post_tag","embeddable":true,"href":"https:\/\/www.europesays.com\/pt\/wp-json\/wp\/v2\/tags?post=144193"}],"curies":[{"name":"wp","href":"https:\/\/api.w.org\/{rel}","templated":true}]}}