{"id":144217,"date":"2025-11-08T13:07:25","date_gmt":"2025-11-08T13:07:25","guid":{"rendered":"https:\/\/www.europesays.com\/pt\/144217\/"},"modified":"2025-11-08T13:07:25","modified_gmt":"2025-11-08T13:07:25","slug":"cristiana-jesus-revela-que-dois-ex-concorrrentes-voltaram-a-namorar-e-deixa-claudio-ramos-em-choque-dois-as-10","status":"publish","type":"post","link":"https:\/\/www.europesays.com\/pt\/144217\/","title":{"rendered":"Cristiana Jesus revela que dois ex-concorrrentes voltaram a namorar e deixa Cl\u00e1udio Ramos em &#8216;choque&#8217; &#8211; Dois \u00e0s 10"},"content":{"rendered":"<p>                        Durante o \u201cDois \u00e0s 10\u201d, Cristiana Jesus surpreendeu Cl\u00e1udio Ramos ao revelar que antigos concorrentes da \u201cCasa dos Segredos 7\u201d, voltaram a estar juntos.<\/p>\n<p data-end=\"484\" data-start=\"108\">A manh\u00e3 no <strong data-end=\"135\" data-start=\"119\">\u201cDois \u00e0s 10\u201d<\/strong> ficou marcada por um momento inesperado que deixou <strong data-end=\"204\" data-start=\"187\">Cl\u00e1udio Ramos<\/strong>\u00a0surpreendido. Durante a conversa sobre os casais mais marcantes do <strong data-end=\"306\" data-start=\"286\">\u201cSecret Story 9\u201d<\/strong>, o apresentador e <strong data-end=\"344\" data-start=\"325\">Cristiana Jesus<\/strong> come\u00e7aram a recordar antigas hist\u00f3rias de amor do universo da Casa dos Segredos \u2014 e foi a\u00ed que surgiu uma revela\u00e7\u00e3o que ningu\u00e9m esperava.<\/p>\n<p data-end=\"628\" data-start=\"486\">Ao lembrar o casal <strong data-end=\"525\" data-start=\"505\">Gabriela e C\u00e9sar<\/strong>, que protagonizou uma das rela\u00e7\u00f5es mais intensas da <strong data-end=\"601\" data-start=\"578\">Casa dos Segredos 7<\/strong>, Cl\u00e1udio Ramos comentou: <strong>\u201cEles brigavam muito\u2026 n\u00e3o sei se depois c\u00e1 fora n\u00e3o terminaram por causa disso.\u201d<\/strong><\/p>\n<p data-end=\"791\" data-start=\"715\">Foi ent\u00e3o que Cristiana Jesus, sem esconder o sorriso, revelou a novidade: <strong>\u201cEst\u00e3o bem outra vez!\u201d<\/strong>\u00a0A rea\u00e7\u00e3o de Cl\u00e1udio Ramos foi imediata e cheia de surpresa: <strong>\u201cEst\u00e3o juntos? A s\u00e9rio?\u201d<\/strong><\/p>\n<p data-end=\"1049\" data-start=\"912\">Entre risos, o apresentador dirigiu-se \u00e0 produ\u00e7\u00e3o do programa: <strong>\u201cTemos de os convidar! Eu era f\u00e3 da Gabriela na altura.\u201d<\/strong><\/p>\n<p data-end=\"1296\" data-start=\"1112\">A revela\u00e7\u00e3o apanhou todos de surpresa e reacendeu a curiosidade sobre a hist\u00f3ria de <strong data-end=\"1216\" data-start=\"1196\">Gabriela e C\u00e9sar<\/strong>, um dos casais mais intensos e comentados da hist\u00f3ria do reality show da TVI.<\/p>\n","protected":false},"excerpt":{"rendered":"Durante o \u201cDois \u00e0s 10\u201d, Cristiana Jesus surpreendeu Cl\u00e1udio Ramos ao revelar que antigos concorrentes da \u201cCasa dos&hellip;\n","protected":false},"author":2,"featured_media":144218,"comment_status":"","ping_status":"","sticky":false,"template":"","format":"standard","meta":{"footnotes":""},"categories":[85],"tags":[8402,329,8660,166,3412,3406,3409,801,3410,3411,3407,3408,114,115,12409,3413,338,32,33],"class_list":{"0":"post-144217","1":"post","2":"type-post","3":"status-publish","4":"format-standard","5":"has-post-thumbnail","7":"category-entretenimento","8":"tag-cesar-matoso","9":"tag-claudio-ramos","10":"tag-cristiana-jesus","11":"tag-cristina-ferreira","12":"tag-dois-10","13":"tag-dois-a-s-10-dois-a-s-10","14":"tag-dois-a-s-dez","15":"tag-dois-as-10","16":"tag-dois-as-dez","17":"tag-dois-dez","18":"tag-doisas10","19":"tag-doisasdez","20":"tag-entertainment","21":"tag-entretenimento","22":"tag-gabriela","23":"tag-manha-tvi","24":"tag-maria-botelho-moniz","25":"tag-portugal","26":"tag-pt"},"share_on_mastodon":{"url":"https:\/\/pubeurope.com\/@pt\/115514234827588249","error":""},"_links":{"self":[{"href":"https:\/\/www.europesays.com\/pt\/wp-json\/wp\/v2\/posts\/144217","targetHints":{"allow":["GET"]}}],"collection":[{"href":"https:\/\/www.europesays.com\/pt\/wp-json\/wp\/v2\/posts"}],"about":[{"href":"https:\/\/www.europesays.com\/pt\/wp-json\/wp\/v2\/types\/post"}],"author":[{"embeddable":true,"href":"https:\/\/www.europesays.com\/pt\/wp-json\/wp\/v2\/users\/2"}],"replies":[{"embeddable":true,"href":"https:\/\/www.europesays.com\/pt\/wp-json\/wp\/v2\/comments?post=144217"}],"version-history":[{"count":0,"href":"https:\/\/www.europesays.com\/pt\/wp-json\/wp\/v2\/posts\/144217\/revisions"}],"wp:featuredmedia":[{"embeddable":true,"href":"https:\/\/www.europesays.com\/pt\/wp-json\/wp\/v2\/media\/144218"}],"wp:attachment":[{"href":"https:\/\/www.europesays.com\/pt\/wp-json\/wp\/v2\/media?parent=144217"}],"wp:term":[{"taxonomy":"category","embeddable":true,"href":"https:\/\/www.europesays.com\/pt\/wp-json\/wp\/v2\/categories?post=144217"},{"taxonomy":"post_tag","embeddable":true,"href":"https:\/\/www.europesays.com\/pt\/wp-json\/wp\/v2\/tags?post=144217"}],"curies":[{"name":"wp","href":"https:\/\/api.w.org\/{rel}","templated":true}]}}