{"id":144225,"date":"2025-11-08T13:26:07","date_gmt":"2025-11-08T13:26:07","guid":{"rendered":"https:\/\/www.europesays.com\/pt\/144225\/"},"modified":"2025-11-08T13:26:07","modified_gmt":"2025-11-08T13:26:07","slug":"a-semente-com-121-fitoquimicos-que-desliga-a-inflamacao-no-corpo","status":"publish","type":"post","link":"https:\/\/www.europesays.com\/pt\/144225\/","title":{"rendered":"A semente com 121 fitoqu\u00edmicos que &#8216;desliga&#8217; a inflama\u00e7\u00e3o no corpo"},"content":{"rendered":"<p>A busca pela longevidade e o combate \u00e0s doen\u00e7as cr\u00f4nicas ganharam um novo cap\u00edtulo emocionante. Uma pesquisa inovadora, detalhada no v\u00eddeo \u201cThis Food Reversed My Immune Age by 47% in 90 Days\u201d do m\u00e9dico Mark Hyman, revelou uma semente capaz de reverter a idade do sistema imunol\u00f3gico em impressionantes 47% em apenas 90 dias.<\/p>\n<p>Continua depois da publicidade<\/p>\n<p>Este resultado abriu as portas para uma nova era do \u201cimuno rejuvenescimento\u201d, desafiando a no\u00e7\u00e3o de que o decl\u00ednio da sa\u00fade \u00e9 inevit\u00e1vel e acelerado. Mark Hyman enfatiza que esta \u00e9 uma das descobertas mais importantes dos \u00faltimos anos.<\/p>\n<p>Mas como um alimento pode ser t\u00e3o poderoso? A resposta est\u00e1 na inflama\u00e7\u00e3o cr\u00f4nica. Hyman explica que a inflama\u00e7\u00e3o, frequentemente silenciosa, \u00e9 o elo comum por tr\u00e1s de todas as doen\u00e7as cr\u00f4nicas que enfrentamos hoje, incluindo doen\u00e7as card\u00edacas, c\u00e2ncer, diabetes, dem\u00eancia e at\u00e9 problemas de sa\u00fade mental.<\/p>\n<p>Portanto, modular essa resposta inflamat\u00f3ria \u00e9 crucial. O m\u00e9dico Jeff Bland complementa que este alimento age regulando a forma como os genes reagem ao ambiente, reduzindo o \u201cfogo\u201d interno que acelera o envelhecimento.<\/p>\n<p>Continua depois da publicidade<\/p>\n<p>Este ingrediente milenar, o Trigo Sarraceno T\u00e1rtaro do Himalaia, atua como \u201cinforma\u00e7\u00e3o\u201d para nossas c\u00e9lulas. Em vez de aceitar o decl\u00ednio, Bland sugere que devemos focar no ambiente, pois \u201cos nossos genes permaneceram os mesmos, mas o ambiente ao qual est\u00e3o expostos mudou dramaticamente\u201d, disse no v\u00eddeo.<\/p>\n<p>A raiz da epidemia de doen\u00e7as cr\u00f4nicas<\/p>\n<p>Por que vivemos em uma epidemia de doen\u00e7as cr\u00f4nicas? Jeff Bland esclarece que a resposta n\u00e3o est\u00e1 na muta\u00e7\u00e3o gen\u00e9tica, mas sim no ambiente. Em menos de 100 anos, introduzimos 50 mil novos produtos qu\u00edmicos de toxicologia desconhecida no meio ambiente e aumentamos drasticamente os padr\u00f5es de estresse.<\/p>\n<p>Para o especialista, os nossos genes n\u00e3o tiveram tempo de se adaptar a essas mudan\u00e7as radicais em um per\u00edodo de tempo t\u00e3o curto na hist\u00f3ria humana.<\/p>\n<p>Continua depois da publicidade<\/p>\n<p>ATamb\u00e9m houve uma dram\u00e1tica simplifica\u00e7\u00e3o da nossa alimenta\u00e7\u00e3o. Bland menciona que, embora existam 30 mil alimentos comest\u00edveis no mundo, impressionantes 90% das nossas calorias prov\u00eam de menos de oito alimentos.<\/p>\n<p>Deste modo, nossos genes, que nunca souberam que seriam expostos a tais condi\u00e7\u00f5es, reagem com o que a medicina chama de doen\u00e7a, mas que \u00e9, na verdade, uma \u201cm\u00e1-adapta\u00e7\u00e3o\u201d a este novo ambiente carregado.<\/p>\n<p>Mark Hyman refor\u00e7a que essa sobrecarga faz com que o sistema imunol\u00f3gico esteja sempre \u201cligado,\u201d reagindo com inflama\u00e7\u00e3o. A inflama\u00e7\u00e3o que sentimos \u00e9 o sistema imunol\u00f3gico \u201ca lutar\u201d contra as circunst\u00e2ncias ruins, como uma dieta pobre ou a exposi\u00e7\u00e3o a toxinas ambientais, e essa ativa\u00e7\u00e3o cr\u00f4nica \u00e9 o fogo lento que destr\u00f3i o corpo.<\/p>\n<p>Continua depois da publicidade<\/p>\n<p>A conex\u00e3o entre inflama\u00e7\u00e3o e idade imunol\u00f3gica<\/p>\n<p>Em seguida, a ci\u00eancia moderna finalmente conecta essa inflama\u00e7\u00e3o cr\u00f4nica n\u00e3o apenas a doen\u00e7as, mas ao pr\u00f3prio processo de envelhecimento. Hyman cita que, se pud\u00e9ssemos medir apenas uma coisa para determinar o ano de nossa morte, seria a idade do nosso sistema imunol\u00f3gico, o que o torna o melhor preditor de longevidade. Essa idade \u00e9 medida atrav\u00e9s de testes epigen\u00e9ticos sofisticados que observam a express\u00e3o dos genes.<\/p>\n<p>O ponto de virada \u00e9 modular como os genes do sistema imunol\u00f3gico respondem ao ambiente. A maior parte da fun\u00e7\u00e3o do nosso sistema imune n\u00e3o \u00e9 heredit\u00e1ria, mas sim alterada pelo ambiente e pelo estilo de vida. Portanto, \u00e9 essencial passar de um estilo de vida inflamat\u00f3rio para um anti-inflamat\u00f3rio, intervindo com dieta, sono, estresse e fitoqu\u00edmicos.<\/p>\n<p>Bland ilustra a inflama\u00e7\u00e3o com a obesidade, mencionando que existe a \u201cgordura amig\u00e1vel\u201d e a \u201cgordura zangada\u201d. A gordura se torna \u201czangada\u201d quando c\u00e9lulas imunol\u00f3gicas, como os macr\u00f3fagos, se comunicam com as c\u00e9lulas de gordura e as irritam, enviando marcadores inflamat\u00f3rios. Para ele, o tratamento \u00e9 eliminar a \u201craiva\u201d que o sistema imune recebe, frequentemente originada no intestino.<\/p>\n<p>Continua depois da publicidade<\/p>\n<p>O superalimento que reverte o envelhecimento<\/p>\n<p>E agora, o ingrediente que se mostrou um poderoso rejuvenescedor imunol\u00f3gico, tema principal do v\u00eddeo: o Trigo Sarraceno T\u00e1rtaro do Himalaia (Himalayan Tartary Buckwheat).<\/p>\n<p>Essa semente de fruta ancestral, frequentemente negligenciada, \u00e9 rica em mais fitoqu\u00edmicos do que quase qualquer outra planta conhecida. Ela possui 121 fitoqu\u00edmicos diferentes da fam\u00edlia dos polifen\u00f3is que regulam o sistema imunol\u00f3gico.<\/p>\n<p>Avan\u00e7ando neste tema, um estudo cl\u00ednico realizado por Jeff Bland e sua equipe forneceu resultados extraordin\u00e1rios. Os participantes consumiram um n\u00edvel enriquecido desses polifen\u00f3is por 90 dias, sem alterar o resto da dieta. Posteriormente, a an\u00e1lise revelou que alguns padr\u00f5es epigen\u00e9ticos nas c\u00e9lulas imunol\u00f3gicas foram alterados em at\u00e9 20 vezes (2.000%), um efeito massivo.<\/p>\n<p>Continua depois da publicidade<\/p>\n<p>O resultado se traduziu em um rejuvenescimento de 47% da idade imunol\u00f3gica dos participantes. Os especialistas destacam que esse efeito nunca havia sido demonstrado antes com um \u00fanico alimento. Este alimento fornece a \u201cinforma\u00e7\u00e3o\u201d de que nossos corpos precisam para otimizar a sa\u00fade, pois, al\u00e9m dos polifen\u00f3is, \u00e9 rico em fibras prebi\u00f3ticas, zinco, magn\u00e9sio e tem uma utilizabilidade proteica pr\u00f3xima \u00e0 da carne.<\/p>\n<p>Voc\u00ea pode gostar de ver tamb\u00e9m\u00a0<a href=\"https:\/\/www.nsctotal.com.br\/noticias\/cabelo-branco-nao-e-so-estresse-e-uma-defesa-contra-o-cancer\" target=\"_blank\" rel=\"noreferrer noopener nofollow\"><strong>cabelo branco n\u00e3o \u00e9 s\u00f3 estresse: \u00e9 uma defesa contra o c\u00e2ncer<\/strong><\/a>\u00a0e\u00a0<strong><a href=\"https:\/\/www.nsctotal.com.br\/noticias\/cabelo-branco-nao-e-so-estresse-e-uma-defesa-contra-o-cancer\" target=\"_blank\" rel=\"noreferrer noopener nofollow\"><a href=\"https:\/\/www.nsctotal.com.br\/noticias\/donas-das-novelas-nivea-maria-suely-franco-e-arlete-salles-roubam-a-cena-na-globo\" rel=\"nofollow noopener\" target=\"_blank\">Donas das novelas: N\u00edvea Maria, Suely Franco e Arlete Salles roubam a cena na Globo<\/a><\/strong><\/p>\n","protected":false},"excerpt":{"rendered":"A busca pela longevidade e o combate \u00e0s doen\u00e7as cr\u00f4nicas ganharam um novo cap\u00edtulo emocionante. Uma pesquisa inovadora,&hellip;\n","protected":false},"author":2,"featured_media":144226,"comment_status":"","ping_status":"","sticky":false,"template":"","format":"standard","meta":{"footnotes":""},"categories":[86],"tags":[116,32,33,117,794],"class_list":{"0":"post-144225","1":"post","2":"type-post","3":"status-publish","4":"format-standard","5":"has-post-thumbnail","7":"category-saude","8":"tag-health","9":"tag-portugal","10":"tag-pt","11":"tag-saude","12":"tag-voce-viu"},"share_on_mastodon":{"url":"https:\/\/pubeurope.com\/@pt\/115514309510560607","error":""},"_links":{"self":[{"href":"https:\/\/www.europesays.com\/pt\/wp-json\/wp\/v2\/posts\/144225","targetHints":{"allow":["GET"]}}],"collection":[{"href":"https:\/\/www.europesays.com\/pt\/wp-json\/wp\/v2\/posts"}],"about":[{"href":"https:\/\/www.europesays.com\/pt\/wp-json\/wp\/v2\/types\/post"}],"author":[{"embeddable":true,"href":"https:\/\/www.europesays.com\/pt\/wp-json\/wp\/v2\/users\/2"}],"replies":[{"embeddable":true,"href":"https:\/\/www.europesays.com\/pt\/wp-json\/wp\/v2\/comments?post=144225"}],"version-history":[{"count":0,"href":"https:\/\/www.europesays.com\/pt\/wp-json\/wp\/v2\/posts\/144225\/revisions"}],"wp:featuredmedia":[{"embeddable":true,"href":"https:\/\/www.europesays.com\/pt\/wp-json\/wp\/v2\/media\/144226"}],"wp:attachment":[{"href":"https:\/\/www.europesays.com\/pt\/wp-json\/wp\/v2\/media?parent=144225"}],"wp:term":[{"taxonomy":"category","embeddable":true,"href":"https:\/\/www.europesays.com\/pt\/wp-json\/wp\/v2\/categories?post=144225"},{"taxonomy":"post_tag","embeddable":true,"href":"https:\/\/www.europesays.com\/pt\/wp-json\/wp\/v2\/tags?post=144225"}],"curies":[{"name":"wp","href":"https:\/\/api.w.org\/{rel}","templated":true}]}}