{"id":144251,"date":"2025-11-08T14:12:13","date_gmt":"2025-11-08T14:12:13","guid":{"rendered":"https:\/\/www.europesays.com\/pt\/144251\/"},"modified":"2025-11-08T14:12:13","modified_gmt":"2025-11-08T14:12:13","slug":"o-filme-brasileiro-que-esta-bombando-na-netflix","status":"publish","type":"post","link":"https:\/\/www.europesays.com\/pt\/144251\/","title":{"rendered":"O filme brasileiro que est\u00e1 bombando na Netflix"},"content":{"rendered":"<p><img fetchpriority=\"high\" decoding=\"async\" class=\"w-fit lg:w-full\" loading=\"eager\" src=\"https:\/\/www.europesays.com\/pt\/wp-content\/uploads\/2025\/11\/5383467_c94fbebf6edf275.jpg\" title=\"Galeria Distribuidora \/ Divulga\u00e7\u00e3o\" alt=\"Galeria Distribuidora \/ Divulga\u00e7\u00e3o\" width=\"700\" height=\"477\"\/>Shirley Cruz protagoniza &#8220;A Melhor M\u00e3e do Mundo&#8221; (2025), filme escrito e dirigido por Anna Muylaert.Galeria Distribuidora \/ Divulga\u00e7\u00e3o<\/p>\n<p>A <a href=\"https:\/\/gauchazh.clicrbs.com.br\/colunistas\/ticiano-osorio\/noticia\/2025\/11\/juliana-paes-mel-maia-e-xama-falam-sobre-a-serie-mais-vista-na-netflix-cmhg1o7cz02hu014uju4m8qq6.html\" rel=\"nofollow noopener\" target=\"_blank\"><strong>Netflix <\/strong><\/a>adicionou na quarta-feira (5) ao seu menu o novo filme de uma das principais cineastas brasileiras. <strong>Top 4 da plataforma de streaming<\/strong> neste s\u00e1bado (8), <strong>A Melhor M\u00e3e do Mundo <\/strong>(2025) \u00e9 o oitavo longa-metragem da diretora e roteirista paulista <strong>Anna Muylaert<\/strong>, 61 anos, autora de <a href=\"https:\/\/gauchazh.clicrbs.com.br\/colunistas\/ticiano-osorio\/noticia\/2023\/11\/o-filmaco-que-voltou-a-cartaz-21-anos-depois-da-estreia-clpbkcvh3004b012lhaszyie1.html\" rel=\"nofollow noopener\" target=\"_blank\"><strong>Durval Discos<\/strong><\/a> (2002), ganhador de sete Kikitos no Festival de Gramado, de \u00c9 Proibido Fumar (2009), vencedor de oito Candangos no Festival de Bras\u00edlia, e de <a href=\"https:\/\/gauchazh.clicrbs.com.br\/colunistas\/ticiano-osorio\/noticia\/2022\/09\/10-filmacos-brasileiros-para-o-7-de-setembro-cl7qlqnb000dd0163rpvpte7q.html\" rel=\"nofollow noopener\" target=\"_blank\"><strong>Que Horas Ela Volta?<\/strong><\/a> (2015), premiado em Berlim e em Sundance.<\/p>\n<p>A Melhor M\u00e3e do Mundo tamb\u00e9m j\u00e1 <strong>conquistou pr\u00eamios<\/strong>, como os de melhor atriz (Shirley Cruz), melhor roteiro (da pr\u00f3pria Anna Muylaert) e melhor fotografia (L\u00edlis Soares) no <strong>Festival de Guadalajara<\/strong>, no M\u00e9xico, e os cinco Calungas no <strong>Festival Cine PE<\/strong>, em Recife: melhor filme, atriz, atriz coadjuvante (Rejane Faria), roteiro e edi\u00e7\u00e3o (Fernando Stutz).<\/p>\n<p>A trama \u00e9 ambientada em S\u00e3o Paulo, onde <strong>Shirley Cruz<\/strong> \u2014 que atuou no longa anterior da cineasta, <a href=\"https:\/\/gauchazh.clicrbs.com.br\/colunistas\/ticiano-osorio\/noticia\/2024\/11\/o-filme-em-que-as-mulheres-estao-no-poder-cm405jelo00rp013b6szw4ejn.html\" rel=\"nofollow noopener\" target=\"_blank\"><strong>O Clube das Mulheres de Neg\u00f3cios <\/strong><\/a>(2024) \u2014 interpreta Gal, uma <strong>catadora de materiais recicl\u00e1veis<\/strong>.\u00a0<\/p>\n<p><img decoding=\"async\" class=\"w-fit lg:w-full\" loading=\"eager\" src=\"https:\/\/www.europesays.com\/pt\/wp-content\/uploads\/2025\/11\/5383469_8e29fd0138904b1.jpg\" title=\"Galeria Distribuidora \/ Divulga\u00e7\u00e3o\" alt=\"Galeria Distribuidora \/ Divulga\u00e7\u00e3o\" width=\"700\" height=\"477\"\/>Jo\u00e3o Victor (vivido por Beni Ayo) e Rihanna (personagem de Rihanna Barbosa) em &#8220;A Melhor M\u00e3e do Mundo&#8221;.Galeria Distribuidora \/ Divulga\u00e7\u00e3o<\/p>\n<p>As cenas que mostram a rotina da protagonista ilustram <a href=\"https:\/\/gauchazh.clicrbs.com.br\/colunistas\/ticiano-osorio\/noticia\/2023\/11\/o-dinheiro-prefere-os-homens-diz-a-diretora-anna-muylaert-clpcgfvi70000012lusoowokj.html\" rel=\"nofollow noopener\" target=\"_blank\"><strong>uma declara\u00e7\u00e3o dada por Anna \u00e0 coluna em novembro de 2023<\/strong><\/a>, ao falar sobre <a href=\"https:\/\/gauchazh.clicrbs.com.br\/colunistas\/ticiano-osorio\/noticia\/2025\/03\/35-diretoras-para-conhecer-no-dia-internacional-da-mulher-cm7w5px06012y0138cz874ubt.html\" rel=\"nofollow noopener\" target=\"_blank\"><strong>os desafios das diretoras na ind\u00fastria cinematogr\u00e1fica<\/strong><\/a>: <strong>&#8220;O dinheiro prefere os homens&#8221;.<\/strong> Nessa sequ\u00eancia de A Melhor M\u00e3e do Mundo, s\u00f3 se v\u00ea mulheres trabalhando \u2014 na coleta do lixo, na separa\u00e7\u00e3o, na pesagem etc. \u2014, mas a grana aparece em m\u00e3os masculinas. Por outro lado, s\u00e3o <strong>apenas as personagens femininas que ajudam e acolhem sem segundas inten\u00e7\u00f5es.<\/strong><\/p>\n<p>Gal est\u00e1 <strong>presa a um relacionamento abusivo<\/strong> com Leandro, papel de <a href=\"https:\/\/gauchazh.clicrbs.com.br\/colunistas\/ticiano-osorio\/noticia\/2021\/12\/o-grande-sucesso-do-cinema-brasileiro-na-pandemia-ja-pode-ser-visto-em-casa-ckwtp1cqn003o016f2kvsiss0.html\" rel=\"nofollow noopener\" target=\"_blank\"><strong>Seu Jorge<\/strong><\/a>, que trai, humilha, rouba, agride. Um dia, ela resolve dar uma basta na viol\u00eancia dom\u00e9stica. Enquanto o companheiro toma banho, pega \u00e0s escondidas seus dois filhos, a pr\u00e9-adolescente Rihanna (a promissora <strong>Rihanna Barbosa<\/strong>) e o guri Jo\u00e3o Victor (o carism\u00e1tico <strong>Benin Ayo<\/strong>), ambos frutos de outra rela\u00e7\u00e3o, coloca-os no carrinho de reciclagem que usa para coletar lixo nas ruas da cidade e foge.\u00a0<\/p>\n<p><img decoding=\"async\" class=\"w-fit lg:w-full\" loading=\"eager\" src=\"https:\/\/www.europesays.com\/pt\/wp-content\/uploads\/2025\/11\/5383466_ad61507c2bfa472.jpg\" title=\"Galeria Distribuidora \/ Divulga\u00e7\u00e3o\" alt=\"Galeria Distribuidora \/ Divulga\u00e7\u00e3o\" width=\"700\" height=\"477\"\/>Protagonista de &#8220;A Melhor M\u00e3e do Mundo&#8221; faz da vida na rua uma aventura para os filhos.Galeria Distribuidora \/ Divulga\u00e7\u00e3o<\/p>\n<p>\u00c0s crian\u00e7as, por\u00e9m, Gal conta que eles est\u00e3o <strong>vivendo uma aventura. <\/strong>Os perigos da falta de moradia e os desafios da falta de dinheiro s\u00e3o edulcorados pela m\u00e3e \u00e0 la <strong>A Vida \u00c9 Bela<\/strong> (1998), o oscarizado filme italiano dirigido e estrelado por Roberto Benigni em que um pai judeu lan\u00e7a m\u00e3o da fantasia para esconder do filho pequeno <a href=\"https:\/\/gauchazh.clicrbs.com.br\/colunistas\/ticiano-osorio\/noticia\/2024\/02\/20-filmes-sobre-o-holocausto-para-ver-no-streaming-clsne50940048014lvp0nmily.html\" rel=\"nofollow noopener\" target=\"_blank\"><strong>os horrores de um campo de concentra\u00e7\u00e3o nazista<\/strong><\/a>. Enquanto acomoda Rihanna e Jo\u00e3o Victor no carrinho estacionado em uma pra\u00e7a p\u00fablica, Gal diz:<\/p>\n<p><strong>\u2014 A gente n\u00e3o vai dormir aqui, a gente vai acampar!<\/strong><\/p>\n<p>Em outro momento, ela se permite uma ironia:<\/p>\n<p>\u2014 Vive querendo jantar biscoito, agora que te dou tu reclama?<\/p>\n<p><img decoding=\"async\" class=\"w-fit lg:w-full\" loading=\"eager\" src=\"https:\/\/www.europesays.com\/pt\/wp-content\/uploads\/2025\/11\/5383471_68650c47ec7c58e.jpg\" title=\"GLEESON PAULINO \/ Divulga\u00e7\u00e3o\" alt=\"GLEESON PAULINO \/ Divulga\u00e7\u00e3o\" width=\"700\" height=\"477\"\/>Anna Muylaert, 61 anos, diretora e roteirista do filme &#8220;A Melhor M\u00e3e do Mundo&#8221;.GLEESON PAULINO \/ Divulga\u00e7\u00e3o<\/p>\n<p>Em <a href=\"https:\/\/gauchazh.clicrbs.com.br\/cultura-e-lazer\/cinema\/noticia\/2025\/08\/a-melhor-mae-do-mundo-e-aquela-que-quebra-a-maldicao-de-genero-diz-anna-muylaert-que-estreia-filme-sobre-maternidade-cmdyysh2k00pe015aedqf4ffx.html\" rel=\"nofollow noopener\" target=\"_blank\"><strong>entrevista \u00e0 jornalista Lou Cardoso publicada em GZH<\/strong><\/a>, Anna Muylaert afirmou que a refer\u00eancia a A Vida \u00c9 Bela est\u00e1 <strong>ancorada na viv\u00eancia das carroceiras e das recicladoras<\/strong>, conforme observou em suas pesquisas para escrever o roteiro:<\/p>\n<p>\u2014 Essa hist\u00f3ria \u00e9 muito comum: <strong>criar uma realidade paralela para lidar com essas situa\u00e7\u00f5es de fuga e relacionamentos violentos.<\/strong> Uma das meninas que eu conheci fugiu para a Bahia com quatro filhos, dizendo que era uma aventura e tal.\u00a0<\/p>\n<p>Na mesma entrevista, a cineasta contou que <strong>h\u00e1 um tanto de si pr\u00f3pria em Gal.<\/strong> Quando tinha 50 anos, Anna tamb\u00e9m viveu, sem perceber, uma rela\u00e7\u00e3o abusiva. Ao choque da descoberta, somaram-se a dor, a vergonha e a reflex\u00e3o que acabou originando A Melhor M\u00e3e do Mundo:<\/p>\n<p>\u2014 Tem uma fala do <strong>Paul Schrader<\/strong>, o roteirista de <a href=\"https:\/\/gauchazh.clicrbs.com.br\/colunistas\/ticiano-osorio\/noticia\/2024\/12\/o-melhor-filme-de-scorsese-volta-ao-menu-da-netflix-cm46xkge10006015bn1vf238q.html\" rel=\"nofollow noopener\" target=\"_blank\"><strong>Taxi Driver<\/strong><\/a> (1976), que diz: &#8220;Se voc\u00ea quer fazer um filme vivo, tem que botar o seu machucado em cima da mesa. Mas a\u00ed escolhe um personagem que seja o mais longe poss\u00edvel de voc\u00ea, para que n\u00e3o seja autobiogr\u00e1fico&#8221;. Ent\u00e3o, <strong>voc\u00ea parte de um machucado que \u00e9 seu, <\/strong>tudo ali voc\u00ea conhece e precisa falar,<strong> <\/strong>mas, ao mesmo tempo, a forma n\u00e3o tem nada a ver com voc\u00ea.<\/p>\n<p><img decoding=\"async\" class=\"w-fit lg:w-full\" loading=\"eager\" src=\"https:\/\/www.europesays.com\/pt\/wp-content\/uploads\/2025\/11\/5383468_628c5f54ec60a1a.jpg\" title=\"Galeria Distribuidora \/ Divulga\u00e7\u00e3o\" alt=\"Galeria Distribuidora \/ Divulga\u00e7\u00e3o\" width=\"700\" height=\"477\"\/>Leandro (papel de Seu Jorge) e Gal (Shirley Cruz) em cena de &#8220;A Melhor M\u00e3e do Mundo&#8221;.Galeria Distribuidora \/ Divulga\u00e7\u00e3o<\/p>\n<p>Anna Muylaert fez um filme t\u00e3o doloroso quanto bonito, <strong>t\u00e3o aflitivo quanto afetuoso.\u00a0<\/strong><\/p>\n<p>Shirley Cruz tem um desempenho extraordin\u00e1rio, <strong>equilibrando a mulher &#8220;quebrada&#8221; com a mulher altiva<\/strong>, a tristeza com a esperan\u00e7a, o medo com a coragem, o reconhecimento de que Leandro faz mal a ela com o restinho do que sobrou da paix\u00e3o. Quando o personagem de Seu Jorge surge de surpresa em um churrasco, a comemora\u00e7\u00e3o na casa da prima de Gal, Valdete (a cantora <strong>Luedji Luna<\/strong>), vira um vel\u00f3rio. Sua voz n\u00e3o \u00e9 de carinho: \u00e9 de comando.<\/p>\n<p>O filme conta com pelo menos uma cena lind\u00edssima, que tem <strong>pot\u00eancia e significados sob sua aparente simplicidade<\/strong>. \u00c9 o momento em que, sem a menor pressa, a c\u00e2mera acompanha Gal, de corpo inteiro, tomando banho no chuveiro de uma ocupa\u00e7\u00e3o.<\/p>\n<p>E tamb\u00e9m \u00e9 <strong>arrepiante <\/strong>o emprego, na trilha sonora, de <strong>Maria, Maria<\/strong> (1978), can\u00e7\u00e3o composta por <a href=\"https:\/\/gauchazh.clicrbs.com.br\/colunistas\/ticiano-osorio\/noticia\/2023\/01\/serie-sobre-a-tragedia-da-kiss-tem-mais-acertos-do-que-erros-cldd1x73a001q0157txa3d6hz.html\" rel=\"nofollow noopener\" target=\"_blank\"><strong>Milton Nascimento<\/strong><\/a> e <strong>Fernando Brant <\/strong>(1946-2015) sobre uma mulher que vivia \u00e0 beira dos trilhos do trem e cuidava dos filhos sozinha. Gal e todas as m\u00e3es que enfrentam agruras di\u00e1rias e n\u00e3o raro sofrem caladas s\u00e3o mulheres que merecem viver e amar, como outra qualquer do planeta. Ela ri quando deve chorar, tem for\u00e7a, tem ra\u00e7a e tem gana sempre. Mistura a dor e a alegria, tem manha, tem sonho e a estranha mania de ter f\u00e9 na vida.<\/p>\n<p><strong>\u00c9 assinante mas ainda n\u00e3o recebe minha carta semanal exclusiva? <\/strong><a href=\"https:\/\/www.gauchazh.com.br\/newsletters\/?utm_source=gzh&amp;utm_medium=materia&amp;utm_campaign=gzh_engajamento&amp;utm_content=news_ticiano\" target=\"_blank\" rel=\"nofollow noopener\"><strong>Clique aqui<\/strong><\/a><strong> <\/strong>e se inscreva na newsletter.<\/p>\n<p><strong>J\u00e1 conhece o canal da coluna no WhatsApp?<\/strong> Clique aqui: <a href=\"https:\/\/www.whatsapp.com\/channel\/0029VaiyPtDJ3jv76u5u3m0X\" target=\"_blank\" title=\"https:\/\/www.whatsapp.com\/channel\/0029VaiyPtDJ3jv76u5u3m0X\" rel=\"nofollow noopener\"><strong>gzh.rs\/CanalTiciano<\/strong><\/a><\/p>\n","protected":false},"excerpt":{"rendered":"Shirley Cruz protagoniza &#8220;A Melhor M\u00e3e do Mundo&#8221; (2025), filme escrito e dirigido por Anna Muylaert.Galeria Distribuidora \/&hellip;\n","protected":false},"author":2,"featured_media":144252,"comment_status":"","ping_status":"","sticky":false,"template":"","format":"standard","meta":{"footnotes":""},"categories":[140],"tags":[6724,114,115,147,148,146,716,32,33,940],"class_list":{"0":"post-144251","1":"post","2":"type-post","3":"status-publish","4":"format-standard","5":"has-post-thumbnail","7":"category-filmes","8":"tag-cinema-brasileiro","9":"tag-entertainment","10":"tag-entretenimento","11":"tag-film","12":"tag-filmes","13":"tag-movies","14":"tag-netflix","15":"tag-portugal","16":"tag-pt","17":"tag-streaming"},"share_on_mastodon":{"url":"https:\/\/pubeurope.com\/@pt\/115514490740550190","error":""},"_links":{"self":[{"href":"https:\/\/www.europesays.com\/pt\/wp-json\/wp\/v2\/posts\/144251","targetHints":{"allow":["GET"]}}],"collection":[{"href":"https:\/\/www.europesays.com\/pt\/wp-json\/wp\/v2\/posts"}],"about":[{"href":"https:\/\/www.europesays.com\/pt\/wp-json\/wp\/v2\/types\/post"}],"author":[{"embeddable":true,"href":"https:\/\/www.europesays.com\/pt\/wp-json\/wp\/v2\/users\/2"}],"replies":[{"embeddable":true,"href":"https:\/\/www.europesays.com\/pt\/wp-json\/wp\/v2\/comments?post=144251"}],"version-history":[{"count":0,"href":"https:\/\/www.europesays.com\/pt\/wp-json\/wp\/v2\/posts\/144251\/revisions"}],"wp:featuredmedia":[{"embeddable":true,"href":"https:\/\/www.europesays.com\/pt\/wp-json\/wp\/v2\/media\/144252"}],"wp:attachment":[{"href":"https:\/\/www.europesays.com\/pt\/wp-json\/wp\/v2\/media?parent=144251"}],"wp:term":[{"taxonomy":"category","embeddable":true,"href":"https:\/\/www.europesays.com\/pt\/wp-json\/wp\/v2\/categories?post=144251"},{"taxonomy":"post_tag","embeddable":true,"href":"https:\/\/www.europesays.com\/pt\/wp-json\/wp\/v2\/tags?post=144251"}],"curies":[{"name":"wp","href":"https:\/\/api.w.org\/{rel}","templated":true}]}}