{"id":144275,"date":"2025-11-08T14:40:07","date_gmt":"2025-11-08T14:40:07","guid":{"rendered":"https:\/\/www.europesays.com\/pt\/144275\/"},"modified":"2025-11-08T14:40:07","modified_gmt":"2025-11-08T14:40:07","slug":"eliana-volta-ao-sbt-para-apoiar-o-teleton-2025","status":"publish","type":"post","link":"https:\/\/www.europesays.com\/pt\/144275\/","title":{"rendered":"Eliana volta ao SBT para apoiar o Teleton 2025"},"content":{"rendered":"<p>A apresentadora <a href=\"https:\/\/caras.com.br\/tags\/eliana\" rel=\"nofollow noopener\" target=\"_blank\"><strong>Eliana<\/strong><\/a> est\u00e1 de volta aos est\u00fadios do SBT para dar o seu apoio para a causa do Teleton 2025, que busca arrecadar verba para a AACD. Na noite desta sexta-feira, 7, a estrela chegou na sua antiga emissora esbanjando simpatia.<\/p>\n<p>Para a ocasi\u00e3o, a artista usou um vestido longo nas cores preto e branca. Enquanto circulava pelos corredores da emissora, ela cumprimentou os antigos colegas de trabalho e tirou fotos.<\/p>\n<p>Eliana \u00e9 uma das madrinhas do Teleton. Quando saiu do SBT, ela afirmou que iria continuar apoiando a iniciativa e segue fazendo isso.<\/p>\n<p> <img loading=\"lazy\" decoding=\"async\" class=\"wp-image-1028508 size-full img-fluid lazy\" alt=\"Eliana no SBT para o Teleton - Foto: Nat\u00e1lia Rampinelli\/ AgNews\" width=\"1366\" height=\"2048\" src=\"https:\/\/www.europesays.com\/pt\/wp-content\/uploads\/2025\/11\/Eliana-1.jpg\"  \/>Eliana no SBT para o Teleton \u2013 Foto: Nat\u00e1lia Rampinelli\/ AgNews <img loading=\"lazy\" decoding=\"async\" class=\"wp-image-1028509 size-full img-fluid lazy\" alt=\"Eliana no SBT para o Teleton - Foto: Nat\u00e1lia Rampinelli\/ AgNews\" width=\"1366\" height=\"2048\" src=\"https:\/\/www.europesays.com\/pt\/wp-content\/uploads\/2025\/11\/Eliana-2.jpg\"  \/>Eliana no SBT para o Teleton \u2013 Foto: Nat\u00e1lia Rampinelli\/ AgNews <img loading=\"lazy\" decoding=\"async\" class=\"wp-image-1028510 size-full img-fluid lazy\" alt=\"Eliana no SBT para o Teleton - Foto: Nat\u00e1lia Rampinelli\/ AgNews\" width=\"2048\" height=\"1366\" src=\"https:\/\/www.europesays.com\/pt\/wp-content\/uploads\/2025\/11\/Eliana-5.jpg\"  \/>Eliana no SBT para o Teleton \u2013 Foto: Nat\u00e1lia Rampinelli\/ AgNews <img loading=\"lazy\" decoding=\"async\" class=\"wp-image-1028511 size-full img-fluid lazy\" alt=\"Eliana no SBT para o Teleton - Foto: Nat\u00e1lia Rampinelli\/ AgNews\" width=\"1503\" height=\"2048\" src=\"https:\/\/www.europesays.com\/pt\/wp-content\/uploads\/2025\/11\/Eliana-.jpg\"  \/>Eliana no SBT para o Teleton \u2013 Foto: Nat\u00e1lia Rampinelli\/ AgNews Como doar para o Teleton 2025? <\/p>\n<p>Para esta edi\u00e7\u00e3o da Campanha AACD Teleton, os meios de doa\u00e7\u00e3o ser\u00e3o:<\/p>\n<ul>\n<li>Chaves PIX: <a href=\"https:\/\/caras.com.br\/cdn-cgi\/l\/email-protection\" class=\"__cf_email__\" data-cfemail=\"4723282233222b22332829072626242369283520692535\" rel=\"nofollow noopener\" target=\"_blank\">[email\u00a0protected]<\/a> e (11) 9 4311-0144<\/li>\n<li>TELEFONE: 0500 12345 05, para doar R$ 5; 0500 12345 20, para doar R$ 20; 0500 12345 40, para doar R$ 40<\/li>\n<\/ul>\n<p> A sa\u00edda de Eliana do SBT <\/p>\n<p>A apresentadora Eliana protagonizou um dos momentos mais comentados da m\u00eddia ao anunciar sua sa\u00edda do SBT (Sistema Brasileiro de Televis\u00e3o) e, posteriormente, sua chegada \u00e0 TV Globo. Em abril de 2024, foi confirmado por meio de um comunicado oficial que Eliana deixaria o SBT ap\u00f3s 15 anos \u00e0 frente do seu programa dominical, que se consolidou na vice-lideran\u00e7a de audi\u00eancia. O acordo foi definido como \u201cm\u00fatuo e amig\u00e1vel\u201d, e a apresentadora comunicou que buscava \u201cuma nova fase com outros desafios profissionais\u201d.<\/p>\n<ul>\n<li>Junho de 2024: Foi o m\u00eas final do v\u00ednculo contratual de Eliana com a emissora de Silvio Santos. Seu \u00faltimo programa foi ao ar no domingo, dia 23 de junho.<\/li>\n<li>Volta Garantida: Mesmo com a sa\u00edda, a apresentadora refor\u00e7ou que continuar\u00e1 sendo Madrinha do Teleton, o programa de arrecada\u00e7\u00e3o para a AACD, demonstrando carinho pela hist\u00f3ria constru\u00edda na casa.<\/li>\n<\/ul>\n<p> A despedida <\/p>\n<p>A despedida de Eliana do SBT foi carregada de emo\u00e7\u00e3o, homenagens e um momento que parou a internet: o pedido de desculpas de Patr\u00edcia Abravanel, filha de Silvio Santos e apresentadora do Programa Silvio Santos.<\/p>\n<p>Durante a grava\u00e7\u00e3o, Patr\u00edcia se dirigiu a Eliana com um discurso not\u00e1vel: \u201cEu n\u00e3o sei o que aconteceu aqui no SBT, mas em nome do SBT e da minha fam\u00edlia, eu quero te pedir perd\u00e3o. Se algu\u00e9m fez alguma coisa, falou alguma coisa que fez voc\u00ea se sentir desrespeitada, desmerecida, eu quero pedir em nome da fam\u00edlia Abravanel (\u2026) que voc\u00ea nos perdoe.\u201d<\/p>\n<p>A apresentadora demonstrou gratid\u00e3o, mas refor\u00e7ou a sua dignidade profissional: \u201cFico muito feliz de saber que eu saio de portas abertas porque tudo o que eu fiz, o que eu fa\u00e7o, \u00e9 com muito amor, muito respeito e isso, Patr\u00edcia, independe do que tem acontecido ou deixado de acontecer. O que falam, o que dizem, t\u00e1 tudo bem. O importante \u00e9 o que est\u00e1 no nosso cora\u00e7\u00e3o.\u201d<\/p>\n<p>No final do programa, Eliana se despediu de sua equipe, muitos dos quais trabalharam com ela por d\u00e9cadas, visivelmente emocionada, afirmando que a dedica\u00e7\u00e3o e o amor n\u00e3o est\u00e3o em contrato.<\/p>\n<p><strong>Leia tamb\u00e9m<\/strong>: <a href=\"https:\/\/caras.com.br\/kids\/filha-de-eliana-rouba-a-cena-com-look-fofissimo-em-noite-no-cinema.phtml\" rel=\"nofollow noopener\" target=\"_blank\">Filha de Eliana rouba a cena com look fof\u00edssimo em noite no cinema<\/a><\/p>\n<p>        <a href=\"https:\/\/caras.com.br\/autor\/priscilla-comoti\" rel=\"nofollow noopener\" target=\"_blank\">&#13;<br \/>\n          <img alt=\"Priscilla Comoti\" src=\"https:\/\/www.europesays.com\/pt\/wp-content\/uploads\/2025\/11\/1762612807_339_e53883bdf02c542f6517b68879e8cb08b27a1d55c4dfd53577e47d3ab6331a06\"  class=\"avatar avatar-115 photo rounded-circle mr-3\" height=\"115\" width=\"115\" loading=\"lazy\" decoding=\"async\"\/>        <\/a><\/p>\n<p>Priscilla Comoti \u00e9 editora de conte\u00fado do site CARAS. Ela \u00e9 formada em jornalismo e em audiovisual, j\u00e1 passou pelos sites Contigo!, Minha Novela, TiTiTi, Mais Novela e Portal M\u00e1rcia Piovesan. Escreve sobre celebridades, not\u00edcias sobre a fam\u00edlia real brit\u00e2nica, TV, reality show e novelas.<\/p>\n","protected":false},"excerpt":{"rendered":"A apresentadora Eliana est\u00e1 de volta aos est\u00fadios do SBT para dar o seu apoio para a causa&hellip;\n","protected":false},"author":2,"featured_media":144276,"comment_status":"","ping_status":"","sticky":false,"template":"","format":"standard","meta":{"footnotes":""},"categories":[145],"tags":[211,210,14062,114,115,32,33,936,31739],"class_list":{"0":"post-144275","1":"post","2":"type-post","3":"status-publish","4":"format-standard","5":"has-post-thumbnail","7":"category-celebridades","8":"tag-celebridades","9":"tag-celebrities","10":"tag-eliana","11":"tag-entertainment","12":"tag-entretenimento","13":"tag-portugal","14":"tag-pt","15":"tag-sbt","16":"tag-teleton"},"share_on_mastodon":{"url":"https:\/\/pubeurope.com\/@pt\/115514600863125586","error":""},"_links":{"self":[{"href":"https:\/\/www.europesays.com\/pt\/wp-json\/wp\/v2\/posts\/144275","targetHints":{"allow":["GET"]}}],"collection":[{"href":"https:\/\/www.europesays.com\/pt\/wp-json\/wp\/v2\/posts"}],"about":[{"href":"https:\/\/www.europesays.com\/pt\/wp-json\/wp\/v2\/types\/post"}],"author":[{"embeddable":true,"href":"https:\/\/www.europesays.com\/pt\/wp-json\/wp\/v2\/users\/2"}],"replies":[{"embeddable":true,"href":"https:\/\/www.europesays.com\/pt\/wp-json\/wp\/v2\/comments?post=144275"}],"version-history":[{"count":0,"href":"https:\/\/www.europesays.com\/pt\/wp-json\/wp\/v2\/posts\/144275\/revisions"}],"wp:featuredmedia":[{"embeddable":true,"href":"https:\/\/www.europesays.com\/pt\/wp-json\/wp\/v2\/media\/144276"}],"wp:attachment":[{"href":"https:\/\/www.europesays.com\/pt\/wp-json\/wp\/v2\/media?parent=144275"}],"wp:term":[{"taxonomy":"category","embeddable":true,"href":"https:\/\/www.europesays.com\/pt\/wp-json\/wp\/v2\/categories?post=144275"},{"taxonomy":"post_tag","embeddable":true,"href":"https:\/\/www.europesays.com\/pt\/wp-json\/wp\/v2\/tags?post=144275"}],"curies":[{"name":"wp","href":"https:\/\/api.w.org\/{rel}","templated":true}]}}