{"id":144300,"date":"2025-11-08T15:00:18","date_gmt":"2025-11-08T15:00:18","guid":{"rendered":"https:\/\/www.europesays.com\/pt\/144300\/"},"modified":"2025-11-08T15:00:18","modified_gmt":"2025-11-08T15:00:18","slug":"i-liga-estoril-fc-arouca","status":"publish","type":"post","link":"https:\/\/www.europesays.com\/pt\/144300\/","title":{"rendered":"I Liga. Estoril &#8211; FC Arouca"},"content":{"rendered":"<p itemprop=\"description\" class=\"article-lead\">\n      O Estoril Praia venceu sexta-feira por 4-3 na rece\u00e7\u00e3o ao Arouca, no primeiro jogo da 11.\u00aa jornada da I Liga portuguesa de futebol, somando o quarto jogo sem perder na competi\u00e7\u00e3o.&#13;<br \/>\n&#13;<\/p>\n<p>      <img loading=\"lazy\" decoding=\"async\" itemprop=\"url\" alt=\"\" class=\"img-fluid\"  src=\"https:\/\/www.europesays.com\/pt\/wp-content\/uploads\/2025\/11\/06d16d7fa56c892e87fdf599ff501ad8\" \/><\/p>\n<p>              Rodrigo Antunes &#8211; Lusa&#13;<\/p>\n<p itemprop=\"text\" class=\"article-body\">\n      Jo\u00e3o Carvalho marcou o golo da segunda vit\u00f3ria seguida dos &#8216;canarinhos&#8217;, aos 87 minutos, desfazendo um empate constru\u00eddo pelos golos do japon\u00eas Arouca Fukuiu, aos cinco minutos na baliza dos estorilista e aos 10 na pr\u00f3pria baliza, do &#8216;bis&#8217; do franc\u00eas Djouhara para os visitantes, aos 31 e 75, e dos golos do togol\u00eas Boma, aos 43, e do escoc\u00eas Holsgrove para os anfitri\u00f5es.<\/p>\n<p>O Estoril Praia, que somou a segunda vit\u00f3ria seguida e n\u00e3o perde desde a s\u00e9tima jornada, subiu provisoriamente ao oitavo lugar, com os mesmos 13 pontos do Sporting de Braga, mais quatro do que o Arouca, 15.\u00ba e primeiro acima dos lugares de descida, que n\u00e3o vence h\u00e1 cinco jogos.&#13;\n    <\/p>\n","protected":false},"excerpt":{"rendered":"O Estoril Praia venceu sexta-feira por 4-3 na rece\u00e7\u00e3o ao Arouca, no primeiro jogo da 11.\u00aa jornada da&hellip;\n","protected":false},"author":2,"featured_media":144301,"comment_status":"","ping_status":"","sticky":false,"template":"","format":"standard","meta":{"footnotes":""},"categories":[87],"tags":[135,13,32,33,420,421,134],"class_list":{"0":"post-144300","1":"post","2":"type-post","3":"status-publish","4":"format-standard","5":"has-post-thumbnail","7":"category-desporto","8":"tag-desporto","9":"tag-noticias","10":"tag-portugal","11":"tag-pt","12":"tag-rtp","13":"tag-rtp-noticias","14":"tag-sports"},"share_on_mastodon":{"url":"https:\/\/pubeurope.com\/@pt\/115514679483847169","error":""},"_links":{"self":[{"href":"https:\/\/www.europesays.com\/pt\/wp-json\/wp\/v2\/posts\/144300","targetHints":{"allow":["GET"]}}],"collection":[{"href":"https:\/\/www.europesays.com\/pt\/wp-json\/wp\/v2\/posts"}],"about":[{"href":"https:\/\/www.europesays.com\/pt\/wp-json\/wp\/v2\/types\/post"}],"author":[{"embeddable":true,"href":"https:\/\/www.europesays.com\/pt\/wp-json\/wp\/v2\/users\/2"}],"replies":[{"embeddable":true,"href":"https:\/\/www.europesays.com\/pt\/wp-json\/wp\/v2\/comments?post=144300"}],"version-history":[{"count":0,"href":"https:\/\/www.europesays.com\/pt\/wp-json\/wp\/v2\/posts\/144300\/revisions"}],"wp:featuredmedia":[{"embeddable":true,"href":"https:\/\/www.europesays.com\/pt\/wp-json\/wp\/v2\/media\/144301"}],"wp:attachment":[{"href":"https:\/\/www.europesays.com\/pt\/wp-json\/wp\/v2\/media?parent=144300"}],"wp:term":[{"taxonomy":"category","embeddable":true,"href":"https:\/\/www.europesays.com\/pt\/wp-json\/wp\/v2\/categories?post=144300"},{"taxonomy":"post_tag","embeddable":true,"href":"https:\/\/www.europesays.com\/pt\/wp-json\/wp\/v2\/tags?post=144300"}],"curies":[{"name":"wp","href":"https:\/\/api.w.org\/{rel}","templated":true}]}}