{"id":144327,"date":"2025-11-08T15:38:16","date_gmt":"2025-11-08T15:38:16","guid":{"rendered":"https:\/\/www.europesays.com\/pt\/144327\/"},"modified":"2025-11-08T15:38:16","modified_gmt":"2025-11-08T15:38:16","slug":"ataques-dos-eua-nas-caraibas-e-no-pacifico-ja-mataram-69-pessoas-america","status":"publish","type":"post","link":"https:\/\/www.europesays.com\/pt\/144327\/","title":{"rendered":"Ataques dos EUA nas Cara\u00edbas e no Pac\u00edfico j\u00e1 mataram 69 pessoas | Am\u00e9rica"},"content":{"rendered":"<p>Em pouco mais de dois meses, os Estados Unidos realizaram 14 ataques contra embarca\u00e7\u00f5es no mar das Cara\u00edbas e no Pac\u00edfico e mataram pelo menos 69 pessoas, confirmou o secret\u00e1rio de Defesa norte-americano, Pete Hegseth.<\/p>\n<p>Washington alega \u2014 sem apresentar provas \u2014 que os barcos foram bombardeados pelas suas tropas por serem um meio de transporte de droga da <a href=\"https:\/\/www.publico.pt\/2025\/11\/06\/mundo\/noticia\/casa-branca-avalia-riscos-intervencao-militar-venezuela-2153621\" target=\"_blank\" rel=\"nofollow noopener\">Venezuela<\/a> para territ\u00f3rio norte-americano. Al\u00e9m de l\u00edderes internacionais e dos familiares das v\u00edtimas, alguns membros do Congresso t\u00eam exigido ao Governo que comprove as suas acusa\u00e7\u00f5es.<\/p>\n<p>O alto comiss\u00e1rio das Na\u00e7\u00f5es Unidas para os Direitos Humanos, Volker T\u00fcrk, j\u00e1 considerou estes ataques &#8220;inaceit\u00e1veis&#8221; viola\u00e7\u00f5es da lei internacional sobre direitos humanos. A Venezuela tem reiterado que s\u00e3o ilegais e que representam agress\u00f5es &#8220;pol\u00edticas, diplom\u00e1ticas e militares&#8221; a um Estado soberano da Am\u00e9rica do Sul. O Presidente <a href=\"https:\/\/www.publico.pt\/2025\/10\/29\/mundo\/noticia\/piloto-maduro-tera-persuadido-eua-trair-presidente-2152565\" target=\"_blank\" rel=\"nofollow noopener\">Nicol\u00e1s Maduro<\/a> tamb\u00e9m j\u00e1 acusou Donald Trump de procurar a queda do regime venezuelano.<\/p>\n<p>Acredita-se que entre as v\u00edtimas mortais estejam ainda cidad\u00e3os da Col\u00f4mbia e de Trindade e Tobago.<\/p>\n<p>Apesar de antigas, as tens\u00f5es entre a Venezuela e os Estados Unidos voltaram a aumentar ap\u00f3s o regresso de Trump \u00e0 Casa Branca, especialmente desde Agosto, quando o Presidente mobilizou navios de guerra para \u00e1guas internacionais pr\u00f3ximas do pa\u00eds sul-americano.<\/p>\n<p><strong>Eis os 14 ataques j\u00e1 executados pelas for\u00e7as armadas dos EUA.<\/strong><\/p>\n<ul>\n<li><strong>2 de Setembro: <\/strong>onze pessoas s\u00e3o mortas num ataque a um navio vindo da Venezuela e que, alegadamente, transportaria drogas il\u00edcitas. O Governo venezuelano negou que as v\u00edtimas fossem membros do cartel de Tren de Aragua, como acusou Donald Trump.<\/li>\n<li><strong>15 de Setembro: <\/strong>tr\u00eas homens s\u00e3o mortos num ataque a outro navio venezuelano quando este navegava em \u00e1guas internacionais, tamb\u00e9m com a justifica\u00e7\u00e3o de que <a href=\"https:\/\/www.publico.pt\/2025\/10\/24\/mundo\/noticia\/trump-sobe-tom-navios-guerra-narcotrafico-fazse-terra-2152013\" target=\"_blank\" rel=\"nofollow noopener\">transportaria drogas<\/a> para os EUA.<\/li>\n<li><strong>19 de Setembro: <\/strong>tr\u00eas homens s\u00e3o mortos a bordo de uma embarca\u00e7\u00e3o em \u00e1guas internacionais. Trump voltou a acusar as v\u00edtimas mortais de serem narcotraficantes.<\/li>\n<li><strong>3 de Outubro: <\/strong>quatro pessoas s\u00e3o mortas num ataque a outro barco, ao largo da costa venezuelana. O secret\u00e1rio de Defesa dos EUA alega que se tratava de uma embarca\u00e7\u00e3o para tr\u00e1fico de droga.<\/li>\n<li><strong>14 de Outubro:<\/strong> seis pessoas s\u00e3o mortas em mais um ataque junto \u00e0 costa da Venezuela. Trump volta a acusar os tripulantes do barco de serem traficantes.<\/li>\n<li><strong>16 de Outubro: <\/strong>duas pessoas s\u00e3o mortas num novo ataque no mar das Cara\u00edbas. Pela primeira vez, h\u00e1 <a href=\"https:\/\/www.publico.pt\/2025\/10\/17\/mundo\/noticia\/eua-realizam-sexto-ataque-aguas-caraibas-primeira-ha-sobreviventes-2151259\" target=\"_blank\" rel=\"nofollow noopener\">sobreviventes<\/a>, um cidad\u00e3o colombiano e um equatoriano, devolvidos ao seu pa\u00eds de origem.<\/li>\n<li><strong>17 de Outubro<\/strong><strong>: <\/strong>\u200btr\u00eas pessoas s\u00e3o mortas. Pete Hegseth alegou que o barco bombardeado pertencia ao Ex\u00e9rcito de Liberta\u00e7\u00e3o Nacional da Col\u00f4mbia, mas tanto o Presidente <a href=\"https:\/\/www.publico.pt\/2025\/10\/19\/mundo\/noticia\/trump-chama-lider-trafico-drogas-presidente-colombia-promete-acabar-subsidios-2151370\" target=\"_blank\" rel=\"nofollow noopener\">Gustavo Petro<\/a>, como os guerrilheiros rejeitaram a acusa\u00e7\u00e3o.<\/li>\n<li><strong>21 de Outubro: <\/strong>cinco pessoas s\u00e3o mortas em ataques contra duas embarca\u00e7\u00f5es no Leste do Pac\u00edfico. Sem apresentar provas, Hegseth justificou a ofensiva dizendo que as v\u00edtimas eram traficantes.<\/li>\n<li><strong>24 de Outubro: <\/strong>seis pessoas s\u00e3o mortas no mar das Cara\u00edbas. Hegseth diz que as for\u00e7as armadas atacaram uma embarca\u00e7\u00e3o do cartel de Tren de Aragua.<\/li>\n<li><strong>27 de Outubro: <\/strong>catorze pessoas s\u00e3o mortas em tr\u00eas ataques contra embarca\u00e7\u00f5es no Leste do Pac\u00edfico. O Pent\u00e1gono afirmou que existiria um sobrevivente, mas as opera\u00e7\u00f5es de busca encabe\u00e7adas pela Marinha do M\u00e9xico terminaram sem qualquer resgate.<\/li>\n<li><strong>29 de Outubro: <\/strong>mais quatro homens s\u00e3o mortos no Leste do Pac\u00edfico. O Departamento de Defesa dos EUA repete que se tratava de uma embarca\u00e7\u00e3o de tr\u00e1fico de droga.<\/li>\n<li><strong>1 de Novembro<\/strong><strong>: <\/strong>\u200btr\u00eas homens s\u00e3o mortos no mar das Cara\u00edbas. Pete Hegseth alega que estavam a bordo de um barco pertencente a uma organiza\u00e7\u00e3o de narcotr\u00e1fico.<\/li>\n<li><strong>4 de Novembro: <\/strong>dois homens s\u00e3o mortos em \u00e1guas internacionais no Leste do Pac\u00edfico. Hegseth volta a alegar suspeitas de tr\u00e1fico de droga.<\/li>\n<li><strong>6 de Novembro: <\/strong>tr\u00eas homens s\u00e3o mortos em \u00e1guas internacionais nas Cara\u00edbas. O secret\u00e1rio de Defesa justifica que o navio bombardeado era operado por uma &#8220;organiza\u00e7\u00e3o terrorista&#8221;.<\/li>\n<\/ul>\n","protected":false},"excerpt":{"rendered":"Em pouco mais de dois meses, os Estados Unidos realizaram 14 ataques contra embarca\u00e7\u00f5es no mar das Cara\u00edbas&hellip;\n","protected":false},"author":2,"featured_media":144328,"comment_status":"","ping_status":"","sticky":false,"template":"","format":"standard","meta":{"footnotes":""},"categories":[50],"tags":[993,1126,27,28,637,92,413,15,16,14,25,26,21,22,62,12,13,19,20,23,24,17,18,29,30,31,3023,63,64,65],"class_list":{"0":"post-144327","1":"post","2":"type-post","3":"status-publish","4":"format-standard","5":"has-post-thumbnail","7":"category-mundo","8":"tag-america","9":"tag-america-do-sul","10":"tag-breaking-news","11":"tag-breakingnews","12":"tag-diplomacia","13":"tag-donald-trump","14":"tag-eua","15":"tag-featured-news","16":"tag-featurednews","17":"tag-headlines","18":"tag-latest-news","19":"tag-latestnews","20":"tag-main-news","21":"tag-mainnews","22":"tag-mundo","23":"tag-news","24":"tag-noticias","25":"tag-noticias-principais","26":"tag-noticiasprincipais","27":"tag-principais-noticias","28":"tag-principaisnoticias","29":"tag-top-stories","30":"tag-topstories","31":"tag-ultimas","32":"tag-ultimas-noticias","33":"tag-ultimasnoticias","34":"tag-venezuela","35":"tag-world","36":"tag-world-news","37":"tag-worldnews"},"share_on_mastodon":{"url":"https:\/\/pubeurope.com\/@pt\/115514828813519590","error":""},"_links":{"self":[{"href":"https:\/\/www.europesays.com\/pt\/wp-json\/wp\/v2\/posts\/144327","targetHints":{"allow":["GET"]}}],"collection":[{"href":"https:\/\/www.europesays.com\/pt\/wp-json\/wp\/v2\/posts"}],"about":[{"href":"https:\/\/www.europesays.com\/pt\/wp-json\/wp\/v2\/types\/post"}],"author":[{"embeddable":true,"href":"https:\/\/www.europesays.com\/pt\/wp-json\/wp\/v2\/users\/2"}],"replies":[{"embeddable":true,"href":"https:\/\/www.europesays.com\/pt\/wp-json\/wp\/v2\/comments?post=144327"}],"version-history":[{"count":0,"href":"https:\/\/www.europesays.com\/pt\/wp-json\/wp\/v2\/posts\/144327\/revisions"}],"wp:featuredmedia":[{"embeddable":true,"href":"https:\/\/www.europesays.com\/pt\/wp-json\/wp\/v2\/media\/144328"}],"wp:attachment":[{"href":"https:\/\/www.europesays.com\/pt\/wp-json\/wp\/v2\/media?parent=144327"}],"wp:term":[{"taxonomy":"category","embeddable":true,"href":"https:\/\/www.europesays.com\/pt\/wp-json\/wp\/v2\/categories?post=144327"},{"taxonomy":"post_tag","embeddable":true,"href":"https:\/\/www.europesays.com\/pt\/wp-json\/wp\/v2\/tags?post=144327"}],"curies":[{"name":"wp","href":"https:\/\/api.w.org\/{rel}","templated":true}]}}