{"id":144379,"date":"2025-11-08T16:28:09","date_gmt":"2025-11-08T16:28:09","guid":{"rendered":"https:\/\/www.europesays.com\/pt\/144379\/"},"modified":"2025-11-08T16:28:09","modified_gmt":"2025-11-08T16:28:09","slug":"netflix-lanca-documentario-sobre-o-caso-eloa-pimentel-zoeira","status":"publish","type":"post","link":"https:\/\/www.europesays.com\/pt\/144379\/","title":{"rendered":"Netflix lan\u00e7a document\u00e1rio sobre o caso Elo\u00e1 Pimentel &#8211; Zoeira"},"content":{"rendered":"<p>A <strong>Netflix<\/strong> lan\u00e7a no pr\u00f3ximo dia<strong> 12 de novembro<\/strong> o document\u00e1rio &#8220;<strong>Caso Elo\u00e1 \u2013 Ref\u00e9m ao Vivo<\/strong>&#8220;, produ\u00e7\u00e3o que revive um dos epis\u00f3dios mais marcantes e tristes da <strong>hist\u00f3ria policial brasileira<\/strong>.<\/p>\n<p>O filme revisita o <strong><a href=\"https:\/\/diariodonordeste.verdesmares.com.br\/entretenimento\/zoeira\/cunhada-de-eloa-se-manifesta-apos-caso-ser-exposto-no-linha-direta-preferem-a-dor-1.3365805\" target=\"_blank\" rel=\"nofollow noopener\">sequestro e assassinato de Elo\u00e1 Pimentel<\/a><\/strong>, ocorrido em <strong>2008<\/strong>, quando a adolescente, de apenas 15 anos, foi mantida ref\u00e9m por mais de 100 horas pelo <a href=\"https:\/\/diariodonordeste.verdesmares.com.br\/ultima-hora\/pais\/caso-eloa-o-que-aconteceu-com-lindemberg-alves-apos-condenacao-pelo-assassinato-1.3364659\" target=\"_blank\" rel=\"nofollow noopener\"><strong>ex-namorado Lindemberg Alves<\/strong><\/a>, em Santo Andr\u00e9, S\u00e3o Paulo.<\/p>\n<p>Com <strong>depoimentos<\/strong> <strong>in\u00e9ditos<\/strong> da <strong>fam\u00edlia<\/strong>, amigos e profissionais que acompanharam o caso, o document\u00e1rio busca recontar a hist\u00f3ria sob a perspectiva de Elo\u00e1, mostrando n\u00e3o apenas o crime, mas tamb\u00e9m quem era a jovem e o impacto de sua morte.<\/p>\n<p>\u201cQuando essa hist\u00f3ria chegou at\u00e9 n\u00f3s, eu a abracei com muito amor. Achei que precis\u00e1vamos revisitar esse caso e dar voz a essa menina. Ela foi negligenciada de todas as formas, e era importante que a gente falasse sobre isso\u201d, refletiu <strong>Veronica Stumpf<\/strong>, produtora da obra, ao o Metr\u00f3poles.<\/p>\n<p>A diretora Cris Ghattas destacou o car\u00e1ter reflexivo da produ\u00e7\u00e3o, que prop\u00f5e uma an\u00e1lise cr\u00edtica sobre a<strong> <a href=\"https:\/\/diariodonordeste.verdesmares.com.br\/entretenimento\/zoeira\/sem-citar-nomes-promotor-do-caso-eloa-diz-no-linha-direta-que-apresentadora-interrompeu-acordo-1.3365342\" target=\"_blank\" rel=\"nofollow noopener\">cobertura midi\u00e1tica<\/a><\/strong> e a <strong>viol\u00eancia contra a mulher<\/strong>.<\/p>\n<p>\u201cQuando olhamos para uma hist\u00f3ria como essa, que se repete, temos a oportunidade de rever nossos pap\u00e9is, como comunicadores, policiais, l\u00edderes, pais, educadores, como sociedade e como imprensa. \u00c9 muito importante e v\u00e1lido ter esse olhar cr\u00edtico e distanciado para entender melhor a nossa hist\u00f3ria e encontrar formas de seguir adiante\u201d, afirmou.<\/p>\n<p>\t\t\t\tVeja tamb\u00e9m<\/p>\n<p>As cineastas tamb\u00e9m ressaltaram o <strong>esfor\u00e7o em dar espa\u00e7o \u00e0 fam\u00edlia da v\u00edtima<\/strong>. \u201cMuito se falou sobre o assassino e o papel da imprensa, mas nunca sobre a v\u00edtima. Este document\u00e1rio mostra a dor dessa fam\u00edlia, o que eles enfrentaram depois e quem era essa garota, seus sonhos, desejos e planos para o futuro\u201d, completou Veronica.<\/p>\n<p>Com <strong>cenas in\u00e9ditas e trechos do di\u00e1rio de Elo\u00e1<\/strong>, &#8220;Caso Elo\u00e1 \u2013 Ref\u00e9m ao Vivo&#8221; promete emocionar e provocar reflex\u00e3o sobre o feminic\u00eddio e o papel da m\u00eddia em casos de viol\u00eancia.<\/p>\n","protected":false},"excerpt":{"rendered":"A Netflix lan\u00e7a no pr\u00f3ximo dia 12 de novembro o document\u00e1rio &#8220;Caso Elo\u00e1 \u2013 Ref\u00e9m ao Vivo&#8220;, produ\u00e7\u00e3o&hellip;\n","protected":false},"author":2,"featured_media":144380,"comment_status":"","ping_status":"","sticky":false,"template":"","format":"standard","meta":{"footnotes":""},"categories":[140],"tags":[2397,31753,114,115,147,148,146,32,33],"class_list":{"0":"post-144379","1":"post","2":"type-post","3":"status-publish","4":"format-standard","5":"has-post-thumbnail","7":"category-filmes","8":"tag-artes-cultura-e-entretenimento","9":"tag-crimes-e-justica","10":"tag-entertainment","11":"tag-entretenimento","12":"tag-film","13":"tag-filmes","14":"tag-movies","15":"tag-portugal","16":"tag-pt"},"share_on_mastodon":{"url":"","error":""},"_links":{"self":[{"href":"https:\/\/www.europesays.com\/pt\/wp-json\/wp\/v2\/posts\/144379","targetHints":{"allow":["GET"]}}],"collection":[{"href":"https:\/\/www.europesays.com\/pt\/wp-json\/wp\/v2\/posts"}],"about":[{"href":"https:\/\/www.europesays.com\/pt\/wp-json\/wp\/v2\/types\/post"}],"author":[{"embeddable":true,"href":"https:\/\/www.europesays.com\/pt\/wp-json\/wp\/v2\/users\/2"}],"replies":[{"embeddable":true,"href":"https:\/\/www.europesays.com\/pt\/wp-json\/wp\/v2\/comments?post=144379"}],"version-history":[{"count":0,"href":"https:\/\/www.europesays.com\/pt\/wp-json\/wp\/v2\/posts\/144379\/revisions"}],"wp:featuredmedia":[{"embeddable":true,"href":"https:\/\/www.europesays.com\/pt\/wp-json\/wp\/v2\/media\/144380"}],"wp:attachment":[{"href":"https:\/\/www.europesays.com\/pt\/wp-json\/wp\/v2\/media?parent=144379"}],"wp:term":[{"taxonomy":"category","embeddable":true,"href":"https:\/\/www.europesays.com\/pt\/wp-json\/wp\/v2\/categories?post=144379"},{"taxonomy":"post_tag","embeddable":true,"href":"https:\/\/www.europesays.com\/pt\/wp-json\/wp\/v2\/tags?post=144379"}],"curies":[{"name":"wp","href":"https:\/\/api.w.org\/{rel}","templated":true}]}}