{"id":144383,"date":"2025-11-08T16:30:20","date_gmt":"2025-11-08T16:30:20","guid":{"rendered":"https:\/\/www.europesays.com\/pt\/144383\/"},"modified":"2025-11-08T16:30:20","modified_gmt":"2025-11-08T16:30:20","slug":"bh-participa-do-dia-d-nacional-contra-o-aedes-aegypti","status":"publish","type":"post","link":"https:\/\/www.europesays.com\/pt\/144383\/","title":{"rendered":"BH participa do Dia D nacional contra o Aedes aegypti"},"content":{"rendered":"<p class=\"texto\">Chegou a \u00e9poca do ano em que o mosquito Aedes aegypti fica mais \u00e0 vontade. Com as chuvas e o calor, \u00e9 preciso redobrar a aten\u00e7\u00e3o aos pontos de \u00e1gua parada, onde o inseto se prolifera. Para ampliar a conscientiza\u00e7\u00e3o, o Minist\u00e9rio da Sa\u00fade promove o Dia D de combate ao Aedes aegypti, neste s\u00e1bado (8\/11), por todo o Brasil.<\/p>\n<p class=\"texto\">Em Belo Horizonte, o evento contou com o apoio da prefeitura e do governo de Minas. Autoridades refor\u00e7aram a import\u00e2ncia de combater o mosquito como principal forma de preven\u00e7\u00e3o \u00e0s arboviroses &#8211; dengue, zika e chikungunya.<\/p>\n<p class=\"texto\">\u201cO estado de Minas Gerais possui um amplo e robusto trabalho de prepara\u00e7\u00e3o para o per\u00edodo sazonal. Agora, \u00e9 momento de se esfor\u00e7ar cada vez mais nas a\u00e7\u00f5es de mobiliza\u00e7\u00e3o envolvendo sa\u00fade, meio ambiente, limpeza urbana\u00a0e for\u00e7as de seguran\u00e7a para superar esse per\u00edodo\u201d, disse Eduardo Prosdocimi, subsecret\u00e1rio de Vigil\u00e2ncia em\u00a0Sa\u00fade da Secret\u00e1ria de Estado de Sa\u00fade (SES) de Minas.<\/p>\n<p>Vistoria<\/p>\n<p class=\"texto\">Como 80% dos focos de prolifera\u00e7\u00e3o do mosquito est\u00e3o nas resid\u00eancias, as autoridades pedem o apoio da popula\u00e7\u00e3o no cotidiano. A reportagem acompanhou uma vistoria da PBH na casa de Maria Adelaide Barros, no bairro Horto, na regi\u00e3o Leste da capital, e ela contou como se previne.<\/p>\n<p class=\"texto\">\u201cN\u00e3o pode deixar acumular \u00e1gua. Aqui n\u00e3o tem vaso com pratinho embaixo, n\u00e3o tem latas. Tem as brom\u00e9lias, que acumulam \u00e1gua, mas a gente est\u00e1 sempre cuidando e secando para que n\u00e3o acumule. A aus\u00eancia do mosquito \u00e9 a nossa seguran\u00e7a\u201d, contou. A vigil\u00e2ncia considerou exemplar o cuidado de Adelaide no combate ao mosquito da dengue e n\u00e3o identificou nenhum ponto de prolifera\u00e7\u00e3o.<\/p>\n<p>Vacina contra a dengue<\/p>\n<p class=\"texto\">Al\u00e9m de combater o Aedes aegypti, o Brasil oferece vacinas contra a dengue pelo Sistema \u00danico de Sa\u00fade (SUS), mas a cobertura ainda \u00e9 baixa. Conforme o secret\u00e1rio adjunto de Vigil\u00e2ncia em Sa\u00fade e Ambiente do Minist\u00e9rio da Sa\u00fade, Fabiano Pimenta, ampliar a imuniza\u00e7\u00e3o \u00e9 pauta priorit\u00e1ria da pasta.<\/p>\n<p style=\"text-align: center;\"><strong><a href=\"https:\/\/www.whatsapp.com\/channel\/0029Va8e466AO7RPLL06EL\" target=\"_blank\" rel=\"nofollow noopener\">Siga nosso canal no WhatsApp e receba not\u00edcias relevantes para o seu dia<\/a><\/strong><\/p>\n<p class=\"texto\">\u201cNossa expectativa \u00e9 que o Instituto Butant\u00e3 tenha capacidade produtiva de cerca de 30, 40 milh\u00f5es de doses de vacina contra a dengue no ano que vem. Essa produ\u00e7\u00e3o ser\u00e1 adquirida pelo Minist\u00e9rio da Sa\u00fade para que possamos ampliar a faixa et\u00e1ria de imuniza\u00e7\u00e3o, que hoje \u00e9 de 10 a 14 anos\u201d, revelou.<\/p>\n","protected":false},"excerpt":{"rendered":"Chegou a \u00e9poca do ano em que o mosquito Aedes aegypti fica mais \u00e0 vontade. Com as chuvas&hellip;\n","protected":false},"author":2,"featured_media":144384,"comment_status":"","ping_status":"","sticky":false,"template":"","format":"standard","meta":{"footnotes":""},"categories":[86],"tags":[1896,14876,20459,1891,116,32,33,117],"class_list":{"0":"post-144383","1":"post","2":"type-post","3":"status-publish","4":"format-standard","5":"has-post-thumbnail","7":"category-saude","8":"tag-aedes-aegypti","9":"tag-bh","10":"tag-combate-a-dengue","11":"tag-dengue","12":"tag-health","13":"tag-portugal","14":"tag-pt","15":"tag-saude"},"share_on_mastodon":{"url":"https:\/\/pubeurope.com\/@pt\/115515033266837257","error":""},"_links":{"self":[{"href":"https:\/\/www.europesays.com\/pt\/wp-json\/wp\/v2\/posts\/144383","targetHints":{"allow":["GET"]}}],"collection":[{"href":"https:\/\/www.europesays.com\/pt\/wp-json\/wp\/v2\/posts"}],"about":[{"href":"https:\/\/www.europesays.com\/pt\/wp-json\/wp\/v2\/types\/post"}],"author":[{"embeddable":true,"href":"https:\/\/www.europesays.com\/pt\/wp-json\/wp\/v2\/users\/2"}],"replies":[{"embeddable":true,"href":"https:\/\/www.europesays.com\/pt\/wp-json\/wp\/v2\/comments?post=144383"}],"version-history":[{"count":0,"href":"https:\/\/www.europesays.com\/pt\/wp-json\/wp\/v2\/posts\/144383\/revisions"}],"wp:featuredmedia":[{"embeddable":true,"href":"https:\/\/www.europesays.com\/pt\/wp-json\/wp\/v2\/media\/144384"}],"wp:attachment":[{"href":"https:\/\/www.europesays.com\/pt\/wp-json\/wp\/v2\/media?parent=144383"}],"wp:term":[{"taxonomy":"category","embeddable":true,"href":"https:\/\/www.europesays.com\/pt\/wp-json\/wp\/v2\/categories?post=144383"},{"taxonomy":"post_tag","embeddable":true,"href":"https:\/\/www.europesays.com\/pt\/wp-json\/wp\/v2\/tags?post=144383"}],"curies":[{"name":"wp","href":"https:\/\/api.w.org\/{rel}","templated":true}]}}