{"id":144395,"date":"2025-11-08T16:40:14","date_gmt":"2025-11-08T16:40:14","guid":{"rendered":"https:\/\/www.europesays.com\/pt\/144395\/"},"modified":"2025-11-08T16:40:14","modified_gmt":"2025-11-08T16:40:14","slug":"bruno-savate-envia-aviao-para-pedro-jorge-e-causa-polemica-na-casa-dos-segredos","status":"publish","type":"post","link":"https:\/\/www.europesays.com\/pt\/144395\/","title":{"rendered":"Bruno Savate envia avi\u00e3o para Pedro Jorge e causa pol\u00e9mica na \u201cCasa dos Segredos\u201d"},"content":{"rendered":"<p>Bruno Savate envia avi\u00e3o para Pedro Jorge e causa pol\u00e9mica na \u201c<a href=\"https:\/\/tvi.iol.pt\/secretstory\" rel=\"nofollow noopener\" target=\"_blank\">Casa dos Segredos<\/a>\u201d, na manh\u00e3 deste s\u00e1bado.<\/p>\n<p>A mensagem surpreendeu os concorrentes e gerou revolta entre alguns participantes<\/p>\n<p>O ambiente aqueceu este s\u00e1bado, 8 de novembro, na <strong>\u201cCasa dos Segredos\u201d<\/strong>.<br \/>Durante a tarde, um <strong>avi\u00e3o enviado por Bruno Savate<\/strong> sobrevoou a casa mais vigiada do pa\u00eds e acabou por causar <strong>agita\u00e7\u00e3o entre os concorrentes<\/strong>, principalmente por ter como destinat\u00e1rio <strong>Pedro Jorge<\/strong>.<\/p>\n<p>A mensagem no c\u00e9u: \u201cPJ FOR\u00c7A PT SABE TUDO SAVATE\u201d<\/p>\n<p>O avi\u00e3o levava uma faixa com uma mensagem clara de apoio:<\/p>\n<blockquote class=\"wp-block-quote is-layout-flow wp-block-quote-is-layout-flow\">\n<p><strong>\u201cPJ FOR\u00c7A PT SABE TUDO SAVATE\u201d<\/strong>, podia ler-se no c\u00e9u.<\/p>\n<\/blockquote>\n<p>De acordo com o que foi mostrado, a produ\u00e7\u00e3o tentou <strong>impedir que o avi\u00e3o fosse totalmente visto<\/strong>, mas alguns concorrentes ainda conseguiram perceber parte do conte\u00fado.<\/p>\n<p>Apesar de Pedro Jorge <strong>n\u00e3o ter visto a faixa<\/strong>, a colega <strong>Raquel<\/strong> afirmou ter conseguido ler o essencial da mensagem e fez uma observa\u00e7\u00e3o que deixou o grupo intrigado.<\/p>\n<blockquote class=\"wp-block-quote is-layout-flow wp-block-quote-is-layout-flow\">\n<p><strong>\u201cAgora est\u00e1 explicada muita coisa\u201d<\/strong>, atirou, em tom enigm\u00e1tico, deixando no ar que o apoio externo poderia estar a influenciar comportamentos dentro da casa.<\/p>\n<\/blockquote>\n<p>Dylan mostra-se revoltado com a situa\u00e7\u00e3o<\/p>\n<p>Por outro lado, <strong>Dylan<\/strong> n\u00e3o escondeu o desagrado com o epis\u00f3dio e reagiu de forma visivelmente irritada ao gesto vindo do exterior.<\/p>\n<blockquote class=\"wp-block-quote is-layout-flow wp-block-quote-is-layout-flow\">\n<p><strong>\u201cFo<\/strong>*, eles que barrem a\u00ed o espa\u00e7o a\u00e9reo, car***. Para eles n\u00e3o passarem aqui, p\u00f5e a gente aqui l\u00e1 para dentro mesmo. Para mandarem aquelas macacadas tamb\u00e9m\u201d**, desabafou o concorrente, num tom de cr\u00edtica direta \u00e0 produ\u00e7\u00e3o.<\/p>\n<\/blockquote>\n<p><a href=\"https:\/\/news.google.com\/publications\/CAAqBwgKMKfIoAswtNK4Aw\" target=\"_blank\" rel=\"noopener noreferrer nofollow\"><img loading=\"lazy\" data-lazyloaded=\"1\" width=\"481\" height=\"161\" decoding=\"async\" src=\"\/wp-content\/uploads\/2024\/02\/GN_siganos.png\" alt=\"Siga-nos no Google News\" style=\"margin-top:20px;\"\/><\/a><\/p>\n","protected":false},"excerpt":{"rendered":"Bruno Savate envia avi\u00e3o para Pedro Jorge e causa pol\u00e9mica na \u201cCasa dos Segredos\u201d, na manh\u00e3 deste s\u00e1bado.&hellip;\n","protected":false},"author":2,"featured_media":142960,"comment_status":"","ping_status":"","sticky":false,"template":"","format":"standard","meta":{"footnotes":""},"categories":[142],"tags":[1253,2632,114,115,21416,32,33,151],"class_list":{"0":"post-144395","1":"post","2":"type-post","3":"status-publish","4":"format-standard","5":"has-post-thumbnail","7":"category-tv","8":"tag-bruno-savate","9":"tag-casa-dos-segredos","10":"tag-entertainment","11":"tag-entretenimento","12":"tag-pedro-jorge","13":"tag-portugal","14":"tag-pt","15":"tag-tv"},"share_on_mastodon":{"url":"https:\/\/pubeurope.com\/@pt\/115515072534428058","error":""},"_links":{"self":[{"href":"https:\/\/www.europesays.com\/pt\/wp-json\/wp\/v2\/posts\/144395","targetHints":{"allow":["GET"]}}],"collection":[{"href":"https:\/\/www.europesays.com\/pt\/wp-json\/wp\/v2\/posts"}],"about":[{"href":"https:\/\/www.europesays.com\/pt\/wp-json\/wp\/v2\/types\/post"}],"author":[{"embeddable":true,"href":"https:\/\/www.europesays.com\/pt\/wp-json\/wp\/v2\/users\/2"}],"replies":[{"embeddable":true,"href":"https:\/\/www.europesays.com\/pt\/wp-json\/wp\/v2\/comments?post=144395"}],"version-history":[{"count":0,"href":"https:\/\/www.europesays.com\/pt\/wp-json\/wp\/v2\/posts\/144395\/revisions"}],"wp:featuredmedia":[{"embeddable":true,"href":"https:\/\/www.europesays.com\/pt\/wp-json\/wp\/v2\/media\/142960"}],"wp:attachment":[{"href":"https:\/\/www.europesays.com\/pt\/wp-json\/wp\/v2\/media?parent=144395"}],"wp:term":[{"taxonomy":"category","embeddable":true,"href":"https:\/\/www.europesays.com\/pt\/wp-json\/wp\/v2\/categories?post=144395"},{"taxonomy":"post_tag","embeddable":true,"href":"https:\/\/www.europesays.com\/pt\/wp-json\/wp\/v2\/tags?post=144395"}],"curies":[{"name":"wp","href":"https:\/\/api.w.org\/{rel}","templated":true}]}}