{"id":144417,"date":"2025-11-08T17:03:34","date_gmt":"2025-11-08T17:03:34","guid":{"rendered":"https:\/\/www.europesays.com\/pt\/144417\/"},"modified":"2025-11-08T17:03:34","modified_gmt":"2025-11-08T17:03:34","slug":"encontrada-morta-idosa-que-estava-desaparecida-em-montalegre","status":"publish","type":"post","link":"https:\/\/www.europesays.com\/pt\/144417\/","title":{"rendered":"Encontrada morta idosa que estava desaparecida em Montalegre"},"content":{"rendered":"<p>Uma mulher de 67 anos que estava dada como desaparecida esta quarta-feira em Montalegre, distrito de Vila Real, foi esta sexta-feira, 7 de novembro, encontrada morta  zona pr\u00f3xima da Barragem do Alto Rabag\u00e3o.<\/p>\n<p>Fonte da GNR disse \u00e0 Lusa que a Pol\u00edcia Judici\u00e1ria (PJ) foi acionada para o local e que a mulher foi encontrada por elementos que participavam nas buscas que estavam em curso desde o final da tarde de quarta-feira, dia em que a filha deu o alerta para o desaparecimento, ap\u00f3s a m\u00e3e n\u00e3o ter comparecido a uma consulta m\u00e9dica.<\/p>\n<p>O corpo foi encontrado junto \u00e0 Barragem do Alto Rabag\u00e3o, na zona de Travassos da Ch\u00e3, onde a idosa havia sido vista pela \u00faltima vez.<\/p>\n<p>Participaram nas buscas militares da GNR, bombeiros do concelho de Montalegre e populares.<\/p>\n","protected":false},"excerpt":{"rendered":"Uma mulher de 67 anos que estava dada como desaparecida esta quarta-feira em Montalegre, distrito de Vila Real,&hellip;\n","protected":false},"author":2,"featured_media":144418,"comment_status":"","ping_status":"","sticky":false,"template":"","format":"standard","meta":{"footnotes":""},"categories":[10],"tags":[27,28,15,16,14,25,26,21,22,31759,12,13,19,20,32,23,24,33,17,18,29,30,31],"class_list":{"0":"post-144417","1":"post","2":"type-post","3":"status-publish","4":"format-standard","5":"has-post-thumbnail","7":"category-portugal","8":"tag-breaking-news","9":"tag-breakingnews","10":"tag-featured-news","11":"tag-featurednews","12":"tag-headlines","13":"tag-latest-news","14":"tag-latestnews","15":"tag-main-news","16":"tag-mainnews","17":"tag-montalegre","18":"tag-news","19":"tag-noticias","20":"tag-noticias-principais","21":"tag-noticiasprincipais","22":"tag-portugal","23":"tag-principais-noticias","24":"tag-principaisnoticias","25":"tag-pt","26":"tag-top-stories","27":"tag-topstories","28":"tag-ultimas","29":"tag-ultimas-noticias","30":"tag-ultimasnoticias"},"share_on_mastodon":{"url":"https:\/\/pubeurope.com\/@pt\/115515162815690654","error":""},"_links":{"self":[{"href":"https:\/\/www.europesays.com\/pt\/wp-json\/wp\/v2\/posts\/144417","targetHints":{"allow":["GET"]}}],"collection":[{"href":"https:\/\/www.europesays.com\/pt\/wp-json\/wp\/v2\/posts"}],"about":[{"href":"https:\/\/www.europesays.com\/pt\/wp-json\/wp\/v2\/types\/post"}],"author":[{"embeddable":true,"href":"https:\/\/www.europesays.com\/pt\/wp-json\/wp\/v2\/users\/2"}],"replies":[{"embeddable":true,"href":"https:\/\/www.europesays.com\/pt\/wp-json\/wp\/v2\/comments?post=144417"}],"version-history":[{"count":0,"href":"https:\/\/www.europesays.com\/pt\/wp-json\/wp\/v2\/posts\/144417\/revisions"}],"wp:featuredmedia":[{"embeddable":true,"href":"https:\/\/www.europesays.com\/pt\/wp-json\/wp\/v2\/media\/144418"}],"wp:attachment":[{"href":"https:\/\/www.europesays.com\/pt\/wp-json\/wp\/v2\/media?parent=144417"}],"wp:term":[{"taxonomy":"category","embeddable":true,"href":"https:\/\/www.europesays.com\/pt\/wp-json\/wp\/v2\/categories?post=144417"},{"taxonomy":"post_tag","embeddable":true,"href":"https:\/\/www.europesays.com\/pt\/wp-json\/wp\/v2\/tags?post=144417"}],"curies":[{"name":"wp","href":"https:\/\/api.w.org\/{rel}","templated":true}]}}