{"id":144433,"date":"2025-11-08T17:18:10","date_gmt":"2025-11-08T17:18:10","guid":{"rendered":"https:\/\/www.europesays.com\/pt\/144433\/"},"modified":"2025-11-08T17:18:10","modified_gmt":"2025-11-08T17:18:10","slug":"eleicoes-no-benfica-mais-de-53-mil-socios-votaram-ate-as-15h-futebol","status":"publish","type":"post","link":"https:\/\/www.europesays.com\/pt\/144433\/","title":{"rendered":"Elei\u00e7\u00f5es no Benfica: mais de 53 mil s\u00f3cios votaram at\u00e9 \u00e0s 15h | Futebol"},"content":{"rendered":"<p>S\u00e3o 53.714 os benfiquistas que j\u00e1 se dirigiram \u00e0s mesas de voto para decidir se o pr\u00f3ximo presidente do clube ser\u00e1 Rui Costa ou Jo\u00e3o Noronha Lopes, de acordo com o site do Benfica.<\/p>\n<p>No in\u00edcio do dia, j\u00e1 se adivinhava uma forte aflu\u00eancia \u00e0s urnas: mais de 15 mil s\u00f3cios do Benfica votaram na primeira hora e meia desde a abertura das sec\u00e7\u00f5es de voto. Segundo o presidente da Mesa da Assembleia-Geral do Benfica, Jos\u00e9 Pereira da Costa, 15.340 s\u00f3cios exerceram o direito ao voto entre as 8h30 e as 10h nas 108 sec\u00e7\u00f5es, o que, segundo o pr\u00f3prio, corresponde a cerca &#8220;do dobro&#8221; do que sucedeu no mesmo per\u00edodo h\u00e1 duas semanas, na <a href=\"https:\/\/www.publico.pt\/2025\/10\/25\/desporto\/reportagem\/mae-fazme-mal-fazme-bem-2152172\" rel=\"nofollow noopener\" target=\"_blank\">primeira volta<\/a>.<\/p>\n<p>O dirigente afirmou que &#8220;est\u00e1 tudo a correr bem&#8221;, sendo que existe &#8220;apenas uma sec\u00e7\u00e3o de voto que ultrapassa os 30 minutos de espera para votar, na Quinta do Conde&#8221;, no distrito de Set\u00fabal. Entretanto, em declara\u00e7\u00f5es \u00e0 BTV, garantiu que j\u00e1 tinham sido refor\u00e7ados os meios para garantir maior celeridade no processo. &#8220;Acreditamos que os s\u00f3cios v\u00eam votar em grande n\u00famero, mas n\u00e3o temos uma meta. Temos tudo preparado para que os 160 mil possam votar&#8221;, assinalou Jos\u00e9 Pereira da Costa, referindo-se ao n\u00famero de s\u00f3cios eleg\u00edveis para votar neste acto eleitoral.<\/p>\n<p>Rui Costa foi um dos s\u00f3cios que se deslocou \u00e0s urnas nas primeiras horas da manh\u00e3. O actual presidente dos &#8220;encarnados&#8221; rejeitou que a reelei\u00e7\u00e3o esteja &#8220;no bolso&#8221;: &#8220;De todo. Partimos do zero, os s\u00f3cios v\u00e3o decidir quem querem para presidente, s\u00e3o soberanos e estamos aqui, tanto eu como o outro candidato, para esperar pelo final do dia e vermos quem os s\u00f3cios querem&#8221;, afirmou aos jornalistas, junto \u00e0 entrada para os pavilh\u00f5es do Est\u00e1dio da Luz.<\/p>\n<p>O antigo internacional portugu\u00eas, que gere os destinos do clube desde 2021, espera convencer os s\u00f3cios mas, acima de tudo, apelou ao voto, ambicionando ultrapassar o recorde mundial de 86 mil s\u00f3cios votantes que se verificou h\u00e1 duas semanas, na primeira volta.<\/p>\n<p>&#8220;Estou muito satisfeito e \u00e9 sinal e prova da dimens\u00e3o do Benfica de que gosto. Estou na minha casa, portanto, independentemente daqueles que votam ou n\u00e3o votam em mim, n\u00e3o h\u00e1 motivos para n\u00e3o sermos respeitados e encaminhados [a votar] e esse \u00e9 dos maiores apelos que fa\u00e7o. Tenho-o feito ao longo da semana para que tudo corra da mesma maneira que na primeira volta, que haja respeito num clube democr\u00e1tico como o nosso e quem vote de um lado e do outro consiga respeitar-se&#8221;, desejou.<\/p>\n<p>        &#13;<\/p>\n<p>&#13;<br \/>\n                &#13;\n            <\/p>\n<p>&#13;<\/p>\n<p>O presidente benfiquista, que aspira \u00e0 reelei\u00e7\u00e3o, manifestou a sua satisfa\u00e7\u00e3o pela campanha que protagonizou junto dos associados dos &#8220;encarnados&#8221;, lamentando apenas a forma como decorreu o \u00faltimo debate com o seu opositor, Jo\u00e3o Noronha Lopes. &#8220;Estou satisfeito pela campanha. Em rela\u00e7\u00e3o ao \u00faltimo debate, j\u00e1 o disse, n\u00e3o foi o debate que os benfiquistas esperavam. N\u00e3o demos um bom exemplo, da minha parte assumo-o, mas, de qualquer maneira, compreende-se que est\u00e1vamos a dois dias das elei\u00e7\u00f5es, numa campanha muito longa e algum nervosismo&#8221;, admitiu.<\/p>\n<p>Tamb\u00e9m o antigo dirigente &#8220;encarnado&#8221; Ant\u00f3nio Bag\u00e3o F\u00e9lix, candidato a presidente do Conselho Fiscal do Benfica na lista de Jo\u00e3o Noronha Lopes, expressou que o clube tem de ser o grande vencedor nas elei\u00e7\u00f5es. &#8220;O Benfica tem de ser o grande vencedor, vai ser o grande vencedor. E, no final da contagem, haver\u00e1 um presidente do Benfica, e esse ser\u00e1 o \u00fanico presidente do Benfica que passaremos a apoiar, independente do nosso voto, para que o Benfica cres\u00e7a, ganhe, seja vitorioso e seja est\u00e1vel&#8221;, referiu em declara\u00e7\u00f5es \u00e0 BTV, depois de exercer o seu direito de voto, no Est\u00e1dio da Luz.<\/p>\n<p>&#8220;\u00c9 o dia da democracia do Benfica&#8221;<\/p>\n<p>&#8220;Espero um dia grandioso para o Benfica, com uma vota\u00e7\u00e3o que exceda a primeira volta. Isso seria excelente. E hoje \u00e9 o dia da soberania dos s\u00f3cios. \u00c9 o dia da democracia do Benfica. E, portanto, independentemente dos resultados, \u00e9 um momento solene, de grande simbolismo, de grande significado&#8221;, disse ainda.<\/p>\n<p>A lista ao Conselho Fiscal liderada por Bag\u00e3o F\u00e9lix (37,94%) foi a que mais se aproximou da lista concorrente, com o antigo ministro a ficar a menos de 1% da vota\u00e7\u00e3o recebida por Raul Martins (38,69%), candidato na equipa de Rui Costa.<\/p>\n<p><a href=\"https:\/\/www.publico.pt\/2025\/10\/26\/desporto\/noticia\/rui-costa-vence-eleicoes-benfica-ha-segunda-volta-noronha-lopes-2152193\" rel=\"nofollow noopener\" target=\"_blank\">Rui Costa<\/a> (Lista G), e o gestor Jo\u00e3o Noronha Lopes (Lista F) disputam a presid\u00eancia do clube lisboeta numa <a href=\"https:\/\/www.publico.pt\/2025\/11\/07\/desporto\/noticia\/eleicoes-benfica-rui-costa-dilema-oposicao-2153842\" rel=\"nofollow noopener\" target=\"_blank\">segunda volta<\/a>, depois de terem sido os dois candidatos mais votados no sufr\u00e1gio de 25 de Outubro, que registou uma aflu\u00eancia recorde a n\u00edvel mundial, com 86.297 votantes.<\/p>\n<p>Fora da corrida ficaram o antigo presidente Lu\u00eds Filipe Vieira (13,86%), Jo\u00e3o Diogo Manteigas (11,48%), Martim Mayer (2,10%) e Crist\u00f3v\u00e3o Carvalho (0,18%).<\/p>\n<p>Na vota\u00e7\u00e3o, os s\u00f3cios do Benfica depositam quatro boletins em urna, para os tr\u00eas \u00f3rg\u00e3os sociais (Direc\u00e7\u00e3o, Conselho Fiscal e Mesa da Assembleia Geral) e para o \u00f3rg\u00e3o estatut\u00e1rio Comiss\u00e3o de Remunera\u00e7\u00f5es.<\/p>\n<p>Esta segunda volta decorre, novamente, com voto f\u00edsico, entre as 08h30 e 22 horas no continente e Madeira, e com janela hor\u00e1ria adaptada nos A\u00e7ores e restantes locais no estrangeiro.<\/p>\n","protected":false},"excerpt":{"rendered":"S\u00e3o 53.714 os benfiquistas que j\u00e1 se dirigiram \u00e0s mesas de voto para decidir se o pr\u00f3ximo presidente&hellip;\n","protected":false},"author":2,"featured_media":144434,"comment_status":"","ping_status":"","sticky":false,"template":"","format":"standard","meta":{"footnotes":""},"categories":[8],"tags":[995,51,27,28,135,15,16,524,280,14,25,26,21,22,12,13,19,20,32,23,24,33,3099,17,18,29,30,31],"class_list":{"0":"post-144433","1":"post","2":"type-post","3":"status-publish","4":"format-standard","5":"has-post-thumbnail","7":"category-principais-noticias","8":"tag-abre-conteudo","9":"tag-benfica","10":"tag-breaking-news","11":"tag-breakingnews","12":"tag-desporto","13":"tag-featured-news","14":"tag-featurednews","15":"tag-futebol","16":"tag-futebol-nacional","17":"tag-headlines","18":"tag-latest-news","19":"tag-latestnews","20":"tag-main-news","21":"tag-mainnews","22":"tag-news","23":"tag-noticias","24":"tag-noticias-principais","25":"tag-noticiasprincipais","26":"tag-portugal","27":"tag-principais-noticias","28":"tag-principaisnoticias","29":"tag-pt","30":"tag-sl-benfica","31":"tag-top-stories","32":"tag-topstories","33":"tag-ultimas","34":"tag-ultimas-noticias","35":"tag-ultimasnoticias"},"share_on_mastodon":{"url":"https:\/\/pubeurope.com\/@pt\/115515222194713735","error":""},"_links":{"self":[{"href":"https:\/\/www.europesays.com\/pt\/wp-json\/wp\/v2\/posts\/144433","targetHints":{"allow":["GET"]}}],"collection":[{"href":"https:\/\/www.europesays.com\/pt\/wp-json\/wp\/v2\/posts"}],"about":[{"href":"https:\/\/www.europesays.com\/pt\/wp-json\/wp\/v2\/types\/post"}],"author":[{"embeddable":true,"href":"https:\/\/www.europesays.com\/pt\/wp-json\/wp\/v2\/users\/2"}],"replies":[{"embeddable":true,"href":"https:\/\/www.europesays.com\/pt\/wp-json\/wp\/v2\/comments?post=144433"}],"version-history":[{"count":0,"href":"https:\/\/www.europesays.com\/pt\/wp-json\/wp\/v2\/posts\/144433\/revisions"}],"wp:featuredmedia":[{"embeddable":true,"href":"https:\/\/www.europesays.com\/pt\/wp-json\/wp\/v2\/media\/144434"}],"wp:attachment":[{"href":"https:\/\/www.europesays.com\/pt\/wp-json\/wp\/v2\/media?parent=144433"}],"wp:term":[{"taxonomy":"category","embeddable":true,"href":"https:\/\/www.europesays.com\/pt\/wp-json\/wp\/v2\/categories?post=144433"},{"taxonomy":"post_tag","embeddable":true,"href":"https:\/\/www.europesays.com\/pt\/wp-json\/wp\/v2\/tags?post=144433"}],"curies":[{"name":"wp","href":"https:\/\/api.w.org\/{rel}","templated":true}]}}