{"id":144435,"date":"2025-11-08T17:19:11","date_gmt":"2025-11-08T17:19:11","guid":{"rendered":"https:\/\/www.europesays.com\/pt\/144435\/"},"modified":"2025-11-08T17:19:11","modified_gmt":"2025-11-08T17:19:11","slug":"saiba-o-valor-dos-looks-iguais-de-virginia-e-andressa-suita","status":"publish","type":"post","link":"https:\/\/www.europesays.com\/pt\/144435\/","title":{"rendered":"Saiba o valor dos looks iguais de Virginia e Andressa Suita"},"content":{"rendered":"<p>Parece que <a href=\"https:\/\/caras.com.br\/tags\/virginia\" rel=\"nofollow noopener\" target=\"_blank\"><strong>Virginia Fonseca<\/strong><\/a> e <a href=\"https:\/\/caras.com.br\/tags\/andressa-suita\" target=\"_blank\" rel=\"noopener nofollow\"><strong>Andressa Suita<\/strong><\/a>\u00a0t\u00eam gostos parecidos. Prova disso foram os looks iguais, mas de cores diferentes que elas usaram nesta sexta-feira, 07. Enquanto a empres\u00e1ria se vestiu para o Teleton, a esposa de <strong>Gusttavo Lima<\/strong> usou as pe\u00e7as da marca internacional para acompanhar o esposo em uma premia\u00e7\u00e3o.<\/p>\n<p>As influenciadoras apareceram elegantes e estilosas com a combina\u00e7\u00e3o de vestido e capa. Enquanto a ex-esposa de <strong>Z\u00e9 Felipe<\/strong> optou pela cor rosa, a eleita do Embaixador foi com um tom mais neutro. Vendidas no site da marca europeia, as roupas s\u00e3o vendidas em euro.<\/p>\n<p>A capa sai por R$ 3.948 e o vestido por R$ 4.473, somando o total de R$ 8.948. Vale lembrar que esse \u00e9 o pre\u00e7o apenas dos itens, sem contar os sapatos e joias que as famosas colocaram para compor o look luxuoso.<\/p>\n<p>Durante sua participa\u00e7\u00e3o no Teleton, Virginia n\u00e3o apenas chamou a aten\u00e7\u00e3o com seu look, mas tamb\u00e9m com sua doa\u00e7\u00e3o. A <a href=\"https:\/\/caras.com.br\/atualidades\/virginia-impressiona-com-look-e-doacao-milionaria-no-teleton-veja.phtml\" rel=\"nofollow noopener\" target=\"_blank\">empresa da apresentadora deu uma quantia milion\u00e1ria para a causa<\/a>.<\/p>\n<p>\t Veja os looks de Virginia e Andressa Suita: <img loading=\"lazy\" decoding=\"async\" class=\"size-full wp-image-1028520 img-fluid lazy\" alt=\"Virginia no Teleton\" width=\"1332\" height=\"2048\" src=\"https:\/\/www.europesays.com\/pt\/wp-content\/uploads\/2025\/11\/Virginia-2-1.jpg\"  \/>Virginia no Teleton \u2013 Foto: Nat\u00e1lia Rampinelli\/ AgNews <\/p>\n<blockquote class=\"instagram-media\" style=\"background: #FFF; border: 0; border-radius: 3px; box-shadow: 0 0 1px 0 rgba(0,0,0,0.5),0 1px 10px 0 rgba(0,0,0,0.15); margin: 1px; max-width: 540px; min-width: 326px; padding: 0; width: calc(100% - 2px);\" data-instgrm-captioned=\"\" data-instgrm-permalink=\"https:\/\/www.instagram.com\/p\/DQxwlCvDFGY\/?utm_source=ig_embed&amp;utm_campaign=loading\" data-instgrm-version=\"14\"><\/blockquote>\n<p> <img loading=\"lazy\" decoding=\"async\" class=\"size-full wp-image-1028564 img-fluid lazy\" alt=\"Andressa Suita escolhe look com capa para acompanhar Gusttavo Lima em evento\" width=\"1080\" height=\"1440\" src=\"https:\/\/www.europesays.com\/pt\/wp-content\/uploads\/2025\/11\/look-andressa-suita.jpg\"  \/>Andressa Suita escolhe look com capa para acompanhar Gusttavo Lima em evento \u2013 Foto: @andressasuita <\/p>\n<blockquote class=\"instagram-media\" style=\"background: #FFF; border: 0; border-radius: 3px; box-shadow: 0 0 1px 0 rgba(0,0,0,0.5),0 1px 10px 0 rgba(0,0,0,0.15); margin: 1px; max-width: 540px; min-width: 326px; padding: 0; width: calc(100% - 2px);\" data-instgrm-captioned=\"\" data-instgrm-permalink=\"https:\/\/www.instagram.com\/p\/DQy-c7SgNhv\/?utm_source=ig_embed&amp;utm_campaign=loading\" data-instgrm-version=\"14\"><\/blockquote>\n<p> Andressa Suita comentou post de Ana Castela <\/p>\n<p>Nos \u00faltimos meses, pescaria de <a href=\"https:\/\/caras.com.br\/tags\/ana-castela\" rel=\"nofollow noopener\" target=\"_blank\"><strong>Ana Castela<\/strong><\/a> e <a href=\"https:\/\/caras.com.br\/tags\/ze-felipe\" rel=\"nofollow noopener\" target=\"_blank\"><strong>Z\u00e9 Felipe<\/strong><\/a> com <strong>Leonardo<\/strong>, <strong>Poliana Rocha<\/strong> e amigos deu o que falar na internet. Inclusive, a esposa de <strong>Gusttavo Lima<\/strong>, a influencer <strong>Andressa Suita<\/strong>, n\u00e3o deixou de fazer coment\u00e1rio em uma publica\u00e7\u00e3o da Boiadeira na \u00e9poca.<\/p>\n<p>Ao ver a jovem artista cantando com uma amiga a m\u00fasica Talism\u00e3, de Leonardo, a esposa do Embaixador reagiu e brincou com ela sobre ter curtido a cantoria no barco. <a href=\"https:\/\/caras.com.br\/atualidades\/andressa-suita-comenta-ao-ver-ana-castela-cantando-musica-de-leonardo.phtml\" rel=\"nofollow noopener\" target=\"_blank\">Veja o que Andressa Suita falou para a cantora!<\/a><\/p>\n<p>\u00a0<\/p>\n<p>        <a href=\"https:\/\/caras.com.br\/autor\/nataly-paschoal\" rel=\"nofollow noopener\" target=\"_blank\">&#13;<br \/>\n          <img loading=\"lazy\" decoding=\"async\" alt=\"Nataly Paschoal\" src=\"https:\/\/www.europesays.com\/pt\/wp-content\/uploads\/2025\/09\/nataly-paschoal_sqmd.jpg\" class=\"avatar avatar-115 photo rounded-circle\" height=\"115\" width=\"115\"\/>        <\/a><\/p>\n<p><b>Nataly Paschoal <\/b>\u00e9 rep\u00f3rter de conte\u00fado do site CARAS. Formada em jornalismo pela Faculdade C\u00e1sper L\u00edbero, ela j\u00e1 passou por sites como Todateen, Sportlife e espnW. Escreve sobre celebridades, TV, reality show e novelas.<\/p>\n<p>\t                                            <script async src=\"\/\/www.instagram.com\/embed.js\"><\/script><\/p>\n","protected":false},"excerpt":{"rendered":"Parece que Virginia Fonseca e Andressa Suita\u00a0t\u00eam gostos parecidos. Prova disso foram os looks iguais, mas de cores&hellip;\n","protected":false},"author":2,"featured_media":144436,"comment_status":"","ping_status":"","sticky":false,"template":"","format":"standard","meta":{"footnotes":""},"categories":[145],"tags":[6832,211,210,114,115,32,33,973,31766,1446],"class_list":{"0":"post-144435","1":"post","2":"type-post","3":"status-publish","4":"format-standard","5":"has-post-thumbnail","7":"category-celebridades","8":"tag-andressa-suita","9":"tag-celebridades","10":"tag-celebrities","11":"tag-entertainment","12":"tag-entretenimento","13":"tag-portugal","14":"tag-pt","15":"tag-virginia","16":"tag-virginia-e-andressa-suita","17":"tag-virginia-fonseca"},"share_on_mastodon":{"url":"https:\/\/pubeurope.com\/@pt\/115515225906717728","error":""},"_links":{"self":[{"href":"https:\/\/www.europesays.com\/pt\/wp-json\/wp\/v2\/posts\/144435","targetHints":{"allow":["GET"]}}],"collection":[{"href":"https:\/\/www.europesays.com\/pt\/wp-json\/wp\/v2\/posts"}],"about":[{"href":"https:\/\/www.europesays.com\/pt\/wp-json\/wp\/v2\/types\/post"}],"author":[{"embeddable":true,"href":"https:\/\/www.europesays.com\/pt\/wp-json\/wp\/v2\/users\/2"}],"replies":[{"embeddable":true,"href":"https:\/\/www.europesays.com\/pt\/wp-json\/wp\/v2\/comments?post=144435"}],"version-history":[{"count":0,"href":"https:\/\/www.europesays.com\/pt\/wp-json\/wp\/v2\/posts\/144435\/revisions"}],"wp:featuredmedia":[{"embeddable":true,"href":"https:\/\/www.europesays.com\/pt\/wp-json\/wp\/v2\/media\/144436"}],"wp:attachment":[{"href":"https:\/\/www.europesays.com\/pt\/wp-json\/wp\/v2\/media?parent=144435"}],"wp:term":[{"taxonomy":"category","embeddable":true,"href":"https:\/\/www.europesays.com\/pt\/wp-json\/wp\/v2\/categories?post=144435"},{"taxonomy":"post_tag","embeddable":true,"href":"https:\/\/www.europesays.com\/pt\/wp-json\/wp\/v2\/tags?post=144435"}],"curies":[{"name":"wp","href":"https:\/\/api.w.org\/{rel}","templated":true}]}}