{"id":144462,"date":"2025-11-08T17:57:16","date_gmt":"2025-11-08T17:57:16","guid":{"rendered":"https:\/\/www.europesays.com\/pt\/144462\/"},"modified":"2025-11-08T17:57:16","modified_gmt":"2025-11-08T17:57:16","slug":"e-alguem-que-consegue-transmitir-te-energia-e-paixao-para-fazer-parte-da-sua-equipa-e-dar-tudo-por-ele","status":"publish","type":"post","link":"https:\/\/www.europesays.com\/pt\/144462\/","title":{"rendered":"\u00ab\u00c9 algu\u00e9m que consegue transmitir-te energia e paix\u00e3o para fazer parte da sua equipa e dar tudo por ele\u00bb"},"content":{"rendered":"<p>&#8211; Advertisement &#8211;<\/p>\n<p><strong>Matheus Cunha destacou as qualidades de Ruben Amorim enquanto t\u00e9cnico do Manchester United. <\/strong><\/p>\n<p>Matheus Cunha aproveitou o bom momento que o Manchester United atravessa esta temporada para, mais uma vez, tecer elogios a R\u00faben Amorim pelo trabalho desenvolvido no clube. Em declara\u00e7\u00f5es ao The Sun, o <a href=\"https:\/\/bolanarede.pt\/etiqueta\/matheus-cunha\/\" target=\"_blank\" rel=\"noreferrer noopener nofollow\">internacional brasileiro <\/a>destacou as qualidades do treinador portugu\u00eas:<\/p>\n<p>\u00ab\u00c9 algu\u00e9m que nos impulsiona. Isto \u00e9 o mais importante para ser treinador num ambiente t\u00e3o grande como este. Os resultados come\u00e7am agora a aparecer muito mais. Mas, a n\u00edvel pessoal, \u00e9 algu\u00e9m que consegue transmitir-te energia e paix\u00e3o para fazer parte da sua equipa, dar tudo por ele, pelo clube e mostrar o que podes fazer para evoluir\u00bb, come\u00e7ou por dizer.<\/p>\n<p>\u00ab\u00c9 algu\u00e9m muito apaixonado pelo seu trabalho. Sinto que ele se sente privilegiado por ser o treinador de um dos maiores clubes do mundo e isso transparece. Ele mostra-nos a responsabilidade que \u00e9 vestir esta camisola e representar o que significa fazer parte do Manchester United\u00bb.<\/p>\n<p>O Manchester United desloca-se ao terreno do Tottenham este s\u00e1bado, em jogo da 11.\u00aa jornada da Premier League.<\/p>\n<p><img fetchpriority=\"high\" decoding=\"async\" width=\"1024\" height=\"670\" src=\"data:image\/svg+xml,%3Csvg%20xmlns=\" http:=\"\" alt=\"Matheus Cunha\" class=\"wp-image-447891 ewww_webp_lazy_load\" data-lazy- data-lazy- data-lazy-src=\"https:\/\/www.europesays.com\/pt\/wp-content\/uploads\/2025\/11\/Matheus-Cunha-1024x670.jpg\" data-lazy-src-webp=\"https:\/\/www.europesays.com\/pt\/wp-content\/uploads\/2025\/11\/Matheus-Cunha-1024x670.jpg.webp\" data-lazy-srcset-webp=\"https:\/\/www.europesays.com\/pt\/wp-content\/uploads\/2025\/11\/Matheus-Cunha-1024x670.jpg.webp 1024w, https:\/\/binny-bolanarede.b-cdn.net\/wp-content\/uploads\/2025\/10\/Matheus-Cunha-300x196.jpg.webp 300w, https:\/\/binny-bolanarede.b-cdn.net\/wp-content\/uploads\/2025\/10\/Matheus-Cunha-768x503.jpg.webp 768w, https:\/\/binny-bolanarede.b-cdn.net\/wp-content\/uploads\/2025\/10\/Matheus-Cunha-1536x1006.jpg.webp 1536w, https:\/\/binny-bolanarede.b-cdn.net\/wp-content\/uploads\/2025\/10\/Matheus-Cunha-150x98.jpg.webp 150w, https:\/\/binny-bolanarede.b-cdn.net\/wp-content\/uploads\/2025\/10\/Matheus-Cunha-696x456.jpg.webp 696w, https:\/\/binny-bolanarede.b-cdn.net\/wp-content\/uploads\/2025\/10\/Matheus-Cunha-1068x699.jpg.webp 1068w, https:\/\/binny-bolanarede.b-cdn.net\/wp-content\/uploads\/2025\/10\/Matheus-Cunha.jpg.webp 1920w\"\/>Fonte: Manchester United<\/p>\n","protected":false},"excerpt":{"rendered":"&#8211; Advertisement &#8211; Matheus Cunha destacou as qualidades de Ruben Amorim enquanto t\u00e9cnico do Manchester United. Matheus Cunha&hellip;\n","protected":false},"author":2,"featured_media":144463,"comment_status":"","ping_status":"","sticky":false,"template":"","format":"standard","meta":{"footnotes":""},"categories":[87],"tags":[260,135,663,31774,32,666,33,1052,134],"class_list":{"0":"post-144462","1":"post","2":"type-post","3":"status-publish","4":"format-standard","5":"has-post-thumbnail","7":"category-desporto","8":"tag-atualidade","9":"tag-desporto","10":"tag-manchester-united","11":"tag-matheus-cunha","12":"tag-portugal","13":"tag-premier-league","14":"tag-pt","15":"tag-ruben-amorim","16":"tag-sports"},"share_on_mastodon":{"url":"https:\/\/pubeurope.com\/@pt\/115515375257735111","error":""},"_links":{"self":[{"href":"https:\/\/www.europesays.com\/pt\/wp-json\/wp\/v2\/posts\/144462","targetHints":{"allow":["GET"]}}],"collection":[{"href":"https:\/\/www.europesays.com\/pt\/wp-json\/wp\/v2\/posts"}],"about":[{"href":"https:\/\/www.europesays.com\/pt\/wp-json\/wp\/v2\/types\/post"}],"author":[{"embeddable":true,"href":"https:\/\/www.europesays.com\/pt\/wp-json\/wp\/v2\/users\/2"}],"replies":[{"embeddable":true,"href":"https:\/\/www.europesays.com\/pt\/wp-json\/wp\/v2\/comments?post=144462"}],"version-history":[{"count":0,"href":"https:\/\/www.europesays.com\/pt\/wp-json\/wp\/v2\/posts\/144462\/revisions"}],"wp:featuredmedia":[{"embeddable":true,"href":"https:\/\/www.europesays.com\/pt\/wp-json\/wp\/v2\/media\/144463"}],"wp:attachment":[{"href":"https:\/\/www.europesays.com\/pt\/wp-json\/wp\/v2\/media?parent=144462"}],"wp:term":[{"taxonomy":"category","embeddable":true,"href":"https:\/\/www.europesays.com\/pt\/wp-json\/wp\/v2\/categories?post=144462"},{"taxonomy":"post_tag","embeddable":true,"href":"https:\/\/www.europesays.com\/pt\/wp-json\/wp\/v2\/tags?post=144462"}],"curies":[{"name":"wp","href":"https:\/\/api.w.org\/{rel}","templated":true}]}}